{"id":103856,"date":"2025-03-19T07:50:40","date_gmt":"2025-03-19T13:50:40","guid":{"rendered":"https:\/\/amanecerhuasteco.com\/portal\/?p=103856"},"modified":"2025-03-19T07:50:42","modified_gmt":"2025-03-19T13:50:42","slug":"artesanias-de-centros-de-reinsercion-destacan-por-creatividad-talento-y-corazon","status":"publish","type":"post","link":"https:\/\/amanecerhuasteco.com\/portal\/artesanias-de-centros-de-reinsercion-destacan-por-creatividad-talento-y-corazon\/","title":{"rendered":"Artesanias de centros de reinserci\u00f3n destacan por  creatividad, talento y coraz\u00f3n"},"content":{"rendered":"\n<p><\/p>\n\n\n\n<ul class=\"wp-block-list\">\n<li>La Secretar\u00eda de Seguridad y Protecci\u00f3n Ciudadana del Estado reconoce y brinda m\u00e1s apoyo al trabajo art\u00edstico<\/li>\n<\/ul>\n\n\n\n<p>En el marco del D\u00eda Internacional de la Artesana y Artesano, la Secretar\u00eda de Seguridad y Protecci\u00f3n Ciudadana del Estado (SSPCE) reconoce y reafirma su compromiso con el apoyo al trabajo art\u00edstico de las personas privadas de la libertad en los cinco centros de reinserci\u00f3n social, donde actualmente cerca de 800 personas, hacen art\u00edculos en madera, muebles, escobas con PET y costura.<br>Como parte de la constante transformaci\u00f3n del sistema penitenciario en el Estado, que instruy\u00f3 el Gobernador Ricardo Gallardo Cardona, la SSPCE, a trav\u00e9s de la Direcci\u00f3n General de Prevenci\u00f3n y Reinserci\u00f3n Social, promueve las artesan\u00edas por las personas privadas de la libertad y record\u00f3 que, desde hace 118 a\u00f1os, realizan este tipo de actividades en los centros de reclusi\u00f3n, como una oportunidad m\u00e1s para la rehabilitaci\u00f3n y el autoempleo.<br>Don Mario, que, con manos h\u00e1biles, paciencia y creatividad, elabora obras de repujado en aluminio y cuenta con un equipo de personas que le ayudan a dar vida a las piezas de arte, dijo que: \u201ces un apoyo muy grande, estamos comenzando la reinserci\u00f3n social y nos preparamos bien para estar mejor afuera; es cuesti\u00f3n de trabajo e integrarnos a la sociedad, aprendemos un oficio\u201d, tras destacar que con lo recaudado apoya a su familia.<br>Por su parte, do\u00f1a Ana, en su taller termoformado de foamy, donde calienta moldes para hacer las artesan\u00edas y armar elaboradas flores y p\u00e9talos coment\u00f3 que es importante generar conciencia de que, desde los centros de reinserci\u00f3n, hay este tipo de trabajo, por lo que las personas privadas de la libertad, tienen esta oportunidad de poder regenerar su vida, aplicar emoci\u00f3n a su trabajo y esfuerzo, el visualizar su vida despu\u00e9s de salir.<br>Las actividades programadas comprenden la promoci\u00f3n de las artesan\u00edas a trav\u00e9s de la tienda f\u00edsica, en la calle de Justo Sierra n\u00famero 150, en Tequisquiapan; el programa \u201cIntegrarte\u201d, que busca puntos de venta; la venta y exposici\u00f3n de las artesan\u00edas al interior y exterior de los centros de reinserci\u00f3n social, adem\u00e1s de pl\u00e1ticas conmemorativas a la importancia de las artesan\u00edas y cursos de elaboraci\u00f3n de artesan\u00edas para personas privadas de la libertad que contribuyan a la econom\u00eda familiar adem\u00e1s de la reinserci\u00f3n social.<\/p>\n","protected":false},"excerpt":{"rendered":"<p>En el marco del D\u00eda Internacional de la Artesana y Artesano, la Secretar\u00eda de Seguridad y Protecci\u00f3n Ciudadana del Estado (SSPCE) reconoce y reafirma su compromiso con el apoyo al trabajo art\u00edstico de las personas privadas de la libertad en los cinco centros de reinserci\u00f3n &hellip; <\/p>\n","protected":false},"author":1,"featured_media":103857,"comment_status":"open","ping_status":"open","sticky":false,"template":"","format":"standard","meta":{"footnotes":""},"categories":[13,25,82,14,87,86,67,7,78,62,56,55,16,4,44,60,71,30,70,31,80,24,59,42,21,88,53,69,85,57,43,32],"tags":[],"class_list":["post-103856","post","type-post","status-publish","format-standard","has-post-thumbnail","hentry","category-agropecuaria","category-aquismon","category-axtla","category-caneros","category-cardenas","category-cedral","category-charcas","category-ciudad","category-ciudad-del-maiz","category-ciudad-fernandez","category-el-naranjo","category-guadalcazar","category-ingenios","category-inicio","category-matehuala","category-rayon","category-real-de-catorce","category-rioverde","category-san-ciro","category-sanluispotosi","category-san-martin","category-san-vicente","category-santa-catarina","category-soledad","category-tamasopo","category-tamazunchale-2","category-tamazunchale","category-tampacan","category-tampamolon","category-tanlajas","category-villa-de-reyes","category-xilitla"],"_links":{"self":[{"href":"https:\/\/amanecerhuasteco.com\/portal\/wp-json\/wp\/v2\/posts\/103856","targetHints":{"allow":["GET"]}}],"collection":[{"href":"https:\/\/amanecerhuasteco.com\/portal\/wp-json\/wp\/v2\/posts"}],"about":[{"href":"https:\/\/amanecerhuasteco.com\/portal\/wp-json\/wp\/v2\/types\/post"}],"author":[{"embeddable":true,"href":"https:\/\/amanecerhuasteco.com\/portal\/wp-json\/wp\/v2\/users\/1"}],"replies":[{"embeddable":true,"href":"https:\/\/amanecerhuasteco.com\/portal\/wp-json\/wp\/v2\/comments?post=103856"}],"version-history":[{"count":1,"href":"https:\/\/amanecerhuasteco.com\/portal\/wp-json\/wp\/v2\/posts\/103856\/revisions"}],"predecessor-version":[{"id":103858,"href":"https:\/\/amanecerhuasteco.com\/portal\/wp-json\/wp\/v2\/posts\/103856\/revisions\/103858"}],"wp:featuredmedia":[{"embeddable":true,"href":"https:\/\/amanecerhuasteco.com\/portal\/wp-json\/wp\/v2\/media\/103857"}],"wp:attachment":[{"href":"https:\/\/amanecerhuasteco.com\/portal\/wp-json\/wp\/v2\/media?parent=103856"}],"wp:term":[{"taxonomy":"category","embeddable":true,"href":"https:\/\/amanecerhuasteco.com\/portal\/wp-json\/wp\/v2\/categories?post=103856"},{"taxonomy":"post_tag","embeddable":true,"href":"https:\/\/amanecerhuasteco.com\/portal\/wp-json\/wp\/v2\/tags?post=103856"}],"curies":[{"name":"wp","href":"https:\/\/api.w.org\/{rel}","templated":true}]}}