{"id":103948,"date":"2025-03-23T16:58:35","date_gmt":"2025-03-23T22:58:35","guid":{"rendered":"https:\/\/amanecerhuasteco.com\/portal\/?p=103948"},"modified":"2025-03-23T16:58:37","modified_gmt":"2025-03-23T22:58:37","slug":"entre-columnas-654","status":"publish","type":"post","link":"https:\/\/amanecerhuasteco.com\/portal\/entre-columnas-654\/","title":{"rendered":"ENTRE COLUMNAS"},"content":{"rendered":"\n<p>CA\u00d1EROS&nbsp; CNPR&nbsp;&nbsp; ACUSAN A SU LIDER&nbsp; NACIONAL POR&nbsp; DEVALUACCION DEL AZUCAR.<\/p>\n\n\n\n<p>AS\u00cd NO!&nbsp; Productores de&nbsp; ca\u00f1a afiliados&nbsp; a la CNPR lamentan la conducta de&nbsp; su dirigente nacional&nbsp;&nbsp; que hace favorable&nbsp; a los industriales&nbsp; en el precio del endulzante, afectando a los&nbsp; ca\u00f1eros&nbsp; del pa\u00eds.<\/p>\n\n\n\n<p>Expresiones que ya no son secreto, generadas po el bloqueo de&nbsp; bodegas&nbsp;&nbsp; de los&nbsp; ingenios&nbsp; azucareros&nbsp; de&nbsp; la&nbsp; Huasteca norte en protesta por la \u201cca\u00edda&nbsp; del precio&nbsp; del az\u00facar\u201d integrantes de la CNPR se\u00f1alan p\u00fablicamente que uno de los causantes de la depreciaci\u00f3n&nbsp; del az\u00facar &nbsp;es su mismo l\u00edder nacional, Carlos Blackaller,&nbsp; a trav\u00e9s de la empresa Sucroliq, de la que es socio, ha importado az\u00facar m\u00e1s barata&nbsp; a&nbsp; M\u00e9xico.<\/p>\n\n\n\n<p>Sin proporcionar&nbsp; nombres&nbsp; de&nbsp; los&nbsp; quejosos,&nbsp; manifiestan que el precio del az\u00facar en el&nbsp; mercado interno &nbsp;ha ca\u00eddo por maniobras como las del l\u00edder vitalicio de esta agrupaci\u00f3n a nivel nacional.<\/p>\n\n\n\n<p>&nbsp;El bloqueo a&nbsp; los ingenios de esta regi\u00f3n ha llegado al cuarto d\u00eda, se mantendr\u00e1 hasta en tanto no haya una&nbsp; soluci\u00f3n a sus problemas&nbsp; expresados.<\/p>\n\n\n\n<p>SIN NINGUN BENEFICIO A LA COMUNIDAD, MUNICIPIO GASTAR\u00c1 25 MDP .<\/p>\n\n\n\n<p>&#8211;&nbsp; En conferencia de prensa el Gobdernador&nbsp; hizo anuncio oficial del cartel art\u00edstico.&nbsp; Y el alcalde ap\u00e1?<\/p>\n\n\n\n<p>Confirmado que las decisiones relativas&nbsp; a la contrataci\u00f3n del cart\u00e9l art\u00edstico&nbsp; de la Feria 2025&nbsp; de Valles, se toman desde&nbsp; la&nbsp; capital del estado, precisamente el Gobernador&nbsp; presidi\u00f3 una conferencia de prensa en esta ciudad&nbsp; para&nbsp; anunciar oficialmente&nbsp; el evento y su cartelera, costar\u00e1&nbsp;&nbsp; 25 millones de pesos, aunque una parte se recuperar\u00e1 &nbsp;con los ingresos&nbsp; de alquiler de locales un estimado de 14 millones, aproximadamente.<\/p>\n\n\n\n<p>Declar\u00f3 por su parte la &nbsp;tesorera del Ayuntamiento, Anel Coronado Aguilar quien a\u00f1adi\u00f3 que el evento no es&nbsp; con fines de lucro (circo maroma y teatro) es una fiesta popular a la que se destinar\u00e1 la cantidad de 25 millones.<\/p>\n\n\n\n<p>&nbsp;Lo que representa un &nbsp;1.2 por ciento del presupuesto anual de Valles para la Fenahuap. Mientras&nbsp; la poblaci\u00f3n reclama&nbsp; seguridad de abasto de agua, seguridad social, calles&nbsp; de acceso principal a colonias&nbsp; pavimentadas.<\/p>\n\n\n\n<p>&nbsp; El remedo de feria&nbsp; anual&nbsp; es&nbsp; un evento para fomentar el vicio de&nbsp; consumo de cerveza&nbsp; y bebidas&nbsp; espirituosas. Es&nbsp; una CANTINOTA.<\/p>\n\n\n\n<p>Que tiempos&nbsp; aquellos&nbsp; que&nbsp;&nbsp; era&nbsp; una verdadera&nbsp; exposici\u00f3n del potencial ganadero, industrial y comercial, de eso&nbsp; nada&nbsp; queda.<\/p>\n\n\n\n<p>+++++++++++<\/p>\n\n\n\n<p>P r e&nbsp; s t a m o s<\/p>\n\n\n\n<p>de&nbsp; dinero inmediatos a pensionados<\/p>\n\n\n\n<h2 class=\"wp-block-heading\">CFE, ISSSTE.FFCC, SCT, PEMEX,<\/h2>\n\n\n\n<h2 class=\"wp-block-heading\">ACTIVOS Y JUBILADOS&nbsp; IMSS<\/h2>\n\n\n\n<h1 class=\"wp-block-heading\">SIN AFECTAR TARJETON.<\/h1>\n\n\n\n<h2 class=\"wp-block-heading\">Ll\u00e1menos las 24 hrs del d\u00eda<\/h2>\n\n\n\n<h1 class=\"wp-block-heading\">LLAMENOS 4811039565<\/h1>\n\n\n\n<h1 class=\"wp-block-heading\">CREDITO INMEDIATO<\/h1>\n\n\n\n<p>}++++++++++++<\/p>\n\n\n\n<p>TAMBIEN CIUDAD VALLES ES&nbsp; SAN LUIS POTOSI.<\/p>\n\n\n\n<p>+.-&nbsp; Nada mas&nbsp; en elecciones&nbsp; los Huastequitos somos&nbsp; Potosinos?<\/p>\n\n\n\n<p>Informaci\u00f3n generada en la capital del estado en medios oficiales dan cuenta&nbsp; del trabajo que&nbsp; realiza en bien de la comunidad&nbsp; capitalina&nbsp; la Senadora Ruth Gonz\u00e1lez &nbsp;al dar apoyo con cuadrillas de bacheo de&nbsp; calles en colonias de la capital tunera.<\/p>\n\n\n\n<p>Publicamos&nbsp; en Amanecer Huasteco que ante las peticiones de la ciudadan\u00eda, la Senadora ha atendido colonias marginadas por el Ayuntamiento de SLP.<\/p>\n\n\n\n<p>En atenci\u00f3n a las solicitudes ciudadanas, la Senadora por San Luis Potos\u00ed brinda apoyo total en unidades habitacionales marginadas por el Ayuntamiento capitalino, implementando una cuadrilla de bacheo que ofrece atenci\u00f3n permanente en colonias populares de la ciudad.<\/p>\n\n\n\n<p>Durante&nbsp; visitas &nbsp;que la Senadora realiza por colonias de la capital, la ciudadan\u00eda le solicita su gesti\u00f3n y atenci\u00f3n para atender responsabilidades municipales que el Ayuntamiento ha desatendido, adem\u00e1s realizan rehabilitaci\u00f3n de \u00e1reas verdes, &nbsp;colocaci\u00f3n de se\u00f1al\u00e9tica (se\u00f1alizaci\u00f3n) vial y boyas reductoras de velocidad para autom\u00f3viles, reforestaci\u00f3n de parques y jardines, pintura en \u00e1reas comunes y otras acciones que responden a las peticiones transformando el entorno en beneficio de sus habitantes.<\/p>\n\n\n\n<p>Gonz\u00e1lez Silva&nbsp; declara&nbsp; que \u201cYo no soy una Senadora de escritorio; adem\u00e1s de mis responsabilidades legislativas, la atenci\u00f3n y soluci\u00f3n a las necesidades de la ciudadan\u00eda es mi principal trabajo, por lo que continuar\u00e9 con los recorridos y visitas a colonias de la capital y comunidades de todos los municipios del estado\u201d.<\/p>\n\n\n\n<p>+++++++++++++.<\/p>\n\n\n\n<h1 class=\"wp-block-heading\">CARROCERIAS&nbsp; BUSTOS<\/h1>\n\n\n\n<h2 class=\"wp-block-heading\">Reforma y Lerdo de tejada Col. Altavista.<\/h2>\n\n\n\n<h2 class=\"wp-block-heading\">Cd Valles SLP&nbsp; Tel. 3824777.<\/h2>\n\n\n\n<p>En carrocer\u00edas para camiones y camionetas nadie nos compite.<\/p>\n\n\n\n<p>+++++++<\/p>\n\n\n\n<p>Y PORQU\u00c9&nbsp; LO&nbsp; ASESIN\u00d3?<\/p>\n\n\n\n<p>Aun se&nbsp; recuerda&nbsp; aquel peliculezco&nbsp; crimen ocurrido en la capital del estado y captura en cuesti\u00f3n de horas&nbsp; del autor intelectual y material de un empresario Huasteco&nbsp; radicado en la capital Tunera.<\/p>\n\n\n\n<p>Este jueves&nbsp; pasado&nbsp; en las cr\u00f3nicas&nbsp; judiciales&nbsp; se inform\u00f3&nbsp; sobre el caso&nbsp; al sentenciar al qu\u00e7pmico y empresario vallense Raul N., por su participaci\u00f3n en el homicidio de Julio Cesar Galindo.<\/p>\n\n\n\n<p>El juez de la causa dict\u00f3&nbsp; sentencia de&nbsp; 8 a\u00f1os de prisi\u00f3n, adem\u00e1s de pagar una multa de $71,696.00, indemnizaci\u00f3n por muerte de $268,860.00, y $5,377.20 por concepto de gastos funerarios.<\/p>\n\n\n\n<p>+++++++++++++<\/p>\n\n\n\n<p>QFB&nbsp; FABIOLA GARCIA ALVAREZ<\/p>\n\n\n\n<h2 class=\"wp-block-heading\">Perito dictaminador en an\u00e1lisis bacteriol\u00f3gico de agua<\/h2>\n\n\n\n<h2 class=\"wp-block-heading\">Y alimentos con n\u00famero GES-PD 0705<\/h2>\n\n\n\n<h2 class=\"wp-block-heading\">Perito dictaminador en&nbsp; estupefacientes GES-PD0523<\/h2>\n\n\n\n<h2 class=\"wp-block-heading\">Maestr\u00eda&nbsp; en an\u00e1lisis cl\u00ednicos 1301 \u2013 368068<\/h2>\n\n\n\n<p>Ced&nbsp; prof&nbsp; 8664204&nbsp;&nbsp; Tel. 38 1 66 64Asesor\u00eda,&nbsp; auditor\u00eda&nbsp; y gesti\u00f3n ambiental. G. Victoria No. 8&nbsp; zona centro Cd Valles<\/p>\n\n\n\n<p>++++++++++++<\/p>\n\n\n\n<p>CONAGUA PRONOSTICA POCAS&nbsp; LLUVIAS&nbsp; EN MARZO Y ABRIL.<\/p>\n\n\n\n<p>Las&nbsp; autoridades&nbsp; de CONAGUA adoptaron medidas&nbsp;&nbsp; para&nbsp; evitar que de &nbsp;los&nbsp; r\u00edos de &nbsp;la zona Huasteca norte, los&nbsp; ca\u00f1eros&nbsp; no extraigan&nbsp; agua&nbsp; para riego de sus plantaciones, esta medida&nbsp; es&nbsp; para proteger la&nbsp; \u00e9poca&nbsp; tur\u00edstica del 6 al 27 de abril, suspensi\u00f3n&nbsp; total de&nbsp; tal actividad de irrigaci\u00f3n agr\u00edcola en cultivos de ca\u00f1a de az\u00facar<\/p>\n\n\n\n<p>&nbsp;La medida&nbsp;&nbsp; fue anunciada&nbsp; para su observancia por autoridades&nbsp; del Comit\u00e9 de Cuenca del R\u00edo Gallinas as\u00ed como representantes de dependencias federales como la Procuradur\u00eda Federal de Protecci\u00f3n al Ambiente (Profepa), representantes de productores de ca\u00f1a abastecedores del Ingenio Alianza Popular, prestadores de servicios tur\u00edsticos, comisariados ejidales del municipio de Tamasopo, y representantes de la Comisi\u00f3n Nacional del Agua. Esta&nbsp; medida&nbsp; tambi\u00e9n&nbsp; es &nbsp;para&nbsp; los usuarios de la cuenca&nbsp; del R\u00edo Valles.<\/p>\n\n\n\n<p>Dar\u00edo Fernando Gonz\u00e1lez Castillo. Director Local de la Comisi\u00f3n Nacional del Agua, presidi\u00f3 la reuni\u00f3n de la Cuenca del R\u00edo Gallinas, y manifest\u00f3 que el objetivo es establecer acciones preventivas que contribuyan a mitigar los efectos del estiaje, hacer un uso eficiente del recurso en la dicha Cuenca.<\/p>\n\n\n\n<p>Usuarios y prestadores de servicios, expresaron la importancia de tomar las medidas necesarias para prevenir afectaciones en los niveles de los afluentes durante los pr\u00f3ximos meses y principalmente durante el periodo de Semana Santa y Semana de Pascua.<\/p>\n\n\n\n<p>De acuerdo a los pron\u00f3sticos emitidos por el Servicio Meteorol\u00f3gico Nacional (SMN), se indica que para el mes de marzo de 2025 se espera que llueva en esta cuenca un 40 por ciento menos que la media hist\u00f3rica anual y para el mes de abril un 30 por ciento menos que su media hist\u00f3rica.<\/p>\n\n\n\n<p>+++++++++++++++++<\/p>\n\n\n\n<p>PRIMERO LA FERIA&nbsp; (25 MDP) Y DESPUES EL ABASTO SEGURO DE AGUA A LA POBLACION.<\/p>\n\n\n\n<p>+.- Trascendio en palacio chico&nbsp; que funcionarios de la CNE trataron el tema de los pozos&nbsp; profundos&nbsp; la pasada&nbsp; semana. Y no hubo bolet\u00edn&nbsp; del Preciso Ap\u00e1.<\/p>\n\n\n\n<p>El nivel de la corriente de agua del r\u00edo Valles baja&nbsp; peligrosamente pre\u00e1mbulo de un riesgo semejante a&nbsp; a\u00f1os recientes, las autoridades&nbsp; municipales no han adoptado ninguna medida&nbsp; emergente, mucho menos el sue\u00f1o de perforar pozos profundos en tanto se&nbsp; encuentra una soluci\u00f3n de&nbsp; mayor&nbsp; envergadura&nbsp; y garantizar el abasto a futuro, el gobierno&nbsp; aduce&nbsp;&nbsp; carecer de&nbsp; presupuesto (cuando lo tuvo lo enterr\u00f3 en drenajes p\u00fablicos) pero no escatima gastar en contratar artistas para&nbsp; la feria anual, soslayando otros&nbsp; problemas&nbsp; como es el abasto de agua a la poblacion Vallense.<\/p>\n\n\n\n<p>&nbsp;En nuestros&nbsp; archivos&nbsp; tenemos estad\u00edsticas &nbsp;sobre el comportamiento&nbsp; del r\u00edo Vallles&nbsp; \u00fanica&nbsp; fuente de&nbsp; abastecimiento de agua para la poblaci\u00f3n, no son del todo halag\u00fce\u00f1as, el r\u00edo Valles registr\u00f3 &nbsp;descensos de nivel preocupantes&nbsp; baj\u00f3 8 cent\u00edmetros el espejo de&nbsp; agua en la estaci\u00f3n de Santa Rosa, el 18 de enero del presente a\u00f1o , el nivel del r\u00edo fue de 86 cent\u00edmetros, y 4&nbsp; d\u00edas&nbsp; despu\u00e9s&nbsp; el 22 de enero, el nivel era de 78 o sean&nbsp; 8&nbsp; cm.&nbsp; redujo su corriente seg\u00fan los&nbsp; reportes&nbsp; de&nbsp; medici\u00f3n hechas por la Comisi\u00f3n Nacional del Agua. Existe&nbsp; otro dato; d\u00edas&nbsp; despu\u00e9s de este&nbsp; dato arranc\u00f3 la molienda&nbsp; de ca\u00f1a del IPA y&nbsp; no llueve lo suficiente&nbsp; para &nbsp;aumentar el caudal.<\/p>\n\n\n\n<p>El gobierno municipal&nbsp; guarda la informaci\u00f3n de&nbsp; alg\u00fan proyecto o&nbsp; no tiene nada en concreto, hay que&nbsp; recordar la CRISIS DEL RIO VALLES vividos los d\u00edas 15 y 16 de agosto de 2023 y el 8 de abril del 2024, cuando dej\u00f3 de correr el afluente, suceso nunca&nbsp; visto por las&nbsp; generaciones&nbsp; de&nbsp;&nbsp; 1970 a la fecha.<\/p>\n\n\n\n<p>Desde 1957&nbsp; que&nbsp; este&nbsp; reportero&nbsp; recuerda&nbsp; que despu\u00e9s del Cicl\u00f3n Hilda&nbsp; 27 de septiembre de&nbsp; 1955 solo inundaciones que&nbsp; desaparecieron la colonia Ju\u00e1rez&nbsp; bajo el agua&nbsp; y la ultima el 12&nbsp; de julio de&nbsp; 1976. Lluvias&nbsp; como las ocurridas antes de la&nbsp; devastaci\u00f3n de los&nbsp; bosques&nbsp; de este valle Huasteco no han vuelto.<\/p>\n\n\n\n<p>++++++++++++++++++++++++++++<\/p>\n\n\n\n<p>\u201cFINCA&nbsp; SAN ISIDRO\u201d<\/p>\n\n\n\n<h2 class=\"wp-block-heading\">Sal\u00f3n para fiestas de todo tipo.<\/h2>\n\n\n\n<h2 class=\"wp-block-heading\">Carretera Valles \u2013 R\u00edo Verde Km. 8<\/h2>\n\n\n\n<h2 class=\"wp-block-heading\">Contrataciones al Tel. 01 481<\/h2>\n\n\n\n<p>++++<\/p>\n\n\n\n<p>CONTRIBUYENTES DEL PREDIAL&nbsp; MOROSOS.<\/p>\n\n\n\n<p>No es&nbsp; novedoso&nbsp; que las&nbsp; arcas&nbsp; del municipio de Valles&nbsp; reporten baja&nbsp; recaudaci\u00f3n por&nbsp; concepto de&nbsp; contribuci\u00f3n predial&nbsp; anual,&nbsp; es una morosidad &nbsp;arraigada&nbsp; que ni con medidas de apremio las administraciones pasadas&nbsp; y actual han logrado superar.<\/p>\n\n\n\n<p>Precisamente&nbsp; en medios informativos&nbsp; de&nbsp; esta&nbsp; ciudad nos&nbsp; enteran que los&nbsp; contribuyentes&nbsp; deben de predial &nbsp;350 MDP que&nbsp; ahora&nbsp; podr\u00edan aplicarse una parte&nbsp; a la feria&nbsp; anual&nbsp; Fenahuap y no&nbsp; esperar&nbsp; que&nbsp; desde&nbsp; la&nbsp; capital del estado se imponga una cartelera a modo.<\/p>\n\n\n\n<p>Retomando el tema de la deuda de&nbsp; los&nbsp; contribuyentes por prediales, el alcalde&nbsp; dijo &nbsp;que por ley fiscal, no se puede hacer el acumulado, salvo de la deuda de los \u00faltimos cinco a\u00f1os de este impuesto, que es la base de las percepciones de los Ayuntamientos.<\/p>\n\n\n\n<p>&nbsp;En el caso especifico de Valles, el adeudo representa el equivalente al 70 por ciento del presupuesto de los Ramos 28 y 33 que&nbsp; aporta&nbsp; la federaci\u00f3n al municipio, que supera los 500 millones de pesos por&nbsp; ejercicio presupuestal anual.&nbsp; Hizo un vehemente llamado a los contribuyentes cubrir&nbsp; esta contribuci\u00f3n&nbsp; para \u201cpoder completar con este concepto &nbsp;para financiar<\/p>\n\n\n\n<p>obras y acciones en el municipio\u201d.<\/p>\n\n\n\n<p>Seguramente se refiera&nbsp; a las&nbsp; obras etiquetadas a trav\u00e9s de Codesol..<\/p>\n\n\n\n<p>+++++++++<\/p>\n\n\n\n<p>\u201cCAF\u00c9 Y RESTAURANT&nbsp; EL FAROLITO<\/p>\n\n\n\n<p>Lo mejor de la cocina Huasteca; el tradicional zacahuil y cazueladas .Atendemos toda clase de&nbsp; festejos. Pedidos al Tel&nbsp; 3821017 Ciudad Valles SL++++++++++++++++++<\/p>\n\n\n\n<p>+++++++++++++<\/p>\n\n\n\n<p>D E&nbsp; V O LA D A.-<\/p>\n\n\n\n<p>LOS&nbsp; VAPEADORES&nbsp; SON PEOR&nbsp; QUE \u2026\u2026..<\/p>\n\n\n\n<p>+.-&nbsp; Sabes&nbsp; que sustancias contiene un v\u00e1per?<\/p>\n\n\n\n<p>Masculino de 25 a\u00f1os de edad quien sustituy\u00f3 el cigarrillo por un vaper electr\u00f3nico hace 3 a\u00f1os ya que le dijeron que no causaba da\u00f1o para su organismo.<\/p>\n\n\n\n<p>Sabes que sustancias tiene un vaper? Nicotina, sustancias cancer\u00edgenas como pulegona, ars\u00e9nico, nitrosaminas entre otras. Ingreso al hospital por tos seca y dolor en el t\u00f3rax ,asociado a perdida de peso y anemia, despu\u00e9s de varios estudios se le orden\u00f3 un Tac de t\u00f3rax encontr\u00e1ndose signos de enfisema buloso y m\u00faltiples n\u00f3dulos pulmonares en relaci\u00f3n a met\u00e1stasis pulmonar y adem\u00e1s met\u00e1stasis a cerebro. Falleci\u00f3 el paciente por&nbsp; esa&nbsp; causa, sigues pensando que el vaper no causa da\u00f1o a tus pulmones ?.<\/p>\n\n\n\n<p>PULMONES DE UN FUMADOR destruidos por&nbsp; efectos de la&nbsp; droga.<\/p>\n\n\n\n<p>&#8212;<\/p>\n","protected":false},"excerpt":{"rendered":"<p>CA\u00d1EROS&nbsp; CNPR&nbsp;&nbsp; ACUSAN A SU LIDER&nbsp; NACIONAL POR&nbsp; DEVALUACCION DEL AZUCAR. AS\u00cd NO!&nbsp; Productores de&nbsp; ca\u00f1a afiliados&nbsp; a la CNPR lamentan la conducta de&nbsp; su dirigente nacional&nbsp;&nbsp; que hace favorable&nbsp; a los industriales&nbsp; en el precio del endulzante, afectando a los&nbsp; ca\u00f1eros&nbsp; del pa\u00eds. Expresiones &hellip; <\/p>\n","protected":false},"author":1,"featured_media":102915,"comment_status":"open","ping_status":"open","sticky":false,"template":"","format":"standard","meta":{"footnotes":""},"categories":[17],"tags":[],"class_list":["post-103948","post","type-post","status-publish","format-standard","has-post-thumbnail","hentry","category-colaboraciones"],"_links":{"self":[{"href":"https:\/\/amanecerhuasteco.com\/portal\/wp-json\/wp\/v2\/posts\/103948","targetHints":{"allow":["GET"]}}],"collection":[{"href":"https:\/\/amanecerhuasteco.com\/portal\/wp-json\/wp\/v2\/posts"}],"about":[{"href":"https:\/\/amanecerhuasteco.com\/portal\/wp-json\/wp\/v2\/types\/post"}],"author":[{"embeddable":true,"href":"https:\/\/amanecerhuasteco.com\/portal\/wp-json\/wp\/v2\/users\/1"}],"replies":[{"embeddable":true,"href":"https:\/\/amanecerhuasteco.com\/portal\/wp-json\/wp\/v2\/comments?post=103948"}],"version-history":[{"count":1,"href":"https:\/\/amanecerhuasteco.com\/portal\/wp-json\/wp\/v2\/posts\/103948\/revisions"}],"predecessor-version":[{"id":103949,"href":"https:\/\/amanecerhuasteco.com\/portal\/wp-json\/wp\/v2\/posts\/103948\/revisions\/103949"}],"wp:featuredmedia":[{"embeddable":true,"href":"https:\/\/amanecerhuasteco.com\/portal\/wp-json\/wp\/v2\/media\/102915"}],"wp:attachment":[{"href":"https:\/\/amanecerhuasteco.com\/portal\/wp-json\/wp\/v2\/media?parent=103948"}],"wp:term":[{"taxonomy":"category","embeddable":true,"href":"https:\/\/amanecerhuasteco.com\/portal\/wp-json\/wp\/v2\/categories?post=103948"},{"taxonomy":"post_tag","embeddable":true,"href":"https:\/\/amanecerhuasteco.com\/portal\/wp-json\/wp\/v2\/tags?post=103948"}],"curies":[{"name":"wp","href":"https:\/\/api.w.org\/{rel}","templated":true}]}}