{"id":104087,"date":"2025-03-29T09:29:02","date_gmt":"2025-03-29T15:29:02","guid":{"rendered":"https:\/\/amanecerhuasteco.com\/portal\/?p=104087"},"modified":"2025-03-29T09:29:04","modified_gmt":"2025-03-29T15:29:04","slug":"poder-ejecutivo-inicia-capacitacion-para-ampliar-apoyo-del-sifide","status":"publish","type":"post","link":"https:\/\/amanecerhuasteco.com\/portal\/poder-ejecutivo-inicia-capacitacion-para-ampliar-apoyo-del-sifide\/","title":{"rendered":"Poder ejecutivo inicia capacitaci\u00f3n para ampliar apoyo del SIFIDE"},"content":{"rendered":"\n<p><\/p>\n\n\n\n<ul class=\"wp-block-list\">\n<li>Para tener personal extensionista en los municipios de Villa de Arriaga, Villa de Reyes, Tamazunchale y Axtla de Terrazas<\/li>\n<\/ul>\n\n\n\n<p>Para acercar los programas y brindar m\u00e1s apoyo a las y los potosinos, el Sistema de Financiamiento para el Desarrollo del Estado (Sifide), llev\u00f3 a cabo la capacitaci\u00f3n dirigida al personal que fungir\u00e1 como extensionistas en los municipios de Villa de Arriaga, Villa de Reyes, Tamazunchale y Axtla de Terrazas, luego de la firma de convenios con los ayuntamientos.<br>En seguimiento a las instrucciones del Gobernador Ricardo Gallardo Cardona, de acercar a la poblaci\u00f3n cr\u00e9ditos para el autoempleo, durante la jornada de capacitaci\u00f3n, compartieron informaci\u00f3n sobre la misi\u00f3n institucional del Sifide y cada uno de los 19 programas disponibles para personas emprendedoras que buscan iniciar o fortalecer sus proyectos.<br>Las personas extensionistas actuar\u00e1n como enlaces directos entre las familias y el Sifide en sus municipios, con la principal funci\u00f3n de brindar orientaci\u00f3n, canalizar solicitudes y facilitar el acceso a los distintos esquemas de financiamiento y capacitaci\u00f3n, con lo que m\u00e1s personas podr\u00e1n encontrar acompa\u00f1amiento y herramientas concretas que impulsen su desarrollo econ\u00f3mico.<br>El titular del Sifide, Jovanny de Jes\u00fas Ram\u00f3n Cruz, destac\u00f3 la importancia de contar con presencia territorial para responder a las necesidades espec\u00edficas de cada comunidad y subray\u00f3 que este esfuerzo se alinea con la visi\u00f3n del Gobernador Ricardo Gallardo de seguir fortaleciendo la econom\u00eda local a trav\u00e9s del emprendimiento y la inclusi\u00f3n financiera<\/p>\n","protected":false},"excerpt":{"rendered":"<p>Para acercar los programas y brindar m\u00e1s apoyo a las y los potosinos, el Sistema de Financiamiento para el Desarrollo del Estado (Sifide), llev\u00f3 a cabo la capacitaci\u00f3n dirigida al personal que fungir\u00e1 como extensionistas en los municipios de Villa de Arriaga, Villa de Reyes, &hellip; <\/p>\n","protected":false},"author":1,"featured_media":104088,"comment_status":"open","ping_status":"open","sticky":false,"template":"","format":"standard","meta":{"footnotes":""},"categories":[13,25,82,14,87,86,67,7,78,62,63,22,77,56,11,55,81,4,73,44,26,74,10,12,60,71,30,70,31,80,24,59,42,21,88,53,69,85,20,58,57,68,83,64,43,32],"tags":[],"class_list":["post-104087","post","type-post","status-publish","format-standard","has-post-thumbnail","hentry","category-agropecuaria","category-aquismon","category-axtla","category-caneros","category-cardenas","category-cedral","category-charcas","category-ciudad","category-ciudad-del-maiz","category-ciudad-fernandez","category-coxcatlan","category-ebano","category-el-campo","category-el-naranjo","category-estado","category-guadalcazar","category-huehuetlan","category-inicio","category-lagunillas","category-matehuala","category-matlapa","category-mexquitic","category-municipios","category-nacional","category-rayon","category-real-de-catorce","category-rioverde","category-san-ciro","category-sanluispotosi","category-san-martin","category-san-vicente","category-santa-catarina","category-soledad","category-tamasopo","category-tamazunchale-2","category-tamazunchale","category-tampacan","category-tampamolon","category-tamuin","category-tancanhuitz","category-tanlajas","category-tanquian","category-villa-de-arriaga","category-villa-de-pozos","category-villa-de-reyes","category-xilitla"],"_links":{"self":[{"href":"https:\/\/amanecerhuasteco.com\/portal\/wp-json\/wp\/v2\/posts\/104087","targetHints":{"allow":["GET"]}}],"collection":[{"href":"https:\/\/amanecerhuasteco.com\/portal\/wp-json\/wp\/v2\/posts"}],"about":[{"href":"https:\/\/amanecerhuasteco.com\/portal\/wp-json\/wp\/v2\/types\/post"}],"author":[{"embeddable":true,"href":"https:\/\/amanecerhuasteco.com\/portal\/wp-json\/wp\/v2\/users\/1"}],"replies":[{"embeddable":true,"href":"https:\/\/amanecerhuasteco.com\/portal\/wp-json\/wp\/v2\/comments?post=104087"}],"version-history":[{"count":1,"href":"https:\/\/amanecerhuasteco.com\/portal\/wp-json\/wp\/v2\/posts\/104087\/revisions"}],"predecessor-version":[{"id":104089,"href":"https:\/\/amanecerhuasteco.com\/portal\/wp-json\/wp\/v2\/posts\/104087\/revisions\/104089"}],"wp:featuredmedia":[{"embeddable":true,"href":"https:\/\/amanecerhuasteco.com\/portal\/wp-json\/wp\/v2\/media\/104088"}],"wp:attachment":[{"href":"https:\/\/amanecerhuasteco.com\/portal\/wp-json\/wp\/v2\/media?parent=104087"}],"wp:term":[{"taxonomy":"category","embeddable":true,"href":"https:\/\/amanecerhuasteco.com\/portal\/wp-json\/wp\/v2\/categories?post=104087"},{"taxonomy":"post_tag","embeddable":true,"href":"https:\/\/amanecerhuasteco.com\/portal\/wp-json\/wp\/v2\/tags?post=104087"}],"curies":[{"name":"wp","href":"https:\/\/api.w.org\/{rel}","templated":true}]}}