{"id":104090,"date":"2025-03-30T18:08:30","date_gmt":"2025-03-31T00:08:30","guid":{"rendered":"https:\/\/amanecerhuasteco.com\/portal\/?p=104090"},"modified":"2025-03-30T18:16:44","modified_gmt":"2025-03-31T00:16:44","slug":"entre-columnas-655","status":"publish","type":"post","link":"https:\/\/amanecerhuasteco.com\/portal\/entre-columnas-655\/","title":{"rendered":"ENTRE COLUMNAS"},"content":{"rendered":"\n<p>VALERIA&nbsp; PAOLA&nbsp; SGM&nbsp; DE LA FERIA&nbsp; VALLES&nbsp; 2025.<\/p>\n\n\n\n<p>A 22&nbsp; d\u00edas&nbsp; del arranque&nbsp; de la&nbsp; feria&nbsp; de Valles un jurado&nbsp; nombrado por el gobierno municipal&nbsp; \u201celigi\u00f3\u201d a la Reina&nbsp; del evento&nbsp; anual.<\/p>\n\n\n\n<p>Que&nbsp; recuerdos&nbsp;&nbsp; de&nbsp; aquellos&nbsp; a\u00f1os&nbsp; cuando la&nbsp; verdadera&nbsp; elecci\u00f3n de la&nbsp; Soberana de la feria, iniciaba&nbsp; medio a\u00f1o antes de la fecha oficial del evento, con la participaci\u00f3n de entusiastas&nbsp; damitas&nbsp; que se&nbsp; ganaban el cari\u00f1o y&nbsp; reconocimiento del pueblo&nbsp; para&nbsp; ostentar la corona. El lugar de honor&nbsp; de&nbsp; la fiesta se ganaba con votos, la utilidad se&nbsp; destinaba a&nbsp; obras sociales.<\/p>\n\n\n\n<p>El jurado calificador, fue&nbsp; nombrado&nbsp; por el comit\u00e9 (\u00bf?) del&nbsp; evento, integrado por \u00cdbano Valadez, Mayra Melissa Morales Morales, Mar\u00eda Jos\u00e9 Guerrero, Daniel Bautista, Mayrem Rubio e Isis Alejandra Villal\u00f3n Castillo.<\/p>\n\n\n\n<p>&nbsp;Para ir&nbsp; acorde&nbsp; a la era&nbsp; digital la&nbsp; votaci\u00f3n (elecci\u00f3n) fue a trav\u00e9s&nbsp; de redes sociales&nbsp; durante 24 horas, de las 18:00 horas del martes 25 de marzo a las 18:00 horas del mi\u00e9rcoles 26 de marzo.<\/p>\n\n\n\n<p>+++++++++++++++++<\/p>\n\n\n\n<p>FALLECIO \u201cNINA\u201d&nbsp; FOGOSA LIDERESA SINDICAL ORIGINARIA DE VALLES.<\/p>\n\n\n\n<p>&nbsp;Bernardina Lara Arg\u00fcelles, l\u00edder del SUTSGE con sede en la&nbsp; capital del estado, informaron en medios capitalinos su lamentable<\/p>\n\n\n\n<p>fallecimiento por&nbsp; causas&nbsp; de &nbsp;problemas de salud que desde hace varios a\u00f1os padeci\u00f3.<\/p>\n\n\n\n<p>La muerte de Bernardina \u201cNina\u201d Lara Arg\u00fcelles, l\u00edder del Sindicato \u00danico de Trabajadores del Gobierno del Estado (SUTSGE). Con una trayectoria&nbsp; que se&nbsp; remonta a &nbsp;d\u00e9cadas al frente del sindicato m\u00e1s importante del gobierno estatal, Lara Arg\u00fcelles marc\u00f3 toda&nbsp; una \u00e9poca en la pol\u00edtica y&nbsp; trayectoria sindical durante los gobiernos priistas, lleg\u00f3 a ocupar una curul en el Congreso del estado<\/p>\n\n\n\n<p>\u201cNina\u201d&nbsp; como se&nbsp; conoc\u00eda&nbsp;&nbsp; en las lides sindicales &nbsp;el pasado a\u00f1o 2024, busc\u00f3 la reelecci\u00f3n al frente del sindicato, logr\u00f3 su objetivo mediante recursos legales &nbsp;A pesar de enfrentarse a diversos cuestionamientos y procesos legales, logr\u00f3 mantenerse en el cargo tras una serie de amparos que le permitieron reafirmar su posici\u00f3n como lideresa del gremio.<\/p>\n\n\n\n<p>+++++++++++++++<\/p>\n\n\n\n<p>BAJA PELIGROSAMENTE NIVEL DEL RIO VALLES, AHORA SI ORDEN DE TANDEOS.<\/p>\n\n\n\n<p>La&nbsp; complicidad y tolerancia de las autoridades de CONAGUA e incumplimiento de acuerdos internos con los agricultores&nbsp; que sustraen el agua del r\u00edo Valles para uso agr\u00edcola sin control alguno, han provocado que la poblaci\u00f3n&nbsp; de&nbsp; la urbe Huasteca en temporada de estiaje extremo, la corriente del otrora caudaloso r\u00edo Valles se&nbsp; haya secado en dos ocasiones recientes, ahora esa&nbsp; autoridad&nbsp; ha adoptado medidas ordenando tandeos de riegos&nbsp; a los campos ca\u00f1eros&nbsp;&nbsp; en dos modalidades, no parar\u00e1n en definitiva sin embargo las autoridades pretenden garantizar abasto de agua a la poblaci\u00f3n y fines tur\u00edsticos.<\/p>\n\n\n\n<p>+.- Qui\u00e9n har\u00e1 efectiva&nbsp; la&nbsp; medida si ya el pasado a\u00f1o ni la polic\u00eda&nbsp; fue efectiva, siguieron regando plantios&nbsp; agr\u00edcolas.<\/p>\n\n\n\n<p>El comunicado se\u00f1ala que \u201cEl sector agr\u00edcola&nbsp; acept\u00f3\u201d sujetarse al tandeo y a la suspensi\u00f3n total del riego, salvo en el caso de los sistemas tecnificados, que continuar\u00e1n operando bajo un monitoreo programado del 7 al 10 de abril. Se estableci\u00f3 un esquema de riego en dos fases: primer grupo del 26 al 31 de marzo, para aprovechamientos superficiales desde El Naranjo hasta La Hincada. Segundo grupo del 1 al 6 de abril, para aprovechamientos superficiales desde La Hincada hasta Ciudad Valles.<\/p>\n\n\n\n<p>En un esfuerzo por fortalecer la preservaci\u00f3n del agua en la regi\u00f3n, el Comit\u00e9 de Cuenca del R\u00edo Valles, contando con la participaci\u00f3n de autoridades y representantes del sector ca\u00f1ero, tur\u00edstico, hotelero y empresarial.<\/p>\n\n\n\n<p>Entre los temas abordados son el consumo humano, la protecci\u00f3n a los productores de ca\u00f1a, el impacto en la actividad tur\u00edstica, el saneamiento y la mitigaci\u00f3n de la contaminaci\u00f3n.<\/p>\n\n\n\n<p>+++++++++++<\/p>\n\n\n\n<p>P r e&nbsp; s t a m o s<\/p>\n\n\n\n<p>de&nbsp; dinero inmediatos a pensionados<\/p>\n\n\n\n<h2 class=\"wp-block-heading\">CFE, ISSSTE.FFCC, SCT, PEMEX,<\/h2>\n\n\n\n<h2 class=\"wp-block-heading\">ACTIVOS Y JUBILADOS&nbsp; IMSS<\/h2>\n\n\n\n<h1 class=\"wp-block-heading\">SIN AFECTAR TARJETON.<\/h1>\n\n\n\n<h2 class=\"wp-block-heading\">Ll\u00e1menos las 24 hrs del d\u00eda<\/h2>\n\n\n\n<h1 class=\"wp-block-heading\">LLAMENOS 4811039565<\/h1>\n\n\n\n<h1 class=\"wp-block-heading\">CREDITO INMEDIATO<\/h1>\n\n\n\n<p>}++++++++++++<\/p>\n\n\n\n<p>PRIISTA (estos si saben gobernar dice \u201calito)&nbsp;&nbsp; AL EQUIPO \u201cVERDE\u201d&nbsp; MUNICIPAL<\/p>\n\n\n\n<p>+.-Corrieron a trabajadores&nbsp; para dar cabida a nueva funcionaria.<\/p>\n\n\n\n<p>Dicen ex trabajadores&nbsp; del municipio&nbsp; de Valles&nbsp; que fueron \u201ccorridos\u201d&nbsp; no por&nbsp; falta de padrinazgo o flojos, sino porque el contrato&nbsp; feneci\u00f3&nbsp; y&nbsp; aunque sus servicios&nbsp; son requeridos, la autoridad&nbsp; ten\u00eda otro compromiso;&nbsp; para dar&nbsp; cabida&nbsp;&nbsp; en el siguiente&nbsp; mes a&nbsp; una priista&nbsp;&nbsp; para cubrir un puesto de reciente creaci\u00f3n, en total no fueron 30, sino 27 los que&nbsp; causaron baja&nbsp; en la n\u00f3mina municipal de Valles, despiden&nbsp; 3&nbsp; docenas de&nbsp; trabajadores&nbsp; productivos&nbsp;&nbsp; no renov\u00e1ndoles contrato para ingresar&nbsp; a una conocida&nbsp; tricolor. Esta acci\u00f3n&nbsp; no es&nbsp; ahorrar&nbsp; como lo justifica el alcalde a&nbsp; los &nbsp;trabajadores del municipio no se les renov\u00f3 el contrato<\/p>\n\n\n\n<p>Este tema abord\u00f3 el alcalde que 27 trabajadores fueron dados de baja en esta \u00faltima quincena por t\u00e9rmino de contrato y como parte de una estrategia para reducir la n\u00f3mina y optimizar los gastos del municipio, aqu\u00ed es&nbsp; donde se contradice poque seg\u00fan el mun\u00edcipe, el ahorro de n\u00f3mina se destinar a obras y servicios prioritarios, como&nbsp; llenar las &nbsp;calles que&nbsp; parecen cr\u00e1teres, drenajes, agua potable y mantenimiento de camiones de basura.<\/p>\n\n\n\n<p>Y para justificaci\u00f3n no pedida\u2026. descart\u00f3&nbsp; la posibilidad de mas despidos a futuro. Ahora&nbsp; todo concentrado a la feria&nbsp; o \u201ccantinota huasteca\u201d<\/p>\n\n\n\n<p>+++++++++++++.<\/p>\n\n\n\n<h1 class=\"wp-block-heading\">CARROCERIAS&nbsp; BUSTOS<\/h1>\n\n\n\n<h2 class=\"wp-block-heading\">Reforma y Lerdo de tejada Col. Altavista.<\/h2>\n\n\n\n<h2 class=\"wp-block-heading\">Cd Valles SLP&nbsp; Tel. 3824777.<\/h2>\n\n\n\n<p>En carrocer\u00edas para camiones y camionetas nadie nos compite.<\/p>\n\n\n\n<p>+++++++<\/p>\n\n\n\n<p>MAS&nbsp; PALEROS A CODESOL.<\/p>\n\n\n\n<p>El pueblo sabe&nbsp; que&nbsp; los \u201celectos\u201d&nbsp;&nbsp; designados&nbsp; ciudadanos consejeros del Codesol&nbsp; son&nbsp; personas&nbsp; que&nbsp; reciben&nbsp; al igual que los regidores, una compensaci\u00f3n mensual&nbsp; del presupuesto de la instituci\u00f3n,&nbsp; sin&nbsp; beneficio social o material alguno, fungir\u00e1n como promotores&nbsp; pol\u00edticos del alcalde y validar\u00e1n&nbsp; junto con los consejos t\u00e9cnicos&nbsp; de obras&nbsp; chafas inconclusas&nbsp; o a medias que&nbsp; con presupuesto federal etiquetado hace Codesol&nbsp; en algunas comunidades cada&nbsp; a\u00f1o. Pues&nbsp; bien, a partir de este a\u00f1o aument\u00f3 con cuatro consejeros&nbsp; en Codesol que seguramente tambi\u00e9n estar\u00e1n enlistados en nomina<\/p>\n\n\n\n<p>Subir\u00e1 n\u00famero de consejeros municipales de desarrollo de&nbsp; 18&nbsp; a 22<\/p>\n\n\n\n<p>informa el vocero de Codeesol&nbsp; Roberto Res\u00e9ndiz&nbsp; Galv\u00e1n, coordinador de esta dependencia, &nbsp;este pasado 30 de marzo hubo elecciones en 19 sectores de la zona urbana y la rural&nbsp; organizadas por Codesol, para elegir esos 19 titulares &nbsp;dentro del Consejo que decidir\u00e1 las obras en el trienio ya iniciado&nbsp; en octubre&nbsp; pasado En cuanto a&nbsp; los sectores restantes se&nbsp; integran por 50 comunidades con asentamientos ind\u00edgenas donde sus &nbsp;elecciones se&nbsp; regir\u00e1n &nbsp;por los propios pueblos originarios, conforme a usos y costumbres.<\/p>\n\n\n\n<p>&nbsp;Finaliza el circo el 31 de marzo, con la conformaci\u00f3n del nuevo Consejo<\/p>\n\n\n\n<p>+++++++++++++<\/p>\n\n\n\n<p>QFB&nbsp; FABIOLA GARCIA ALVAREZ<\/p>\n\n\n\n<h2 class=\"wp-block-heading\">Perito dictaminador en an\u00e1lisis bacteriol\u00f3gico de agua<\/h2>\n\n\n\n<h2 class=\"wp-block-heading\">Y alimentos con n\u00famero GES-PD 0705<\/h2>\n\n\n\n<h2 class=\"wp-block-heading\">Perito dictaminador en&nbsp; estupefacientes GES-PD0523<\/h2>\n\n\n\n<h2 class=\"wp-block-heading\">Maestr\u00eda&nbsp; en an\u00e1lisis cl\u00ednicos 1301 \u2013 368068<\/h2>\n\n\n\n<p>Ced&nbsp; prof&nbsp; 8664204&nbsp;&nbsp; Tel. 38 1 66 64Asesor\u00eda,&nbsp; auditor\u00eda&nbsp; y gesti\u00f3n ambiental. G. Victoria No. 8&nbsp; zona centro Cd Valles<\/p>\n\n\n\n<p>s++++++++++++<\/p>\n\n\n\n<p>&nbsp;Franceses&nbsp;&nbsp; no disfrutaran de Xantolo Par\u00eds 2025<\/p>\n\n\n\n<p>LOS&nbsp; contribuyentes potosinos ahorraran algunos milloncitos de pesos &nbsp;en gastos&nbsp;&nbsp; para&nbsp; presumir la Festividad&nbsp; de los Fieles Difuntos&nbsp; o Todos&nbsp; Santos tradici\u00f3n pagana&nbsp; de los muertos&nbsp; convertida&nbsp; comercialmente&nbsp; en Xantolo que&nbsp; proyectaban llevar a&nbsp;&nbsp; Par\u00eds&nbsp; por&nbsp; cuenta del Gobierno del Estado&nbsp;&nbsp; para promover&nbsp; el turismo extranjero.<\/p>\n\n\n\n<p>Comentado en los&nbsp; medios Tuneros, se&nbsp; rumora que&nbsp; este a\u00f1o Xantolo 2025 no llegar\u00e1 a &nbsp;Par\u00eds, Francia, como lo hab\u00eda anticipado Mario Garc\u00eda Valdez, secretario de Cultura del Estado. La iniciativa para llegar a la Ciudad Luz&nbsp; a pocos d\u00edas&nbsp; de la fecha, no existen preparativos&nbsp; de ninguna \u00edndole para&nbsp; incursionar&nbsp; en la cuna de Macr\u00f3n.<\/p>\n\n\n\n<p>El a\u00f1o pasado, la edici\u00f3n 2024 del \u00abXantolo en tu Ciudad\u00bb lleg\u00f3 a los Estados Unidos, en la ciudad de Chicago, pero, de acuerdo con declaraciones de las autoridades, el objetivo de 2025 era llegar a Par\u00eds, una de las ciudades m\u00e1s visitadas por turistas en el mundo.<\/p>\n\n\n\n<p>+++++++++++++<\/p>\n\n\n\n<p>&nbsp;\u201cFINCA&nbsp; SAN ISIDRO\u201d<\/p>\n\n\n\n<h2 class=\"wp-block-heading\">Sal\u00f3n para fiestas de todo tipo.<\/h2>\n\n\n\n<h2 class=\"wp-block-heading\">Carretera Valles \u2013 R\u00edo Verde Km. 8<\/h2>\n\n\n\n<h2 class=\"wp-block-heading\">Contrataciones al Tel. 01 481<\/h2>\n\n\n\n<p>++++<\/p>\n\n\n\n<p>RATIFICADO&nbsp; CRONISTA DE VALLES.<\/p>\n\n\n\n<p>&#8211; Priista al&nbsp; equipo \u201cverde\u201d&nbsp; ciudadanos emiten cr\u00edticas.<\/p>\n\n\n\n<p>El cronista&nbsp; de la ciudad fue&nbsp; ratificado para un trienio m\u00e1s&nbsp;&nbsp; ante el benepl\u00e1cito&nbsp; social, pero no ocurri\u00f3 lo mismo&nbsp; con la&nbsp; designaci\u00f3n&nbsp; de la priista&nbsp; Rebeca&nbsp; Ter\u00e1n&nbsp; como&nbsp; directora&nbsp; de&nbsp; la&nbsp; instancia&nbsp; de la Mujer de reciente creaci\u00f3n,&nbsp; el historial pol\u00edtico&nbsp; de la mentora&nbsp; no es del todo&nbsp;&nbsp;&nbsp;&nbsp; aceptada, desde su desempe\u00f1o como diputada&nbsp; al dejar una huella con antecedentes&nbsp; de car\u00e1cter penal, al igual que&nbsp; otra diputada por Valles (panista) y hasta el llamado Tekmol.<\/p>\n\n\n\n<p>La propuesta de la mentora&nbsp; fue hecha por el alcalde&nbsp;&nbsp; ante sesi\u00f3n solemne de Cabildo Vallense, el ente aprob\u00f3 el nombramiento para directora&nbsp; de la Instancia Municipal de la Mujer a Rebeca Ter\u00e1n Guevara y fue&nbsp; ratificado como cronista, el&nbsp; Profesor &nbsp;Crescencio Mart\u00ednez Candelario, el desempe\u00f1o de&nbsp; este&nbsp; personaje&nbsp; ha&nbsp; sido muy positivo y mereci\u00f3 el reconocimiento ciudadano.<\/p>\n\n\n\n<p>+++++++++\u201cCAF\u00c9 Y RESTAURANT&nbsp; EL FAROLITO<\/p>\n\n\n\n<p>Lo mejor de la cocina Huasteca; el tradicional zacahuil y cazueladas .Atendemos toda clase de&nbsp; festejos. Pedidos al Tel&nbsp; 3821017 Ciudad Valles SL++++++++++++++++++<\/p>\n\n\n\n<p>+++++++++++++<\/p>\n\n\n\n<p>D E&nbsp; V O LA D A.-<\/p>\n\n\n\n<p>COMER&nbsp; NUECES? Ciencia lo responde.<\/p>\n\n\n\n<p>(publicado e&nbsp; redes sociales)<\/p>\n\n\n\n<p>* Es el fruto seco con m\u00e1s antioxidantes y ayuda al cuepo humano por su alto contenido de vitamina E<\/p>\n\n\n\n<p>Las nueces son un alimento muy rico y nutritivo que usualmente se recomienda en las dietas o en comidas para dar una amplia variedad de beneficios en la salud del cuerpo humano, sin embargo, \u00bfCu\u00e1les son las&nbsp; principales ventajas de comer nuez?<\/p>\n\n\n\n<p>La ciencia atribuye numerosos beneficios para la salud con el consumo de nueces. El consumo regular de este fruto seco ofrece ventajas para el sistema cardiovascular, nervioso, digestivo y reproductivo, as\u00ed como mejoras al sue\u00f1o y a la memoria. A continuaci\u00f3n, enlistamos los principales beneficios.<\/p>\n\n\n\n<p>1.- P\u00e9rdida de peso.- Es un alimento muy nutritivo y energ\u00e9tico rico en fibra y bajo en carbohidratos, por lo que es adecuado para bajar de peso. Adem\u00e1s, los niveles de serotonina reducen la sensaci\u00f3n de hambre y mejora el sentido del humor.<\/p>\n\n\n\n<p>2.- Fuente de nutrientes y antioxidantes.- Es el fruto seco con m\u00e1s antioxidantes y destaca por tener&nbsp; vitamina E. Asimismo, aporta numerosos minerales como potasio para la funci\u00f3n nerviosa, zinc para el sistema inmunitario, adem\u00e1s de magnesio y f\u00f3sforo.<\/p>\n\n\n\n<p>&nbsp;Reducen enfermedades cardiovasculares.- El 90% de las grasas que contiene son insaturadas con \u00e1cidos grasos poliinsaturados como omega-6 y omega-3, lo que provoca un efecto cardioprotector y disminuci\u00f3n del riesgo de aterosclerosis.&nbsp;En una raci\u00f3n de 25 g de nueces, se obtienen 1,6 g de omega-3, con lo que cubrir\u00edamos la cantidad diaria recomendada de 1,6 g para los hombres y 1,1 gr para las mujeres.<\/p>\n\n\n\n<p>4.- Mejora de la funci\u00f3n cognitiva.-&nbsp;Por su alto contenido en omega 3 y compuestos antioxidantes, limitan el estr\u00e9s oxidativo y la inflamaci\u00f3n, contribuyendo al correcto funcionamiento del sistema nervioso y ayudando a mejorar la capacidad de concentraci\u00f3n y rendimiento cognitivo. Diversos estudios resaltan los beneficios de las nueces en la dieta para la protecci\u00f3n contra enfermedades como el Alzheimer.&nbsp;&nbsp; Por lo anterior, las nueces son un snack vers\u00e1til y saludable que ofrece una gran cantidad de beneficios para la salud, desde mejorar la funci\u00f3n cerebral hasta apoyar el coraz\u00f3n y la digesti\u00f3n\u2026\u2026\u2026\u2026\u2026davidfloresg_43@hotmail.com<\/p>\n\n\n\n<p>+++++++++++++++<\/p>\n\n\n\n<h1 class=\"wp-block-heading\">&nbsp;<\/h1>\n\n\n\n<p>&#8212;<\/p>\n","protected":false},"excerpt":{"rendered":"<p>VALERIA&nbsp; PAOLA&nbsp; SGM&nbsp; DE LA FERIA&nbsp; VALLES&nbsp; 2025. A 22&nbsp; d\u00edas&nbsp; del arranque&nbsp; de la&nbsp; feria&nbsp; de Valles un jurado&nbsp; nombrado por el gobierno municipal&nbsp; \u201celigi\u00f3\u201d a la Reina&nbsp; del evento&nbsp; anual. Que&nbsp; recuerdos&nbsp;&nbsp; de&nbsp; aquellos&nbsp; a\u00f1os&nbsp; cuando la&nbsp; verdadera&nbsp; elecci\u00f3n de la&nbsp; Soberana de &hellip; <\/p>\n","protected":false},"author":1,"featured_media":102912,"comment_status":"open","ping_status":"open","sticky":false,"template":"","format":"standard","meta":{"footnotes":""},"categories":[17,4],"tags":[],"class_list":["post-104090","post","type-post","status-publish","format-standard","has-post-thumbnail","hentry","category-colaboraciones","category-inicio"],"_links":{"self":[{"href":"https:\/\/amanecerhuasteco.com\/portal\/wp-json\/wp\/v2\/posts\/104090","targetHints":{"allow":["GET"]}}],"collection":[{"href":"https:\/\/amanecerhuasteco.com\/portal\/wp-json\/wp\/v2\/posts"}],"about":[{"href":"https:\/\/amanecerhuasteco.com\/portal\/wp-json\/wp\/v2\/types\/post"}],"author":[{"embeddable":true,"href":"https:\/\/amanecerhuasteco.com\/portal\/wp-json\/wp\/v2\/users\/1"}],"replies":[{"embeddable":true,"href":"https:\/\/amanecerhuasteco.com\/portal\/wp-json\/wp\/v2\/comments?post=104090"}],"version-history":[{"count":1,"href":"https:\/\/amanecerhuasteco.com\/portal\/wp-json\/wp\/v2\/posts\/104090\/revisions"}],"predecessor-version":[{"id":104091,"href":"https:\/\/amanecerhuasteco.com\/portal\/wp-json\/wp\/v2\/posts\/104090\/revisions\/104091"}],"wp:featuredmedia":[{"embeddable":true,"href":"https:\/\/amanecerhuasteco.com\/portal\/wp-json\/wp\/v2\/media\/102912"}],"wp:attachment":[{"href":"https:\/\/amanecerhuasteco.com\/portal\/wp-json\/wp\/v2\/media?parent=104090"}],"wp:term":[{"taxonomy":"category","embeddable":true,"href":"https:\/\/amanecerhuasteco.com\/portal\/wp-json\/wp\/v2\/categories?post=104090"},{"taxonomy":"post_tag","embeddable":true,"href":"https:\/\/amanecerhuasteco.com\/portal\/wp-json\/wp\/v2\/tags?post=104090"}],"curies":[{"name":"wp","href":"https:\/\/api.w.org\/{rel}","templated":true}]}}