{"id":104266,"date":"2025-04-07T13:42:40","date_gmt":"2025-04-07T19:42:40","guid":{"rendered":"https:\/\/amanecerhuasteco.com\/portal\/?p=104266"},"modified":"2025-04-07T13:42:41","modified_gmt":"2025-04-07T19:42:41","slug":"entre-columnas-656","status":"publish","type":"post","link":"https:\/\/amanecerhuasteco.com\/portal\/entre-columnas-656\/","title":{"rendered":"ENTRE COLUMNAS"},"content":{"rendered":"\n<h1 class=\"wp-block-heading\"><\/h1>\n\n\n\n<p>DESPOJARAN A VERO DE&nbsp; LA DIRIGENCIA ESTATAL DEL PAN.<\/p>\n\n\n\n<p>Por&nbsp; desacato al Tribunal electoral&nbsp; potosino&nbsp; la Senadora &nbsp;Ver\u00f3nica&nbsp; Rodr\u00edguez ser\u00e1&nbsp; relevada&nbsp; de la presidencia del CDE&nbsp; del PAN, la Sala Regional del Tribunal&nbsp; de Monterrey detect\u00f3 serias irregularidades durante el proceso interno anterior y ordena reponer el proceso ama\u00f1ado En efecto la Sala Monterrey del Tribunal Electoral del Poder Judicial de la Federaci\u00f3n frena a&nbsp; la Senadora Ver\u00f3nica Rodr\u00edguez Hern\u00e1ndez, quien se&nbsp; hab\u00eda reelecto como presidenta del Comit\u00e9 Directivo Estatal del Partido Acci\u00f3n (PAN) a pesar de la resoluci\u00f3n emitida por el Tribunal Electoral de San Luis Potos\u00ed, que dejaba sin efecto la elecci\u00f3n de pasado mes de diciembre cuando mediante presiones logr\u00f3 su reelecci\u00f3n.<\/p>\n\n\n\n<p>Fue el pasado mes de febrero cuando el Tribunal Electoral orden\u00f3 reponer el proceso, sin embargo, Rodr\u00edguez Hern\u00e1ndez apel\u00f3 ante la Sala Regional de Monterrey, donde&nbsp; confiaba &nbsp;conseguir una resoluci\u00f3n a su favor, sin embargo, la tarde de este mi\u00e9rcoles 2 de abril, la Sala ratific\u00f3 el acuerdo a la instancia local por &nbsp;considerar que, en efecto, el proceso de elecci\u00f3n interna del PAN estuvo plagado de irregularidades.<\/p>\n\n\n\n<p>La Sala Monterrey orden\u00f3 que todos los comit\u00e9s municipales de Acci\u00f3n Nacional en territorio potosino convoquen nuevamente&nbsp; a sesi\u00f3n y emitan un posicionamiento claro sobre la manera en que quieren que se elija a su presidenta, ello, con la intenci\u00f3n de garantizar que sean escuchados y tengan la representaci\u00f3n requerida para un proceso de esta naturaleza.<\/p>\n\n\n\n<p>Como&nbsp;&nbsp; antecedente, desde hace m\u00e1s de un mes, Ver\u00f3nica&nbsp; Rodr\u00edguez sistem\u00e1ticamente &nbsp;evadido el cumplimiento de la sentencia por lo que, ahora, con dos resoluciones en su contra, no tiene&nbsp; alternativa&nbsp; y est\u00e1 &nbsp;obligada a reponer el proceso o, de lo contrario, hasta&nbsp; incurrir\u00eda&nbsp; en actos sancionados. por desobediencia a una&nbsp; decisi\u00f3n del Tribunal Electoral, debe cumplir, &nbsp;reponer elecci\u00f3n y todo mundo en paz.&nbsp; AH&nbsp; y &nbsp;por&nbsp; ah\u00ed circul\u00f3 en palacio grande&nbsp; que&nbsp; hasta&nbsp; odr\u00eda ser&nbsp; la opci\u00f3n&nbsp; en caso&nbsp; extremo para&nbsp; eludir el nepotismo.<\/p>\n\n\n\n<p>+++++++++++++<\/p>\n\n\n\n<p>ABASTECEDORES DE&nbsp; INGENIOS AZUCAREROS&nbsp; DESBLOQUEARON BODEGAS,<\/p>\n\n\n\n<p>Ingenios azucareros de M\u00e9xico, cumplieron con su cuota de exportaci\u00f3n y organizaciones ca\u00f1eras levantaron los bloqueos en bodegas.<\/p>\n\n\n\n<p>&#8211; La Uni\u00f3n Nacional de Productores de Ca\u00f1a AC, inform\u00f3 despu\u00e9s de 19 d\u00edas de bloqueo de&nbsp; bodegas&nbsp; de los ingenios azucareros&nbsp; en el pa\u00eds, &nbsp;finalmente la crisis llego a su fin, al&nbsp; anunciar el sector industrial habr\u00eda cumplido con la cuota de exportaci\u00f3n.<\/p>\n\n\n\n<p>En consecuencia&nbsp; fueron liberadas las &nbsp;bodegas a partir del 1 de abril, luego que se cumpliera con la exportaci\u00f3n.<\/p>\n\n\n\n<p>En el caso local, los ingenios Plan de San Luis, Beta San Miguel, Plan de Ayala y Alianza Popular ubicados en San Luis Potos\u00ed, fueron retirados los bloqueos de las bodegas de az\u00facar. Sin embargo el precio del az\u00facar sigue bajo y conf\u00edan tenga repunte en las pr\u00f3ximas semanas<\/p>\n\n\n\n<p>+++++++++++<\/p>\n\n\n\n<p>P r e&nbsp; s t a m o s<\/p>\n\n\n\n<p>de&nbsp; dinero inmediatos a pensionados<\/p>\n\n\n\n<h2 class=\"wp-block-heading\">CFE, ISSSTE.FFCC, SCT, PEMEX,<\/h2>\n\n\n\n<h2 class=\"wp-block-heading\">ACTIVOS Y JUBILADOS&nbsp; IMSS<\/h2>\n\n\n\n<h1 class=\"wp-block-heading\">SIN AFECTAR TARJETON.<\/h1>\n\n\n\n<h2 class=\"wp-block-heading\">Ll\u00e1menos las 24 hrs del d\u00eda<\/h2>\n\n\n\n<h1 class=\"wp-block-heading\">LLAMENOS 4811039565<\/h1>\n\n\n\n<h1 class=\"wp-block-heading\">CREDITO INMEDIATO<\/h1>\n\n\n\n<p>}++++++++++++<\/p>\n\n\n\n<p>MUERTE COMERCIAL A LOS MERCADOS MUNIICIPALES.<\/p>\n\n\n\n<p>En el Valles de Ayer, fueron las&nbsp; bodegas&nbsp; que&nbsp; abrieron&nbsp; en aquel incipiente poblado que llamaron VALLES todo llegaba por el ferrocarril (1880)&nbsp; un siglo despu\u00e9s&nbsp; aparecieron las&nbsp; \u201ctiendas\u201d y comerciantes&nbsp; que aprovechaban la asistencia al templo de Santiago Apostol para&nbsp; instalar sus \u201cmanteados\u201d&nbsp; o mantas&nbsp; para proteger&nbsp; su mercanc\u00eda&nbsp; del sol, esta costumbre dio origen en el decenio&nbsp; 1940-50 a lo que ahora es el vetusto mercado GNS y los dos restantes, pasados los a\u00f1os conllevaron los servicios de transporte urbano y rural hasta como se conoce&nbsp; actualmente.<\/p>\n\n\n\n<p>Ser\u00eda&nbsp; tedioso seguir&nbsp; este tema, lo que nos llev\u00f3 a&nbsp; recurrir a esta parte de la historia de Valles, es que&nbsp; el alcalde&nbsp; est\u00e1 muy preocupado por los accidentes&nbsp; viales registrados en la&nbsp; terminal de autobuses&nbsp; urbanos ECOCEENTRALITA y ha decidido clausurarla para la empresa&nbsp; concesionaria de todas&nbsp; las&nbsp; rutas urbanas&nbsp; qe arriban a&nbsp; este lugar dando vida comercial a los mercados p\u00fablicos y establecidos, los&nbsp; MILES&nbsp; de usuarios del transporte urbano ahora caminan unos pasos y est\u00e1n en el lugar&nbsp; apropiado para sus compras, de&nbsp; hacerse el cambio&nbsp;&nbsp;&nbsp; tendr\u00e1n que caminar m\u00ednimo, &nbsp;medio kil\u00f3metro desde&nbsp; la \u00faltima parada de los autobuses&nbsp; que&nbsp; ser\u00eda la Eco Grande.<\/p>\n\n\n\n<p>En ocasiones&nbsp; anteriores&nbsp; el alcalde&nbsp; ha&nbsp; informado sobre&nbsp; el cambio o cierre&nbsp; de&nbsp; Ecocentralita,&nbsp; esto nunca ocurre&nbsp; pero ahora, s\u00ed&nbsp;&nbsp; dijo que la&nbsp; decisi\u00f3n&nbsp; es inminente, las rutas que aun llegan ser\u00e1n cambiadas a la Eco central. Avala su anuncio&nbsp; tras&nbsp; una reuni\u00f3n con la secretaria de Comunicaciones y Transportes para tratar sobre la remoci\u00f3n de la terminal obsoleta &nbsp;de autobuses que ha funcionado los \u00faltimos 50 a\u00f1o frente al mercado Gonzalo N. Santos originalmente para microbuses. (vitrinas)<\/p>\n\n\n\n<p>+++++++++++++.<\/p>\n\n\n\n<h1 class=\"wp-block-heading\">CARROCERIAS&nbsp; BUSTOS<\/h1>\n\n\n\n<h2 class=\"wp-block-heading\">Reforma y Lerdo de tejada Col. Altavista.<\/h2>\n\n\n\n<h2 class=\"wp-block-heading\">Cd Valles SLP&nbsp; Tel. 3824777.<\/h2>\n\n\n\n<p>En carrocer\u00edas para camiones y camionetas nadie nos compite.<\/p>\n\n\n\n<p>+++++++<\/p>\n\n\n\n<p>5 MDP&nbsp;&nbsp; SOBREPRECIO&nbsp; DE&nbsp; DOS POZOS&nbsp; PROFUNDOS EN MENOS DE UN&nbsp; A\u00d1O-<\/p>\n\n\n\n<p>Durante la crisis&nbsp; del&nbsp; agua&nbsp; del&nbsp;&nbsp; a\u00f1o&nbsp; pasado,&nbsp; el&nbsp;<\/p>\n\n\n\n<p>Gobierno municipal de Valles&nbsp; puso a&nbsp; disposici\u00f3n un proyecto&nbsp; emergente&nbsp;&nbsp; de&nbsp;&nbsp; 40&nbsp; millones&nbsp;&nbsp; de pesos y hasta habr\u00eda&nbsp; contratado una empresa&nbsp; de&nbsp; Leon Gto.&nbsp; para&nbsp; perforar&nbsp; pozos&nbsp;&nbsp;&nbsp; y resolver&nbsp; de inmediato el desabasto de&nbsp; agua a la poblaci\u00f3n, pero pasados los meses&nbsp;&nbsp; olvidaron el caso y luego el&nbsp; mun\u00edcipe&nbsp; anuncio&nbsp; que el&nbsp; dinero lo&nbsp; desvi\u00f3 para&nbsp; atender drenajes&nbsp; colapsados.<\/p>\n\n\n\n<p>O sea&nbsp; que enterr\u00f3 el dinero arroj\u00e1ndolo al drenaje.<\/p>\n\n\n\n<p>Recientemente las autoridades&nbsp; de la&nbsp; CNA&nbsp; informaron del descenso de la corriente del r\u00edo peligrosamente sin decir las causas&nbsp; pero s\u00ed denunciadas&nbsp; por&nbsp; vecinos&nbsp;&nbsp; de la cuenca r\u00edo arriba y testigos&nbsp; de la&nbsp; CRIMINAL&nbsp; extracci\u00f3n de&nbsp; agua&nbsp; por&nbsp; la zona de La&nbsp; Hincada, ante esta situaci\u00f3n el alcalde&nbsp; celebr\u00f3&nbsp; compromisos para&nbsp; de&nbsp; nueva&nbsp; cuenta reactivar&nbsp; el proyecto e&nbsp; DOS POZOS PROFUNDOS para proveer de agua en caso de que el vaso de&nbsp; captaci\u00f3n&nbsp; sea insuficiente&nbsp; para&nbsp; abastecer&nbsp; a&nbsp; la poblaci\u00f3n, solo que&nbsp; ahora&nbsp; el costo ser\u00e1&nbsp; de&nbsp;&nbsp; CUARENTA Y CINCO MILLONES DE PESOS.<\/p>\n\n\n\n<p>Estar\u00edan&nbsp; ubicados en El Zocohuite y en Montecillos. &nbsp;Cabe&nbsp; aclarar&nbsp; que ahora el proyecto es de Gobierno del estado y municipal el costo de ambas fuentes de abastecimiento ser\u00eda de 25 millones, m\u00e1s 20 millones de pesos de la tuber\u00eda y las conexiones para llevar el agua a la planta&nbsp; de tratamiento de la Dapas.<\/p>\n\n\n\n<p>+++++++++++++<\/p>\n\n\n\n<p>QFB&nbsp; FABIOLA GARCIA ALVAREZ<\/p>\n\n\n\n<h2 class=\"wp-block-heading\">Perito dictaminador en an\u00e1lisis bacteriol\u00f3gico de agua<\/h2>\n\n\n\n<h2 class=\"wp-block-heading\">Y alimentos con n\u00famero GES-PD 0705<\/h2>\n\n\n\n<h2 class=\"wp-block-heading\">Perito dictaminador en&nbsp; estupefacientes GES-PD0523<\/h2>\n\n\n\n<h2 class=\"wp-block-heading\">Maestr\u00eda&nbsp; en an\u00e1lisis cl\u00ednicos 1301 \u2013 368068<\/h2>\n\n\n\n<p>Ced&nbsp; prof&nbsp; 8664204&nbsp;&nbsp; Tel. 38 1 66 64Asesor\u00eda,&nbsp; auditor\u00eda&nbsp; y gesti\u00f3n ambiental. G. Victoria No. 8&nbsp; zona centro Cd Valles<\/p>\n\n\n\n<p>++++++++++++<\/p>\n\n\n\n<p>AGARRA&nbsp; EL&nbsp; RIP TODO.<\/p>\n\n\n\n<p>El&nbsp; caballo&nbsp; negro se&nbsp; pint\u00f3 tricolor.<\/p>\n\n\n\n<p>Sobrevivientes&nbsp; del RIP&nbsp; en el municipio de Valles, no alcanzar\u00edan cubrir todas&nbsp; las&nbsp; secretarias y suplentes del comit\u00e9 municipal, para&nbsp; hacer&nbsp; presencia pol\u00edtica&nbsp; captan todo, hasta desechos&nbsp; de&nbsp; otros&nbsp; partidos pero pronto \u201cestrenaran\u201d su&nbsp; edificio propio&nbsp; se&nbsp; atrevi\u00f3 a&nbsp; anticiparlo como cierto, el ex alcalde de Tamuin y actual directivo&nbsp; del tricolor en el estado.<\/p>\n\n\n\n<p>El RIP&nbsp; que sepulta \u201calito\u201d&nbsp; abriga esperanzas&nbsp; so\u00f1adas&nbsp; de&nbsp; pasadas&nbsp; batallas&nbsp; triunfalistas,&nbsp; seg\u00fan dicen sus dirigentes de&nbsp; los estados y nacionales&nbsp; registran m\u00e1s militantes, seguramente ocurre&nbsp; que aumentan sus filas&nbsp; de \u201cchapulines\u201d refugiados&nbsp; pol\u00edticos o convenencieros.<\/p>\n\n\n\n<p>&nbsp;En Valles se conoci\u00f3&nbsp; que fue ingresado al RIP a ex candidato de dos partidos diferentes puestos de elecci\u00f3n popular, cumplen la consigna de aceptar a todos, de acuerdo con la&nbsp; consigna del secretario estatal del tricolor, Francisco Joel Limas Rivera.<\/p>\n\n\n\n<p>Se trata, s\u00ed, de &nbsp;FAUSTINO CEDILLO un ciudadano ejemplar que&nbsp; ha participado en busca de cargos de elecci\u00f3n pero al margen del tricolor, eso le&nbsp;&nbsp; ha valido el sobre nombre de estimaci\u00f3n de \u201cCaballo Negro\u201d fue candidato a la Presidencia Municipal de Valles por Nueva Alianza despu\u00e9s &nbsp;por Conciencia Popular.&nbsp;&nbsp; No es&nbsp; de dudar&nbsp; que&nbsp; con el apoyo de&nbsp; un partido serio, El Caballo Negro&nbsp; logre&nbsp; la&nbsp; alcald\u00eda.&nbsp; De los&nbsp; \u00faltimos trienios la ciudadan\u00eda ya est\u00e1&nbsp; decepcionada.<\/p>\n\n\n\n<p>+++++++++++++<\/p>\n\n\n\n<p>&nbsp;\u201cFINCA&nbsp; SAN ISIDRO\u201d<\/p>\n\n\n\n<h2 class=\"wp-block-heading\">Sal\u00f3n para fiestas de todo tipo.<\/h2>\n\n\n\n<h2 class=\"wp-block-heading\">Carretera Valles \u2013 R\u00edo Verde Km. 8<\/h2>\n\n\n\n<h2 class=\"wp-block-heading\">Contrataciones al Tel. 01 481<\/h2>\n\n\n\n<p>++++<\/p>\n\n\n\n<p>+++++++++<\/p>\n\n\n\n<p>PRESUPUESTO DE PROTECCION CIVIL&nbsp; EN MUNICIPIOS&nbsp; SERIA MAS EFECTVO A BOMBEROS.<\/p>\n\n\n\n<p>Excelente&nbsp; propuesta de la LXIV Legislatura del Congreso del Estado aprobada, este &nbsp;exhorto es dirigido a los 59 municipios de la entidad para que asignen partidas presupuestales anuales &nbsp;que fortalezcan los recursos materiales, econ\u00f3micos y humanos de los cuerpos de bomberos,&nbsp; cuyo trabajo fue efectivo&nbsp; durante los incendios urbanos y rurales,&nbsp;&nbsp; pese&nbsp; a&nbsp; utilizar&nbsp; equipos de&nbsp; modelos antiguos; dieron la batalla&nbsp; apoyando a trabajadores&nbsp; de&nbsp; Protecci\u00f3n civil y forestales.<\/p>\n\n\n\n<p>El Punto de Acuerdo, impulsado por el diputado Jos\u00e9 Roberto Garc\u00eda Castillo, resalta la importancia de reforzar este sector (los&nbsp; bomberos) ante el aumento de incendios en la entidad. De acuerdo con la Comisi\u00f3n Nacional Forestal (CONAFOR), del 1 de enero al 13 de marzo de 2025 se registraron 11 incendios forestales en San Luis Potos\u00ed, posicion\u00e1ndolo como el sexto estado con mayor incidencia y el s\u00e9ptimo con m\u00e1s superficie afectada, con 343 hect\u00e1reas da\u00f1adas.<\/p>\n\n\n\n<p>El exhorto &nbsp;incluye la necesidad de incrementar el n\u00famero de elementos capacitados en manejo de incendios dentro de las \u00e1reas de Protecci\u00f3n Civil municipales.&nbsp; Con esta medida, el Congreso busca garantizar mejores condiciones para los cuerpos de emergencia y mitigar el impacto de los incendios en la entidad.<\/p>\n\n\n\n<p>+++++<\/p>\n\n\n\n<p>\u201cCAF\u00c9 Y RESTAURANT&nbsp; EL FAROLITO<\/p>\n\n\n\n<p>Lo mejor de la cocina Huasteca; el tradicional zacahuil y cazueladas .Atendemos toda clase de&nbsp; festejos. Pedidos al Tel&nbsp; 3821017 Ciudad Valles SL++++++++++++++++++<\/p>\n\n\n\n<p>+++++++++++++ <a href=\"mailto:davidfloresg_43@hotmail.com\">davidfloresg_43@hotmail.com<\/a><\/p>\n\n\n\n<p>&#8212;<\/p>\n","protected":false},"excerpt":{"rendered":"<p>DESPOJARAN A VERO DE&nbsp; LA DIRIGENCIA ESTATAL DEL PAN. Por&nbsp; desacato al Tribunal electoral&nbsp; potosino&nbsp; la Senadora &nbsp;Ver\u00f3nica&nbsp; Rodr\u00edguez ser\u00e1&nbsp; relevada&nbsp; de la presidencia del CDE&nbsp; del PAN, la Sala Regional del Tribunal&nbsp; de Monterrey detect\u00f3 serias irregularidades durante el proceso interno anterior y ordena &hellip; <\/p>\n","protected":false},"author":1,"featured_media":102915,"comment_status":"open","ping_status":"open","sticky":false,"template":"","format":"standard","meta":{"footnotes":""},"categories":[17,4],"tags":[],"class_list":["post-104266","post","type-post","status-publish","format-standard","has-post-thumbnail","hentry","category-colaboraciones","category-inicio"],"_links":{"self":[{"href":"https:\/\/amanecerhuasteco.com\/portal\/wp-json\/wp\/v2\/posts\/104266","targetHints":{"allow":["GET"]}}],"collection":[{"href":"https:\/\/amanecerhuasteco.com\/portal\/wp-json\/wp\/v2\/posts"}],"about":[{"href":"https:\/\/amanecerhuasteco.com\/portal\/wp-json\/wp\/v2\/types\/post"}],"author":[{"embeddable":true,"href":"https:\/\/amanecerhuasteco.com\/portal\/wp-json\/wp\/v2\/users\/1"}],"replies":[{"embeddable":true,"href":"https:\/\/amanecerhuasteco.com\/portal\/wp-json\/wp\/v2\/comments?post=104266"}],"version-history":[{"count":1,"href":"https:\/\/amanecerhuasteco.com\/portal\/wp-json\/wp\/v2\/posts\/104266\/revisions"}],"predecessor-version":[{"id":104267,"href":"https:\/\/amanecerhuasteco.com\/portal\/wp-json\/wp\/v2\/posts\/104266\/revisions\/104267"}],"wp:featuredmedia":[{"embeddable":true,"href":"https:\/\/amanecerhuasteco.com\/portal\/wp-json\/wp\/v2\/media\/102915"}],"wp:attachment":[{"href":"https:\/\/amanecerhuasteco.com\/portal\/wp-json\/wp\/v2\/media?parent=104266"}],"wp:term":[{"taxonomy":"category","embeddable":true,"href":"https:\/\/amanecerhuasteco.com\/portal\/wp-json\/wp\/v2\/categories?post=104266"},{"taxonomy":"post_tag","embeddable":true,"href":"https:\/\/amanecerhuasteco.com\/portal\/wp-json\/wp\/v2\/tags?post=104266"}],"curies":[{"name":"wp","href":"https:\/\/api.w.org\/{rel}","templated":true}]}}