{"id":104487,"date":"2025-04-16T08:28:09","date_gmt":"2025-04-16T14:28:09","guid":{"rendered":"https:\/\/amanecerhuasteco.com\/portal\/?p=104487"},"modified":"2025-04-16T08:28:11","modified_gmt":"2025-04-16T14:28:11","slug":"vive-la-tradicion-procesion-del-silencio-en-san-luis-potosi","status":"publish","type":"post","link":"https:\/\/amanecerhuasteco.com\/portal\/vive-la-tradicion-procesion-del-silencio-en-san-luis-potosi\/","title":{"rendered":"\u00abVive la tradici\u00f3n procesi\u00f3n del silencio en San Luis Potos\u00ed\u00bb"},"content":{"rendered":"\n<p> <\/p>\n\n\n\n<ul class=\"wp-block-list\">\n<li>El evento se transmitir\u00e1 en las redes sociales del Gobierno del Estado y la Secretar\u00eda de Cultura.<\/li>\n<\/ul>\n\n\n\n<p>La Secretar\u00eda de Cultura (Secult), invita a las y los potosinos y visitantes a vivir la Procesi\u00f3n del Silencio, la m\u00e1s importante del continente americano en su tipo, una tradici\u00f3n que se lleva a cabo en San Luis Potos\u00ed cada Viernes Santo y una de las manifestaciones culturales y religiosas m\u00e1s representativas del Estado, declarada Patrimonio Cultural Inmaterial en 2013.<br>La Secult invita a la ciudadan\u00eda a disfrutar de una actividad que promueve el patrimonio cultural de los potosinos, respetando la religiosidad de quienes participan.<br>La manifestaci\u00f3n tuvo su origen en las representaciones de la Semana Santa de Sevilla, Espa\u00f1a, del siglo XVI, y fue en 1953, que San Luis Potos\u00ed adopt\u00f3 la tradici\u00f3n por devoci\u00f3n a la Virgen de la Soledad, realizando la primera procesi\u00f3n del silencio un a\u00f1o despu\u00e9s, en 1954.&nbsp;&nbsp;<br>En la Procesi\u00f3n del Silencio participan m\u00e1s de 30 cofrad\u00edas penitenciales. Los cofrades visten los colores de su parroquia y llevan un vestuario encapuchado como s\u00edmbolo de luto y humildad, portando im\u00e1genes de una Estaci\u00f3n del viacrucis o un Misterio Doloroso del Rosario.<\/p>\n","protected":false},"excerpt":{"rendered":"<p>La Secretar\u00eda de Cultura (Secult), invita a las y los potosinos y visitantes a vivir la Procesi\u00f3n del Silencio, la m\u00e1s importante del continente americano en su tipo, una tradici\u00f3n que se lleva a cabo en San Luis Potos\u00ed cada Viernes Santo y una de &hellip; <\/p>\n","protected":false},"author":1,"featured_media":104488,"comment_status":"open","ping_status":"open","sticky":false,"template":"","format":"standard","meta":{"footnotes":""},"categories":[25,86,7,78,62,4,31,59,42],"tags":[],"class_list":["post-104487","post","type-post","status-publish","format-standard","has-post-thumbnail","hentry","category-aquismon","category-cedral","category-ciudad","category-ciudad-del-maiz","category-ciudad-fernandez","category-inicio","category-sanluispotosi","category-santa-catarina","category-soledad"],"_links":{"self":[{"href":"https:\/\/amanecerhuasteco.com\/portal\/wp-json\/wp\/v2\/posts\/104487","targetHints":{"allow":["GET"]}}],"collection":[{"href":"https:\/\/amanecerhuasteco.com\/portal\/wp-json\/wp\/v2\/posts"}],"about":[{"href":"https:\/\/amanecerhuasteco.com\/portal\/wp-json\/wp\/v2\/types\/post"}],"author":[{"embeddable":true,"href":"https:\/\/amanecerhuasteco.com\/portal\/wp-json\/wp\/v2\/users\/1"}],"replies":[{"embeddable":true,"href":"https:\/\/amanecerhuasteco.com\/portal\/wp-json\/wp\/v2\/comments?post=104487"}],"version-history":[{"count":1,"href":"https:\/\/amanecerhuasteco.com\/portal\/wp-json\/wp\/v2\/posts\/104487\/revisions"}],"predecessor-version":[{"id":104489,"href":"https:\/\/amanecerhuasteco.com\/portal\/wp-json\/wp\/v2\/posts\/104487\/revisions\/104489"}],"wp:featuredmedia":[{"embeddable":true,"href":"https:\/\/amanecerhuasteco.com\/portal\/wp-json\/wp\/v2\/media\/104488"}],"wp:attachment":[{"href":"https:\/\/amanecerhuasteco.com\/portal\/wp-json\/wp\/v2\/media?parent=104487"}],"wp:term":[{"taxonomy":"category","embeddable":true,"href":"https:\/\/amanecerhuasteco.com\/portal\/wp-json\/wp\/v2\/categories?post=104487"},{"taxonomy":"post_tag","embeddable":true,"href":"https:\/\/amanecerhuasteco.com\/portal\/wp-json\/wp\/v2\/tags?post=104487"}],"curies":[{"name":"wp","href":"https:\/\/api.w.org\/{rel}","templated":true}]}}