{"id":104567,"date":"2025-04-21T06:41:31","date_gmt":"2025-04-21T12:41:31","guid":{"rendered":"https:\/\/amanecerhuasteco.com\/portal\/?p=104567"},"modified":"2025-04-21T06:41:33","modified_gmt":"2025-04-21T12:41:33","slug":"estado-capacita-a-municipios-en-desarrollo-sostenible","status":"publish","type":"post","link":"https:\/\/amanecerhuasteco.com\/portal\/estado-capacita-a-municipios-en-desarrollo-sostenible\/","title":{"rendered":"Estado capacita a municipios en desarrollo sostenible"},"content":{"rendered":"\n<p><\/p>\n\n\n\n<ul class=\"wp-block-list\">\n<li>La Segam y CEFIM inician las Ferias Verdes, que brindan capacitaci\u00f3n a funcionarios municipales sobre temas medioambientales y de desarrollo sostenible.<\/li>\n<\/ul>\n\n\n\n<p>La Secretar\u00eda de Ecolog\u00eda y Gesti\u00f3n Ambiental (Segam) y la Coordinaci\u00f3n Estatal para el Fortalecimiento Institucional de los Municipios (CEFIM), iniciaron el programa de capacitaci\u00f3n estatal \u201cFeria Verde\u201d, que brinda m\u00e1s apoyo a las y los servidores p\u00fablicos, para que cumplan con los planes municipales de desarrollo y el plan de acci\u00f3n global de la agenda 2030 en Desarrollo Sostenible.<br>Durante el arranque del programa para municipios de la regi\u00f3n Centro, en las instalaciones de la CEFIM, se explic\u00f3 que las Ferias Verdes buscan fortalecer la gesti\u00f3n ambiental a nivel municipal, para reafirmar el compromiso de la actual administraci\u00f3n del Gobernador Ricardo Gallardo Cardona con un futuro sostenible. El 23 de mayo se realizar\u00e1 en Matehuala, el 6 de junio en Rioverde y el 27 de junio en Tamu\u00edn.<\/p>\n","protected":false},"excerpt":{"rendered":"<p>La Secretar\u00eda de Ecolog\u00eda y Gesti\u00f3n Ambiental (Segam) y la Coordinaci\u00f3n Estatal para el Fortalecimiento Institucional de los Municipios (CEFIM), iniciaron el programa de capacitaci\u00f3n estatal \u201cFeria Verde\u201d, que brinda m\u00e1s apoyo a las y los servidores p\u00fablicos, para que cumplan con los planes municipales &hellip; <\/p>\n","protected":false},"author":1,"featured_media":104568,"comment_status":"open","ping_status":"open","sticky":false,"template":"","format":"standard","meta":{"footnotes":""},"categories":[13,25,89,82,14,28,86,67,7,78,62,63,22,56,11,55,4,73,44,26,74,10,12,60,66,71,30,70,31,80,24,59,42,21,53,88,69,85,20,58,57,43,32],"tags":[],"class_list":["post-104567","post","type-post","status-publish","format-standard","has-post-thumbnail","hentry","category-agropecuaria","category-aquismon","category-armadillo","category-axtla","category-caneros","category-cnc","category-cedral","category-charcas","category-ciudad","category-ciudad-del-maiz","category-ciudad-fernandez","category-coxcatlan","category-ebano","category-el-naranjo","category-estado","category-guadalcazar","category-inicio","category-lagunillas","category-matehuala","category-matlapa","category-mexquitic","category-municipios","category-nacional","category-rayon","category-rayon-2","category-real-de-catorce","category-rioverde","category-san-ciro","category-sanluispotosi","category-san-martin","category-san-vicente","category-santa-catarina","category-soledad","category-tamasopo","category-tamazunchale","category-tamazunchale-2","category-tampacan","category-tampamolon","category-tamuin","category-tancanhuitz","category-tanlajas","category-villa-de-reyes","category-xilitla"],"_links":{"self":[{"href":"https:\/\/amanecerhuasteco.com\/portal\/wp-json\/wp\/v2\/posts\/104567","targetHints":{"allow":["GET"]}}],"collection":[{"href":"https:\/\/amanecerhuasteco.com\/portal\/wp-json\/wp\/v2\/posts"}],"about":[{"href":"https:\/\/amanecerhuasteco.com\/portal\/wp-json\/wp\/v2\/types\/post"}],"author":[{"embeddable":true,"href":"https:\/\/amanecerhuasteco.com\/portal\/wp-json\/wp\/v2\/users\/1"}],"replies":[{"embeddable":true,"href":"https:\/\/amanecerhuasteco.com\/portal\/wp-json\/wp\/v2\/comments?post=104567"}],"version-history":[{"count":1,"href":"https:\/\/amanecerhuasteco.com\/portal\/wp-json\/wp\/v2\/posts\/104567\/revisions"}],"predecessor-version":[{"id":104569,"href":"https:\/\/amanecerhuasteco.com\/portal\/wp-json\/wp\/v2\/posts\/104567\/revisions\/104569"}],"wp:featuredmedia":[{"embeddable":true,"href":"https:\/\/amanecerhuasteco.com\/portal\/wp-json\/wp\/v2\/media\/104568"}],"wp:attachment":[{"href":"https:\/\/amanecerhuasteco.com\/portal\/wp-json\/wp\/v2\/media?parent=104567"}],"wp:term":[{"taxonomy":"category","embeddable":true,"href":"https:\/\/amanecerhuasteco.com\/portal\/wp-json\/wp\/v2\/categories?post=104567"},{"taxonomy":"post_tag","embeddable":true,"href":"https:\/\/amanecerhuasteco.com\/portal\/wp-json\/wp\/v2\/tags?post=104567"}],"curies":[{"name":"wp","href":"https:\/\/api.w.org\/{rel}","templated":true}]}}