{"id":104633,"date":"2025-04-23T09:38:37","date_gmt":"2025-04-23T15:38:37","guid":{"rendered":"https:\/\/amanecerhuasteco.com\/portal\/?p=104633"},"modified":"2025-04-23T09:38:39","modified_gmt":"2025-04-23T15:38:39","slug":"el-estado-promueve-cuidado-del-medio-ambiente-en-pueblos-originarios","status":"publish","type":"post","link":"https:\/\/amanecerhuasteco.com\/portal\/el-estado-promueve-cuidado-del-medio-ambiente-en-pueblos-originarios\/","title":{"rendered":"El estado promueve cuidado del medio ambiente en pueblos originarios"},"content":{"rendered":"\n<p><br>\u2022 Con m\u00e1s de 300 participantes de El Aguacate, en Aquism\u00f3n, realiza Gobierno Estatal \u201cPor un mundo con ra\u00edces verdes\u201d, fomentando el cuidado de la bi\u00f3sfera.<\/p>\n\n\n\n<p>Con motivo del D\u00eda de la Madre Tierra, que se conmemora este 22 de abril, instituciones educativas ind\u00edgenas, madres y padres de familia, autoridades comunitarias y dependencias estatales se unieron con entusiasmo en el evento \u201cPor un Mundo con Ra\u00edces Verdes\u201d en la comunidad El Aguacate en Aquism\u00f3n, jornada que tuvo como objetivo promover la protecci\u00f3n del medio ambiente y la sostenibilidad, fortaleciendo el compromiso colectivo con el cuidado del planeta<br>La presencia de la comunidad reflej\u00f3 un fuerte sentido de unidad y compromiso, destacando la importancia de involucrar a todos los sectores en acciones concretas para preservar el entorno, como la reforestaci\u00f3n, mediante la donaci\u00f3n de \u00e1rboles end\u00e9micos, fortaleciendo el compromiso con la protecci\u00f3n del medio y a la vez de brindar m\u00e1s apoyo a las comunidades originarias para contribuir a su desarrollo integral, tal como lo ha instruido el Gobernador Ricardo Gallardo Cardona.<br>El evento fue coordinado por el Instituto de Desarrollo Humano y Social de los Pueblos y Comunidades Ind\u00edgenas (Indepi), la Secretar\u00eda de Ecolog\u00eda y Gesti\u00f3n Ambiental (Segam) y el ayuntamiento de Aquism\u00f3n.<\/p>\n","protected":false},"excerpt":{"rendered":"<p>\u2022 Con m\u00e1s de 300 participantes de El Aguacate, en Aquism\u00f3n, realiza Gobierno Estatal \u201cPor un mundo con ra\u00edces verdes\u201d, fomentando el cuidado de la bi\u00f3sfera. Con motivo del D\u00eda de la Madre Tierra, que se conmemora este 22 de abril, instituciones educativas ind\u00edgenas, madres &hellip; <\/p>\n","protected":false},"author":1,"featured_media":104634,"comment_status":"open","ping_status":"open","sticky":false,"template":"","format":"standard","meta":{"footnotes":""},"categories":[13,25,82,7,77,11,4,60,30,31,59,21,53,57,32],"tags":[],"class_list":["post-104633","post","type-post","status-publish","format-standard","has-post-thumbnail","hentry","category-agropecuaria","category-aquismon","category-axtla","category-ciudad","category-el-campo","category-estado","category-inicio","category-rayon","category-rioverde","category-sanluispotosi","category-santa-catarina","category-tamasopo","category-tamazunchale","category-tanlajas","category-xilitla"],"_links":{"self":[{"href":"https:\/\/amanecerhuasteco.com\/portal\/wp-json\/wp\/v2\/posts\/104633","targetHints":{"allow":["GET"]}}],"collection":[{"href":"https:\/\/amanecerhuasteco.com\/portal\/wp-json\/wp\/v2\/posts"}],"about":[{"href":"https:\/\/amanecerhuasteco.com\/portal\/wp-json\/wp\/v2\/types\/post"}],"author":[{"embeddable":true,"href":"https:\/\/amanecerhuasteco.com\/portal\/wp-json\/wp\/v2\/users\/1"}],"replies":[{"embeddable":true,"href":"https:\/\/amanecerhuasteco.com\/portal\/wp-json\/wp\/v2\/comments?post=104633"}],"version-history":[{"count":1,"href":"https:\/\/amanecerhuasteco.com\/portal\/wp-json\/wp\/v2\/posts\/104633\/revisions"}],"predecessor-version":[{"id":104635,"href":"https:\/\/amanecerhuasteco.com\/portal\/wp-json\/wp\/v2\/posts\/104633\/revisions\/104635"}],"wp:featuredmedia":[{"embeddable":true,"href":"https:\/\/amanecerhuasteco.com\/portal\/wp-json\/wp\/v2\/media\/104634"}],"wp:attachment":[{"href":"https:\/\/amanecerhuasteco.com\/portal\/wp-json\/wp\/v2\/media?parent=104633"}],"wp:term":[{"taxonomy":"category","embeddable":true,"href":"https:\/\/amanecerhuasteco.com\/portal\/wp-json\/wp\/v2\/categories?post=104633"},{"taxonomy":"post_tag","embeddable":true,"href":"https:\/\/amanecerhuasteco.com\/portal\/wp-json\/wp\/v2\/tags?post=104633"}],"curies":[{"name":"wp","href":"https:\/\/api.w.org\/{rel}","templated":true}]}}