{"id":104637,"date":"2025-04-24T07:59:14","date_gmt":"2025-04-24T13:59:14","guid":{"rendered":"https:\/\/amanecerhuasteco.com\/portal\/?p=104637"},"modified":"2025-04-24T07:59:16","modified_gmt":"2025-04-24T13:59:16","slug":"productores-nacionales-de-granos-exigen-cumplimiento-de-pagos-y-medidas-contra-aranceles-estadounidenses","status":"publish","type":"post","link":"https:\/\/amanecerhuasteco.com\/portal\/productores-nacionales-de-granos-exigen-cumplimiento-de-pagos-y-medidas-contra-aranceles-estadounidenses\/","title":{"rendered":"Productores nacionales de granos exigen cumplimiento de pagos y medidas contra aranceles estadounidenses"},"content":{"rendered":"\n<p>Por: Julio\u00a0C\u00e9sar\u00a0Caro<\/p>\n\n\n\n<ul class=\"wp-block-list\">\n<li>Agust\u00edn Espinoza Lagunas, secretario general de la COUC, alerta sobre crisis en el sector agr\u00edcola<\/li>\n<\/ul>\n\n\n\n<p>La imposici\u00f3n de aranceles por parte de Estados Unidos podr\u00eda devastar la producci\u00f3n de granos, alert\u00f3 Agust\u00edn Espinoza Lagunas, secretario general de la Coordinaci\u00f3n Organizadora de la Unidad Campesina (COUC). Durante un an\u00e1lisis presentado a medios, detall\u00f3 los graves efectos de estas medidas, que incluyen competencia desleal, p\u00e9rdida de mercados y crisis en el campo sinaloense.<\/p>\n\n\n\n<p>Espinoza Lagunas destac\u00f3 que el dumping de ma\u00edz estadounidense, que se comercializa a precios inferiores a los costos de producci\u00f3n est\u00e1 desplazando al ma\u00edz blanco sinaloense, reconocido por su alta calidad. \u00abNo es justo competir con un producto subsidiado. Urge una denominaci\u00f3n de origen para proteger nuestro ma\u00edz blanco\u201d, exigi\u00f3. Adem\u00e1s, se\u00f1al\u00f3 que los aranceles elevan los precios de exportaci\u00f3n, lo que reduce la competitividad frente a otros pa\u00edses.<\/p>\n\n\n\n<p>El l\u00edder agr\u00edcola sostuvo que hay sectores en riesgo, como la producci\u00f3n de ma\u00edz. La importaci\u00f3n masiva de ma\u00edz amarillo estadounidense amenaza la viabilidad de los productores locales.<\/p>\n\n\n\n<p>En la producci\u00f3n de trigo y arroz la dependencia de importaciones y falta de apoyos agravan la crisis en estos cultivos en el pa\u00eds.<\/p>\n\n\n\n<p>Lo que afecta en gran medida a la econom\u00eda rural por la ca\u00edda de precios y la incertidumbre podr\u00edan provocar p\u00e9rdidas irreparables para miles de familias que dependen totalmente de la agricultura.<\/p>\n\n\n\n<p>El dirigente de la COUC demand\u00f3 al gobierno federal implementar pol\u00edticas protectoras, como subsidios directos, cr\u00e9ditos accesibles y programas de modernizaci\u00f3n de maquinaria e implementos agr\u00edcolas. \u00abSin medidas urgentes, veremos el colapso de la agricultura comercial y social en Sinaloa\u00bb, advirti\u00f3. La organizaci\u00f3n tambi\u00e9n pidi\u00f3 revisar los tratados comerciales para evitar pr\u00e1cticas desleales.<\/p>\n\n\n\n<p>De la misma manera, Agust\u00edn Espinoza denunci\u00f3 el incumplimiento del gobierno federal en el pago de los apoyos extraordinarios de 750 pesos y de los 200 pesos por tonelada a la cobertura prometidos a los productores de ma\u00edz.<\/p>\n\n\n\n<p>La advertencia se da en medio de protestas por el retraso en pagos de apoyos federales y una sequ\u00eda que ha reducido los rendimientos. \u00abLos productores no aguantar\u00e1n m\u00e1s\u00bb, concluy\u00f3 Espinoza Lagunas, subrayando la necesidad de acciones concretas para salvaguardar la soberan\u00eda alimentaria.<\/p>\n\n\n\n<p>Durante conferencia de prensa, Espinoza Lagunas destac\u00f3 que los productores enfrentan una situaci\u00f3n cr\u00edtica debido a la falta de liquidez, altos intereses por financiamientos informales y la sequ\u00eda que afecta los cultivos. \u00abLos productores ya no est\u00e1n en \u00e1nimo de seguir aguantando. Podr\u00eda haber un estallamiento social si no se resuelve este tema\u00bb, advirti\u00f3.<\/p>\n\n\n\n<p>Reconoci\u00f3 la importante gesti\u00f3n del gobernador Rub\u00e9n Rocha Moya y del secretario estatal de Agricultura Ismael Bello Esquivel, para agilizar el proceso de pago de dichos recursos comprometidos que adeuda el gobierno federal y que deber\u00e1 liquidar la Secretar\u00eda de Agricultura y Desarrollo Rural (SADER) que encabeza el nativo de Escuinapa, Sinaloa, Julio Berdegu\u00e9.<\/p>\n\n\n\n<p>Incluso, dijo que las bases pudieran rebasar los liderazgos de las distintas organizaciones de productores en caso de seguir dilatando el proceso de pago de los apoyos comprometidos y que ser\u00eda un aliciente para sortear las m\u00faltiples problem\u00e1ticas financieras para sacar adelante el actual ciclo productivo oto\u00f1o invierno.<\/p>\n","protected":false},"excerpt":{"rendered":"<p>Por: Julio\u00a0C\u00e9sar\u00a0Caro La imposici\u00f3n de aranceles por parte de Estados Unidos podr\u00eda devastar la producci\u00f3n de granos, alert\u00f3 Agust\u00edn Espinoza Lagunas, secretario general de la Coordinaci\u00f3n Organizadora de la Unidad Campesina (COUC). Durante un an\u00e1lisis presentado a medios, detall\u00f3 los graves efectos de estas medidas, &hellip; <\/p>\n","protected":false},"author":1,"featured_media":104638,"comment_status":"open","ping_status":"open","sticky":false,"template":"","format":"standard","meta":{"footnotes":""},"categories":[13,14,28,29,7,22,56,15,55,81,16,4,73,44,26,74,10,12,60,66,71,30,70,31,80,24,59,42,21,88,53,69,85,20,58,57,43,32],"tags":[],"class_list":["post-104637","post","type-post","status-publish","format-standard","has-post-thumbnail","hentry","category-agropecuaria","category-caneros","category-cnc","category-cnpr","category-ciudad","category-ebano","category-el-naranjo","category-ganaderos","category-guadalcazar","category-huehuetlan","category-ingenios","category-inicio","category-lagunillas","category-matehuala","category-matlapa","category-mexquitic","category-municipios","category-nacional","category-rayon","category-rayon-2","category-real-de-catorce","category-rioverde","category-san-ciro","category-sanluispotosi","category-san-martin","category-san-vicente","category-santa-catarina","category-soledad","category-tamasopo","category-tamazunchale-2","category-tamazunchale","category-tampacan","category-tampamolon","category-tamuin","category-tancanhuitz","category-tanlajas","category-villa-de-reyes","category-xilitla"],"_links":{"self":[{"href":"https:\/\/amanecerhuasteco.com\/portal\/wp-json\/wp\/v2\/posts\/104637","targetHints":{"allow":["GET"]}}],"collection":[{"href":"https:\/\/amanecerhuasteco.com\/portal\/wp-json\/wp\/v2\/posts"}],"about":[{"href":"https:\/\/amanecerhuasteco.com\/portal\/wp-json\/wp\/v2\/types\/post"}],"author":[{"embeddable":true,"href":"https:\/\/amanecerhuasteco.com\/portal\/wp-json\/wp\/v2\/users\/1"}],"replies":[{"embeddable":true,"href":"https:\/\/amanecerhuasteco.com\/portal\/wp-json\/wp\/v2\/comments?post=104637"}],"version-history":[{"count":1,"href":"https:\/\/amanecerhuasteco.com\/portal\/wp-json\/wp\/v2\/posts\/104637\/revisions"}],"predecessor-version":[{"id":104639,"href":"https:\/\/amanecerhuasteco.com\/portal\/wp-json\/wp\/v2\/posts\/104637\/revisions\/104639"}],"wp:featuredmedia":[{"embeddable":true,"href":"https:\/\/amanecerhuasteco.com\/portal\/wp-json\/wp\/v2\/media\/104638"}],"wp:attachment":[{"href":"https:\/\/amanecerhuasteco.com\/portal\/wp-json\/wp\/v2\/media?parent=104637"}],"wp:term":[{"taxonomy":"category","embeddable":true,"href":"https:\/\/amanecerhuasteco.com\/portal\/wp-json\/wp\/v2\/categories?post=104637"},{"taxonomy":"post_tag","embeddable":true,"href":"https:\/\/amanecerhuasteco.com\/portal\/wp-json\/wp\/v2\/tags?post=104637"}],"curies":[{"name":"wp","href":"https:\/\/api.w.org\/{rel}","templated":true}]}}