{"id":104640,"date":"2025-04-24T08:00:44","date_gmt":"2025-04-24T14:00:44","guid":{"rendered":"https:\/\/amanecerhuasteco.com\/portal\/?p=104640"},"modified":"2025-04-24T08:00:46","modified_gmt":"2025-04-24T14:00:46","slug":"uamra-uaslp-sera-sede-del-congreso-nacional-e-internacional-de-tecnologia-aplicada-a-ciencias-de-la-salud","status":"publish","type":"post","link":"https:\/\/amanecerhuasteco.com\/portal\/uamra-uaslp-sera-sede-del-congreso-nacional-e-internacional-de-tecnologia-aplicada-a-ciencias-de-la-salud\/","title":{"rendered":"UAMRA-UASLP ser\u00e1 sede del Congreso Nacional e Internacional de Tecnolog\u00eda Aplicada a Ciencias de la Salud\u00a0"},"content":{"rendered":"\n<p><\/p>\n\n\n\n<p>La Universidad Aut\u00f3noma de San Luis Potos\u00ed, a trav\u00e9s de la Unidad Acad\u00e9mica Multidisciplinaria Regi\u00f3n Altiplano (UAMRA) y la Facultad de Medicina, llevar\u00e1 a cabo el XV Congreso Nacional y V Internacional de Tecnolog\u00eda Aplicada a Ciencias de la Salud, bajo el t\u00edtulo de \u201cGeneraci\u00f3n de Nuevas T\u00e9cnicas de Diagn\u00f3stico y Tratamiento\u201d, los d\u00edas 5, 6, y 7 de junio del 2025.&nbsp;<\/p>\n\n\n\n<p>La sede del evento ser\u00e1 la Facultad de Medicina de la UASLP y contar\u00e1 con la participaci\u00f3n de especialistas del Instituto Nacional de Astrof\u00edsica \u00d3ptica y Electr\u00f3nica, la Universidad Nacional Aut\u00f3noma de M\u00e9xico (UNAM), a trav\u00e9s de Salud Digital y del Instituto de Ciencias Aplicadas y Tecnolog\u00eda (ICAT); la Benem\u00e9rita Universidad Aut\u00f3noma de Puebla (BUAP), la Universidad Popular Aut\u00f3noma del Estado de Puebla (UPAEP), la Universidad Iberoamericana Puebla y el Centro de Investigaci\u00f3n en \u00d3ptica de Le\u00f3n (CIO), inform\u00f3 la Dra. Raquel \u00c1vila Rodr\u00edguez.&nbsp;<\/p>\n\n\n\n<p>El programa del Congreso Nacional incluye conferencias, talleres y la presentaci\u00f3n de proyectos a cargo de investigadores y estudiantes. Podr\u00e1n participar alumnos, docentes e investigadores de las carreras de Ingenier\u00eda Biom\u00e9dica, Medicina, Fisioterapia, Biomecatr\u00f3nica, Ingenier\u00eda en Computaci\u00f3n, Ingenier\u00eda en Mecatr\u00f3nica y Estomatolog\u00eda, ya que se expondr\u00e1n desarrollos tecnol\u00f3gicos enfocados en el mejoramiento de la salud de los pacientes.&nbsp;<\/p>\n\n\n\n<p>Este evento se ha realizado en diversas instituciones del pa\u00eds en ediciones anteriores, pero desde el a\u00f1o pasado se otorg\u00f3 la sede a San Luis Potos\u00ed. En 2025, la organizaci\u00f3n estar\u00e1 a cargo de investigadores de la Unidad Acad\u00e9mica Multidisciplinaria Regi\u00f3n Altiplano (UAMRA), quienes lideran la coordinaci\u00f3n del congreso.&nbsp;<\/p>\n\n\n\n<p>Se contar\u00e1 con la participaci\u00f3n de ponentes provenientes de instituciones como la Universidad de Notre Dame en Estados Unidos, as\u00ed como de universidades espa\u00f1olas y de la Universidad de Indiana, entre otras del continente norteamericano.&nbsp;<\/p>\n\n\n\n<p>La primera conferencia del XV Congreso Nacional y V Internacional ser\u00e1 impartida por el doctor Amaury de Jes\u00fas Pozos Guill\u00e9n, secretario de Investigaci\u00f3n y Posgrado de la UASLP.&nbsp;<\/p>\n\n\n\n<p>Las inscripciones est\u00e1n abiertas. La cuota para estudiantes es de 1,200 pesos, y para catedr\u00e1ticos, de 2,500 pesos, v\u00e1lida hasta el 20 de mayo de 2025. Los interesados pueden consultar la p\u00e1gina oficial de registro en:&nbsp;<a rel=\"noreferrer noopener\" target=\"_blank\" href=\"https:\/\/speckle.inaoep.mx\/~tecnologia_salud\/2025\/index.html.\">https:\/\/speckle.inaoep.mx\/~tecnologia_salud\/2025\/index.html.<\/a><\/p>\n","protected":false},"excerpt":{"rendered":"<p>La Universidad Aut\u00f3noma de San Luis Potos\u00ed, a trav\u00e9s de la Unidad Acad\u00e9mica Multidisciplinaria Regi\u00f3n Altiplano (UAMRA) y la Facultad de Medicina, llevar\u00e1 a cabo el XV Congreso Nacional y V Internacional de Tecnolog\u00eda Aplicada a Ciencias de la Salud, bajo el t\u00edtulo de \u201cGeneraci\u00f3n &hellip; <\/p>\n","protected":false},"author":1,"featured_media":104641,"comment_status":"open","ping_status":"open","sticky":false,"template":"","format":"standard","meta":{"footnotes":""},"categories":[13,25,89,82,87,86,67,7,78,62,4,44,60,30,31,59,42],"tags":[],"class_list":["post-104640","post","type-post","status-publish","format-standard","has-post-thumbnail","hentry","category-agropecuaria","category-aquismon","category-armadillo","category-axtla","category-cardenas","category-cedral","category-charcas","category-ciudad","category-ciudad-del-maiz","category-ciudad-fernandez","category-inicio","category-matehuala","category-rayon","category-rioverde","category-sanluispotosi","category-santa-catarina","category-soledad"],"_links":{"self":[{"href":"https:\/\/amanecerhuasteco.com\/portal\/wp-json\/wp\/v2\/posts\/104640","targetHints":{"allow":["GET"]}}],"collection":[{"href":"https:\/\/amanecerhuasteco.com\/portal\/wp-json\/wp\/v2\/posts"}],"about":[{"href":"https:\/\/amanecerhuasteco.com\/portal\/wp-json\/wp\/v2\/types\/post"}],"author":[{"embeddable":true,"href":"https:\/\/amanecerhuasteco.com\/portal\/wp-json\/wp\/v2\/users\/1"}],"replies":[{"embeddable":true,"href":"https:\/\/amanecerhuasteco.com\/portal\/wp-json\/wp\/v2\/comments?post=104640"}],"version-history":[{"count":1,"href":"https:\/\/amanecerhuasteco.com\/portal\/wp-json\/wp\/v2\/posts\/104640\/revisions"}],"predecessor-version":[{"id":104642,"href":"https:\/\/amanecerhuasteco.com\/portal\/wp-json\/wp\/v2\/posts\/104640\/revisions\/104642"}],"wp:featuredmedia":[{"embeddable":true,"href":"https:\/\/amanecerhuasteco.com\/portal\/wp-json\/wp\/v2\/media\/104641"}],"wp:attachment":[{"href":"https:\/\/amanecerhuasteco.com\/portal\/wp-json\/wp\/v2\/media?parent=104640"}],"wp:term":[{"taxonomy":"category","embeddable":true,"href":"https:\/\/amanecerhuasteco.com\/portal\/wp-json\/wp\/v2\/categories?post=104640"},{"taxonomy":"post_tag","embeddable":true,"href":"https:\/\/amanecerhuasteco.com\/portal\/wp-json\/wp\/v2\/tags?post=104640"}],"curies":[{"name":"wp","href":"https:\/\/api.w.org\/{rel}","templated":true}]}}