{"id":104695,"date":"2025-04-26T09:42:22","date_gmt":"2025-04-26T15:42:22","guid":{"rendered":"https:\/\/amanecerhuasteco.com\/portal\/?p=104695"},"modified":"2025-04-26T12:17:23","modified_gmt":"2025-04-26T18:17:23","slug":"temazcalli-inicia-actividades-terapeuticas-familiares","status":"publish","type":"post","link":"https:\/\/amanecerhuasteco.com\/portal\/temazcalli-inicia-actividades-terapeuticas-familiares\/","title":{"rendered":"TEMAZCALLI inicia actividades terap\u00e9uticas familiares"},"content":{"rendered":"\n<p><br>\u2022 El Instituto Temazcalli promueve las Semanas Familiares en la Comunidad Terap\u00e9utica para facilitar la recuperaci\u00f3n de quienes luchan contra las adicciones.<\/p>\n\n\n\n<p>El Gobierno del Estado de San Luis Potos\u00ed, a trav\u00e9s del Instituto Temazcalli, promueve las Semanas Familiares en la Comunidad Terap\u00e9utica, un espacio donde madres, padres, tutores y otros familiares de las y los usuarios reciben informaci\u00f3n clave sobre los trastornos por consumo de sustancias y el proceso de tratamiento. Estas actividades, que incluyen pl\u00e1ticas, talleres y conferencias, buscan fortalecer los lazos familiares y facilitar una convivencia sana, vital para la recuperaci\u00f3n y reintegraci\u00f3n social de las personas en rehabilitaci\u00f3n.<br>Durante estas actividades, se fomenta la participaci\u00f3n activa de las familias en su proceso de acompa\u00f1amiento, promoviendo el di\u00e1logo abierto y la comprensi\u00f3n mutua. La iniciativa forma parte de los esfuerzos del Gobierno para reconstruir el tejido social y apoyar a las familias potosinas en su labor de cuidar y acompa\u00f1ar a sus seres queridos en la lucha contra las adicciones y otros trastornos, contribuyendo as\u00ed a un desarrollo integral y saludable en la comunidad.<\/p>\n","protected":false},"excerpt":{"rendered":"<p>\u2022 El Instituto Temazcalli promueve las Semanas Familiares en la Comunidad Terap\u00e9utica para facilitar la recuperaci\u00f3n de quienes luchan contra las adicciones. El Gobierno del Estado de San Luis Potos\u00ed, a trav\u00e9s del Instituto Temazcalli, promueve las Semanas Familiares en la Comunidad Terap\u00e9utica, un espacio &hellip; <\/p>\n","protected":false},"author":1,"featured_media":104705,"comment_status":"open","ping_status":"open","sticky":false,"template":"","format":"standard","meta":{"footnotes":""},"categories":[13,25,89,82,14,86,67,7,78,62,4,60,30,31,59,42,53,57],"tags":[],"class_list":["post-104695","post","type-post","status-publish","format-standard","has-post-thumbnail","hentry","category-agropecuaria","category-aquismon","category-armadillo","category-axtla","category-caneros","category-cedral","category-charcas","category-ciudad","category-ciudad-del-maiz","category-ciudad-fernandez","category-inicio","category-rayon","category-rioverde","category-sanluispotosi","category-santa-catarina","category-soledad","category-tamazunchale","category-tanlajas"],"_links":{"self":[{"href":"https:\/\/amanecerhuasteco.com\/portal\/wp-json\/wp\/v2\/posts\/104695","targetHints":{"allow":["GET"]}}],"collection":[{"href":"https:\/\/amanecerhuasteco.com\/portal\/wp-json\/wp\/v2\/posts"}],"about":[{"href":"https:\/\/amanecerhuasteco.com\/portal\/wp-json\/wp\/v2\/types\/post"}],"author":[{"embeddable":true,"href":"https:\/\/amanecerhuasteco.com\/portal\/wp-json\/wp\/v2\/users\/1"}],"replies":[{"embeddable":true,"href":"https:\/\/amanecerhuasteco.com\/portal\/wp-json\/wp\/v2\/comments?post=104695"}],"version-history":[{"count":1,"href":"https:\/\/amanecerhuasteco.com\/portal\/wp-json\/wp\/v2\/posts\/104695\/revisions"}],"predecessor-version":[{"id":104697,"href":"https:\/\/amanecerhuasteco.com\/portal\/wp-json\/wp\/v2\/posts\/104695\/revisions\/104697"}],"wp:featuredmedia":[{"embeddable":true,"href":"https:\/\/amanecerhuasteco.com\/portal\/wp-json\/wp\/v2\/media\/104705"}],"wp:attachment":[{"href":"https:\/\/amanecerhuasteco.com\/portal\/wp-json\/wp\/v2\/media?parent=104695"}],"wp:term":[{"taxonomy":"category","embeddable":true,"href":"https:\/\/amanecerhuasteco.com\/portal\/wp-json\/wp\/v2\/categories?post=104695"},{"taxonomy":"post_tag","embeddable":true,"href":"https:\/\/amanecerhuasteco.com\/portal\/wp-json\/wp\/v2\/tags?post=104695"}],"curies":[{"name":"wp","href":"https:\/\/api.w.org\/{rel}","templated":true}]}}