{"id":104706,"date":"2025-04-27T07:07:59","date_gmt":"2025-04-27T13:07:59","guid":{"rendered":"https:\/\/amanecerhuasteco.com\/portal\/?p=104706"},"modified":"2025-04-27T07:08:01","modified_gmt":"2025-04-27T13:08:01","slug":"ceepac-emite-reglas-para-foros-de-debate-de-la-eleccion-del-poder-judicial","status":"publish","type":"post","link":"https:\/\/amanecerhuasteco.com\/portal\/ceepac-emite-reglas-para-foros-de-debate-de-la-eleccion-del-poder-judicial\/","title":{"rendered":"CEEPAC emite reglas para foros de debate de la elecci\u00f3n del poder judicial"},"content":{"rendered":"\n<p><\/p>\n\n\n\n<p>El Consejo Estatal Electoral y de Participaci\u00f3n Ciudadana (Ceepac) aprob\u00f3 en sesi\u00f3n los lineamientos para regular la organizaci\u00f3n, promoci\u00f3n y difusi\u00f3n de foros de debates entre candidaturas de la elecci\u00f3n para personas juzgadoras del poder judicial del estado de San Luis Potos\u00ed, de la elecci\u00f3n local extraordinaria 2025.<\/p>\n\n\n\n<p>La finalidad de los foros de debates es que la ciudadan\u00eda conozca a las candidaturas y sus planteamientos para ejercer su voto de manera informada.<\/p>\n\n\n\n<p>Adem\u00e1s, la instancia organizadora deber\u00e1 establecer con claridad y convocar al foro de debate a todas las personas candidatas que contiendan por el mismo cargo, especialidad y dentro del mismo territorio.<\/p>\n\n\n\n<p>Es importante destacar que las convocatorias a foros de debate deber\u00e1n extenderse a las personas candidatas con al menos 96 horas de antelaci\u00f3n a la fecha prevista para su realizaci\u00f3n.<\/p>\n\n\n\n<p>Los foros de debates podr\u00e1n desarrollarse en las modalidades virtual o presencial como lo determine la instancia que lo organice, lo cual debe de informarse a las personas candidatas desde el momento en que se les convoque a participar.<\/p>\n\n\n\n<p>Los lineamientos establecen que las instancias organizadoras son responsables de garantizar que todas las candidaturas participantes dispongan del mismo tiempo para sus intervenciones; que la persona moderadora que designen d\u00e9 un trato igualitario a todas las candidaturas participantes; y que las personas candidatas participantes conozcan con antelaci\u00f3n la mec\u00e1nica y reglas del foro de debate, los medios de transmisi\u00f3n del mismo y\/o las reglas de acceso al recinto en que se desarrolle, en su caso.<\/p>\n\n\n\n<p>Tambi\u00e9n, se establecen requisitos para las personas moderadoras quienes deber\u00e1n mantener una actitud cordial, imparcial y serena en el desarrollo de los foros de debate.<\/p>\n\n\n\n<p>Cualquier foro de debate debe realizarse dentro de los 30 d\u00edas del plazo de las campa\u00f1as que son del 29 de abril al 28 de mayo de 2025.<\/p>\n\n\n\n<p>Podr\u00e1n organizar foros de debate, instituciones acad\u00e9micas, instituciones del sector p\u00fablico, privado o social, medios de comunicaci\u00f3n, organizaciones de la sociedad civil o colectivos ciudadanos, siempre y cuando cumplan con las disposiciones de los lineamientos y registren su intenci\u00f3n ante el CEEPAC. De conformidad con el marco normativo aplicable, no podr\u00e1n organizar foros de debate los partidos pol\u00edticos con registro o inscripci\u00f3n en el estado.<\/p>\n\n\n\n<p>Las instancias organizadoras deber\u00e1n garantizar a las candidaturas, en todo momento, un trato equitativo durante la organizaci\u00f3n, desarrollo, promoci\u00f3n y difusi\u00f3n del foro de debate.<\/p>\n\n\n\n<p>Con la aprobaci\u00f3n de los lineamientos para la organizaci\u00f3n, promoci\u00f3n y difusi\u00f3n de foros de debates entre candidaturas de la elecci\u00f3n para personas juzgadoras se garantiza que los foros de debate se desarrollen en apego a los principios de certeza, legalidad, independencia, imparcialidad, m\u00e1xima publicidad, equidad, objetividad y profesionalismo.<\/p>\n","protected":false},"excerpt":{"rendered":"<p>El Consejo Estatal Electoral y de Participaci\u00f3n Ciudadana (Ceepac) aprob\u00f3 en sesi\u00f3n los lineamientos para regular la organizaci\u00f3n, promoci\u00f3n y difusi\u00f3n de foros de debates entre candidaturas de la elecci\u00f3n para personas juzgadoras del poder judicial del estado de San Luis Potos\u00ed, de la elecci\u00f3n &hellip; <\/p>\n","protected":false},"author":1,"featured_media":104707,"comment_status":"open","ping_status":"open","sticky":false,"template":"","format":"standard","meta":{"footnotes":""},"categories":[25,89,82,87,86,67,7,78,62,56,55,4,73,44,26,74,10,60,30,31,59,42,21,53,57,43,32],"tags":[],"class_list":["post-104706","post","type-post","status-publish","format-standard","has-post-thumbnail","hentry","category-aquismon","category-armadillo","category-axtla","category-cardenas","category-cedral","category-charcas","category-ciudad","category-ciudad-del-maiz","category-ciudad-fernandez","category-el-naranjo","category-guadalcazar","category-inicio","category-lagunillas","category-matehuala","category-matlapa","category-mexquitic","category-municipios","category-rayon","category-rioverde","category-sanluispotosi","category-santa-catarina","category-soledad","category-tamasopo","category-tamazunchale","category-tanlajas","category-villa-de-reyes","category-xilitla"],"_links":{"self":[{"href":"https:\/\/amanecerhuasteco.com\/portal\/wp-json\/wp\/v2\/posts\/104706","targetHints":{"allow":["GET"]}}],"collection":[{"href":"https:\/\/amanecerhuasteco.com\/portal\/wp-json\/wp\/v2\/posts"}],"about":[{"href":"https:\/\/amanecerhuasteco.com\/portal\/wp-json\/wp\/v2\/types\/post"}],"author":[{"embeddable":true,"href":"https:\/\/amanecerhuasteco.com\/portal\/wp-json\/wp\/v2\/users\/1"}],"replies":[{"embeddable":true,"href":"https:\/\/amanecerhuasteco.com\/portal\/wp-json\/wp\/v2\/comments?post=104706"}],"version-history":[{"count":1,"href":"https:\/\/amanecerhuasteco.com\/portal\/wp-json\/wp\/v2\/posts\/104706\/revisions"}],"predecessor-version":[{"id":104708,"href":"https:\/\/amanecerhuasteco.com\/portal\/wp-json\/wp\/v2\/posts\/104706\/revisions\/104708"}],"wp:featuredmedia":[{"embeddable":true,"href":"https:\/\/amanecerhuasteco.com\/portal\/wp-json\/wp\/v2\/media\/104707"}],"wp:attachment":[{"href":"https:\/\/amanecerhuasteco.com\/portal\/wp-json\/wp\/v2\/media?parent=104706"}],"wp:term":[{"taxonomy":"category","embeddable":true,"href":"https:\/\/amanecerhuasteco.com\/portal\/wp-json\/wp\/v2\/categories?post=104706"},{"taxonomy":"post_tag","embeddable":true,"href":"https:\/\/amanecerhuasteco.com\/portal\/wp-json\/wp\/v2\/tags?post=104706"}],"curies":[{"name":"wp","href":"https:\/\/api.w.org\/{rel}","templated":true}]}}