{"id":104709,"date":"2025-04-27T07:10:10","date_gmt":"2025-04-27T13:10:10","guid":{"rendered":"https:\/\/amanecerhuasteco.com\/portal\/?p=104709"},"modified":"2025-04-27T07:10:12","modified_gmt":"2025-04-27T13:10:12","slug":"en-ciudad-valles-la-secretaria-de-salud-leticia-gomez-ordaz-dio-arranque-a-la-semana-de-vacunacion-en-el-estado","status":"publish","type":"post","link":"https:\/\/amanecerhuasteco.com\/portal\/en-ciudad-valles-la-secretaria-de-salud-leticia-gomez-ordaz-dio-arranque-a-la-semana-de-vacunacion-en-el-estado\/","title":{"rendered":"En Ciudad Valles la secretaria de Salud, Leticia G\u00f3mez Ordaz dio arranque a la Semana de Vacunaci\u00f3n en el Estado."},"content":{"rendered":"\n<p>APLICAR M\u00c1S DE 35 MIL DOSIS, META DE LA SEMANA DE VACUNACI\u00d3N EN SAN LUIS POTOS\u00cd<\/p>\n\n\n\n<ul class=\"wp-block-list\">\n<li><\/li>\n\n\n\n<li>El sector salud en San Luis Potos\u00ed participa en la Semana Nacional de Vacunaci\u00f3n del 26 de abril al 3 de mayo.<\/li>\n<\/ul>\n\n\n\n<p>Con el objetivo de controlar y eliminar ciertas enfermedades, as\u00ed como recuperar esquemas de vacunaci\u00f3n en la poblaci\u00f3n, este 26 de abril inici\u00f3 la Semana Nacional de Vacunaci\u00f3n, estableciendo el sector salud en el Estado de San Luis Potos\u00ed una meta conjunta de aplicar 35 mil 722 dosis.<br>As\u00ed lo afirm\u00f3 la secretaria de Salud, Leticia G\u00f3mez Ordaz al dar el arranque de las actividades en Ciudad Valles.<br>Agreg\u00f3 que para el Gobierno de Ricardo Gallardo Cardona la salud de las y los potosinos es una prioridad, por lo que como entidad rectora la Secretar\u00eda de Salud y los Servicios de Salud participan en la Semana Nacional de Vacunaci\u00f3n del 26 de abril al 3 de mayo, en coordinaci\u00f3n con Servicios de Salud IMSS Bienestar, IMSS ordinario, ISSSTE, SEDENA y PEMEX, y se va a enfatizar en las coberturas contra tosferina y sarampi\u00f3n.<br>Se tiene previsto realizar acciones como iniciar y completar esquemas de vacunaci\u00f3n conforme a los grupos de edad, d\u00f3nde se incluir\u00e1n las siguientes vacunas: Hexavalente (Difteria, T\u00e9tanos, Tos ferina, Poliomielitis, Haemophilus influenzae tipo b, anti hepatitis b), SRP (Sarampi\u00f3n, Rubeola y Parotiditis), DPT (Difteria, Tos ferina y T\u00e9tanos), Anti rotavirus (Diarrea grave por Rotavirus), Antineumoc\u00f3cica Conjugada (Infecciones por neumococo), Vacuna VPH (Virus del Papiloma Humano) a ni\u00f1as y ni\u00f1os que cursan el 5\u00b0 a\u00f1o de primaria y a los de 11 a\u00f1os no escolarizados, as\u00ed como a mujeres de 12 a 16 a\u00f1os rezagadas y personas de 11 a 49 a\u00f1os que viven con VIH, y ni\u00f1as y mujeres de 9 a 19 a\u00f1os en protocolo de atenci\u00f3n por violaci\u00f3n sexual, TdPa (T\u00e9tanos, difteria y tos ferina acelular) mujeres embarazadas a partir de la semana 20 de gestaci\u00f3n, y Td (T\u00e9tanos y Difteria) Personas con esquema completo: aplicar a partir de los 15 a\u00f1os de edad, con refuerzo cada 10 a\u00f1os y personas con esquema incompleto o no documentado: aplicar 3 dosis con intervalos 0, 1, 12 meses, con refuerzo cada 10 a\u00f1os.<br>Se debe acudir con CURP y la Cartilla Nacional de Salud (CNS) de acuerdo al grupo de edad (abarcando desde los reci\u00e9n nacidos, ni\u00f1as y ni\u00f1os, adolescentes, personas embarazadas, adultos y personas adultas mayores) a los centros de salud o los puestos de vacunaci\u00f3n que se ubicaran en puntos concurrentes. Las vacunas con gratuitas y seguras.<\/p>\n","protected":false},"excerpt":{"rendered":"<p>APLICAR M\u00c1S DE 35 MIL DOSIS, META DE LA SEMANA DE VACUNACI\u00d3N EN SAN LUIS POTOS\u00cd Con el objetivo de controlar y eliminar ciertas enfermedades, as\u00ed como recuperar esquemas de vacunaci\u00f3n en la poblaci\u00f3n, este 26 de abril inici\u00f3 la Semana Nacional de Vacunaci\u00f3n, estableciendo &hellip; <\/p>\n","protected":false},"author":1,"featured_media":104710,"comment_status":"open","ping_status":"open","sticky":false,"template":"","format":"standard","meta":{"footnotes":""},"categories":[13,25,89,82,87,86,67,7,78,62,56,11,55,4,73,44,26,74,60,30,31,59,42,21,53,88,69,85,20,58,57,43,32],"tags":[],"class_list":["post-104709","post","type-post","status-publish","format-standard","has-post-thumbnail","hentry","category-agropecuaria","category-aquismon","category-armadillo","category-axtla","category-cardenas","category-cedral","category-charcas","category-ciudad","category-ciudad-del-maiz","category-ciudad-fernandez","category-el-naranjo","category-estado","category-guadalcazar","category-inicio","category-lagunillas","category-matehuala","category-matlapa","category-mexquitic","category-rayon","category-rioverde","category-sanluispotosi","category-santa-catarina","category-soledad","category-tamasopo","category-tamazunchale","category-tamazunchale-2","category-tampacan","category-tampamolon","category-tamuin","category-tancanhuitz","category-tanlajas","category-villa-de-reyes","category-xilitla"],"_links":{"self":[{"href":"https:\/\/amanecerhuasteco.com\/portal\/wp-json\/wp\/v2\/posts\/104709","targetHints":{"allow":["GET"]}}],"collection":[{"href":"https:\/\/amanecerhuasteco.com\/portal\/wp-json\/wp\/v2\/posts"}],"about":[{"href":"https:\/\/amanecerhuasteco.com\/portal\/wp-json\/wp\/v2\/types\/post"}],"author":[{"embeddable":true,"href":"https:\/\/amanecerhuasteco.com\/portal\/wp-json\/wp\/v2\/users\/1"}],"replies":[{"embeddable":true,"href":"https:\/\/amanecerhuasteco.com\/portal\/wp-json\/wp\/v2\/comments?post=104709"}],"version-history":[{"count":1,"href":"https:\/\/amanecerhuasteco.com\/portal\/wp-json\/wp\/v2\/posts\/104709\/revisions"}],"predecessor-version":[{"id":104711,"href":"https:\/\/amanecerhuasteco.com\/portal\/wp-json\/wp\/v2\/posts\/104709\/revisions\/104711"}],"wp:featuredmedia":[{"embeddable":true,"href":"https:\/\/amanecerhuasteco.com\/portal\/wp-json\/wp\/v2\/media\/104710"}],"wp:attachment":[{"href":"https:\/\/amanecerhuasteco.com\/portal\/wp-json\/wp\/v2\/media?parent=104709"}],"wp:term":[{"taxonomy":"category","embeddable":true,"href":"https:\/\/amanecerhuasteco.com\/portal\/wp-json\/wp\/v2\/categories?post=104709"},{"taxonomy":"post_tag","embeddable":true,"href":"https:\/\/amanecerhuasteco.com\/portal\/wp-json\/wp\/v2\/tags?post=104709"}],"curies":[{"name":"wp","href":"https:\/\/api.w.org\/{rel}","templated":true}]}}