{"id":104742,"date":"2025-04-28T11:06:42","date_gmt":"2025-04-28T17:06:42","guid":{"rendered":"https:\/\/amanecerhuasteco.com\/portal\/?p=104742"},"modified":"2025-04-28T11:06:44","modified_gmt":"2025-04-28T17:06:44","slug":"entre-columnas-659","status":"publish","type":"post","link":"https:\/\/amanecerhuasteco.com\/portal\/entre-columnas-659\/","title":{"rendered":"ENTRE COLUMNAS"},"content":{"rendered":"\n<p>HUASTECOS DE PLACEMES&nbsp; POR&nbsp; DOS MEGA OBRAS CARRETERAS PARA ESTE SEXENIO.<\/p>\n\n\n\n<p>En el paquete del Plan M\u00e9xico confirmado por la Presidenta Claudia Sheinbaum, marcar\u00e1 un gigantesco&nbsp; paso de desarrollo y movilidad&nbsp; para&nbsp; el potencial agr\u00edcola y ganadero de la Huasteca&nbsp; potosina, en particular&nbsp; la s\u00faper carretera libre Valles&nbsp; Tampico, que se suma&nbsp; al eje Valles-Tamazunhale.<\/p>\n\n\n\n<p>La Presidenta de M\u00e9xico anunci\u00f3 la confirmaci\u00f3n de construcci\u00f3n del eje carretero Tampico-Ciudad Valles y las rutas Tamazunchale-Huejutla-Pachuca, son dos de los ocho proyectos que impulsar\u00e1 la Federaci\u00f3n en todo el pa\u00eds como parte del Plan M\u00e9xico, que contempla la construcci\u00f3n y ampliaci\u00f3n del eje carretero Tampico-Ciudad Valles y las rutas Tamazunchale-Huejutla-Pachuca, dos de ocho proyectos que suman mil 970 kil\u00f3metros de v\u00edas, adem\u00e1s del mantenimiento de 44 mil kil\u00f3metros de red carretera federal. \u201cLa visi\u00f3n de la Presidenta refleja un compromiso con un desarrollo sustentable e inclusivo, que beneficia a todos los mexicanos\u201d,<\/p>\n\n\n\n<p>++++++++++++++++++<\/p>\n\n\n\n<p>FUNCIONARIA&nbsp; HUASTECA&nbsp; REPRESENT\u00d3 A&nbsp; MEXICANOS EN FUNERALES DEL PAPA FRANCISCO.<\/p>\n\n\n\n<p>La Huasteca potosina Rosa Icela<\/p>\n\n\n\n<p>Rodr\u00edguez Secretaria de Gobernaci\u00f3n represent\u00f3 a M\u00e9xico en el funeral del Papa Francisco con la&nbsp; representaci\u00f3n de la presidenta Claudia Sheinbaum, evento ocurrido&nbsp; en El Vaticano el pasado s\u00e1bado 26 de abril&nbsp; a las 10:00 am (hora local) en la Plaza de San Pedro al que asistieron jefes de Estado de diversas partes del mundo.&nbsp; El papa solicit\u00f3 un sepulcro sencillo, \u201csin decoraci\u00f3n particular y con la \u00fanica inscripci\u00f3n: Franciscus\u201d.<\/p>\n\n\n\n<p>+++++++++++<\/p>\n\n\n\n<p>P r e&nbsp; s t a m o s<\/p>\n\n\n\n<p>de&nbsp; dinero inmediatos a pensionados<\/p>\n\n\n\n<h2 class=\"wp-block-heading\">CFE, ISSSTE.FFCC, SCT, PEMEX,<\/h2>\n\n\n\n<h2 class=\"wp-block-heading\">ACTIVOS Y JUBILADOS&nbsp; IMSS<\/h2>\n\n\n\n<h1 class=\"wp-block-heading\">SIN AFECTAR TARJETON.<\/h1>\n\n\n\n<h2 class=\"wp-block-heading\">Ll\u00e1menos las 24 hrs del d\u00eda<\/h2>\n\n\n\n<h1 class=\"wp-block-heading\">LLAMENOS 4811039565<\/h1>\n\n\n\n<h1 class=\"wp-block-heading\">CREDITO INMEDIATO<\/h1>\n\n\n\n<p>}++++++++++++<\/p>\n\n\n\n<p>SUE\u00d1AN PRIISTAS CON \u201cSU EDIFICIO PROPIO\u201d<\/p>\n\n\n\n<p>Los tricolores&nbsp; de&nbsp; Valles, impulsados por&nbsp; JJOA&nbsp; quien buscaba&nbsp; reelegirse&nbsp; en la alcald\u00eda&nbsp; de Valles, que tuvieron su ultimo gobernador del estado, realizaron el proyecto de&nbsp; contar con su edificio propio (los&nbsp; panistas ya&nbsp; ten\u00edan su casa) el mun\u00edcipe en turno design\u00f3 a su primer&nbsp; regidor&nbsp; responsable de materializar&nbsp; el proyecto, \u00e9ste&nbsp; se logr\u00f3&nbsp; pero los&nbsp; militantes y directivos NUNCA&nbsp; han logrado poner un pie&nbsp; en&nbsp; el inmueble, cuando ser\u00eda&nbsp; inaugurado, tuvieron que deshacerse&nbsp; del anuncio impreso porque&nbsp; la&nbsp; autoridad&nbsp; electoral dictamin\u00f3 su improcedencia por&nbsp; una&nbsp; denuncia panista.<\/p>\n\n\n\n<p>Citamos&nbsp; lo anterior derivado&nbsp; de las declaraciones del nuevo Secretario&nbsp; general del CDE&nbsp; del RIP&nbsp; Francisco Joel Limas Rivera en su visita&nbsp; hace&nbsp; algunas semanas anunci\u00f3 que en unos d\u00edas abrir\u00edan el edificio abandonado y que construy\u00f3 el Comit\u00e9 Municipal de ese partido cuando fue su presidente Manuel Galicia, durante el segundo trienio de Juan Jos\u00e9 Ortiz Azuara (2012-2015).<\/p>\n\n\n\n<p>De acuerdo con antecedentes; la&nbsp; obra supuestamente fue financiada por el partido, pero un&nbsp; abogado panista&nbsp; ahora funcionario municipal VERDE&nbsp;&nbsp; demostr\u00f3&nbsp; que hubo sospechas&nbsp;&nbsp; que algunas partidas salieron del municipio y para demostrarlo se&nbsp; hicieron p\u00fablicos los descuentos&nbsp; forzados de&nbsp; sueldos de funcionarios de la DAPAS&nbsp; hasta de 4 mil pesos.<\/p>\n\n\n\n<p>El otro problema es que el inmueble se&nbsp; construy\u00f3 en terreno en litigio, aunque ahora dicen que la cesi\u00f3n se concret\u00f3, no han demostrado p\u00fablicamente&nbsp; documentos&nbsp; que lo prueben. Incluso anteriores&nbsp; directivos&nbsp; del RIP&nbsp; estatal se\u00f1alaron que&nbsp; para regularizar&nbsp; la posesi\u00f3n el proceso exig\u00eda escriturar a nombre del ejecutivo nacional, aunque nunca mas se&nbsp; habl\u00f3 del caso hasta ahora que lleg\u00f3 el ex alcalde&nbsp; Tamuinense.&nbsp;<\/p>\n\n\n\n<p>Aun hay mas. Ahora seg\u00fan el dirigente visitante, en cuanto hagan los contratos de suministro de agua y&nbsp;&nbsp; con la CFE&nbsp; ocuparan las oficinas ubicadas&nbsp; por la avenida PAS.<\/p>\n\n\n\n<p>+++++++++++++.<\/p>\n\n\n\n<h1 class=\"wp-block-heading\">CARROCERIAS&nbsp; BUSTOS<\/h1>\n\n\n\n<h2 class=\"wp-block-heading\">Reforma y Lerdo de tejada Col. Altavista.<\/h2>\n\n\n\n<h2 class=\"wp-block-heading\">Cd Valles SLP&nbsp; Tel. 3824777.<\/h2>\n\n\n\n<p>En carrocer\u00edas para camiones y camionetas nadie nos compite.<\/p>\n\n\n\n<p>+++++++<\/p>\n\n\n\n<p>POZOS&nbsp; PARA ABASTO DE AGUA A VALLES ES PRIORITARIO.<\/p>\n\n\n\n<p>5 MDP&nbsp;&nbsp; SOBREPRECIO&nbsp; DE&nbsp; POZOS&nbsp; EN MENOS DE UN&nbsp; A\u00d1O-<\/p>\n\n\n\n<p>Ya pas\u00f3 la&nbsp; chiflazon de la feria&nbsp; organizada desde&nbsp; la capirucha, ahora&nbsp; la autoridad&nbsp; municipal de Valles&nbsp;&nbsp; debe atender&nbsp; sus funciones y no ausentarse&nbsp;&nbsp; un d\u00eda y otro tambi\u00e9n, las&nbsp; necesidades&nbsp; de la poblaci\u00f3n&nbsp; reclaman su atenci\u00f3n y&nbsp; sobre todo&nbsp; continuar con el proyecto de los pozos&nbsp; profundos&nbsp; para extraer&nbsp; agua&nbsp; para&nbsp; la poblaci\u00f3n, si bien&nbsp; el&nbsp; proyecto fue presupuestado en&nbsp; 40&nbsp; millones de pesos, lo&nbsp; elevaron CINCO&nbsp; MDP&nbsp; mas&nbsp; en un a\u00f1o, porqu\u00e9&nbsp; esperar el siguiente&nbsp; para que el costo suba&nbsp; cinco o diez&nbsp; millones de pesos si ya se tiene&nbsp;&nbsp; disponible&nbsp; el recurso para&nbsp; la obra prioritaria.<\/p>\n\n\n\n<p>A principios de a\u00f1o, no se hizo oficial&nbsp; la&nbsp; reuni\u00f3n que hubo&nbsp; entre el alcalde&nbsp; y de la C E A&nbsp; para&nbsp; abordar el asunto de los pozos, sobre el caso&nbsp; que&nbsp; debe ser&nbsp; muy importante para la urbe Huasteca, solo una&nbsp; \u201cnota&nbsp; period\u00edstica perdida\u201d sin detalles&nbsp; o de donde&nbsp; recuperar\u00e1&nbsp; la administraci\u00f3n municipal los 40 MDP&nbsp; que desvi\u00f3&nbsp; enterr\u00e1ndolos en drenajes&nbsp; colapsados&nbsp; seg\u00fan justificaci\u00f3n del mismo alcalde.<\/p>\n\n\n\n<p>La&nbsp; disposici\u00f3n&nbsp; m\u00e1s&nbsp; no aplicaci\u00f3n de un REGLA para priorizar el consumo de agua&nbsp; a la poblaci\u00f3n, solicitando, no ordenando a los ca\u00f1eros evitar&nbsp; sustracci\u00f3n de agua del r\u00edo Valles&nbsp; durante&nbsp; dos semanas, demostr\u00f3&nbsp; que el uso sin control de la CNA fue lo que ocasion\u00f3 &nbsp;la crisis&nbsp; del&nbsp; agua&nbsp; del&nbsp;&nbsp; a\u00f1o&nbsp; pasado,&nbsp; el&nbsp; r\u00edo aunque&nbsp; con un nivel&nbsp; cr\u00edtico abastece&nbsp; a&nbsp; los habitantes de agua, el ciclo de estiaje&nbsp; ser\u00e1 de 4&nbsp; meses, el ciclo posible de lluvias seg\u00fan pronostican&nbsp; expertos ser\u00e1 hasta el mes de septiembre.<\/p>\n\n\n\n<p>Respecto a los pozos profundos<\/p>\n\n\n\n<p>&nbsp;para proveer de agua a la poblaci\u00f3n, estiman 45 MDP &nbsp;para proveer de agua en caso de que se seque el r\u00edo su ubicaci\u00f3n estar\u00edan en El Zocohuite y en Montecillos.<\/p>\n\n\n\n<p>La&nbsp; escueta&nbsp; noticia&nbsp; revelada&nbsp; revela que los pozos son parte de un proyecto del Gobierno estado &nbsp;para&nbsp; garantizar agua a Valles, para que no sea solamente el R\u00edo Valles este&nbsp; ser\u00eda&nbsp; m\u00e1s&nbsp; aprovechado para&nbsp; riego de plant\u00edos.<\/p>\n\n\n\n<p>. Finalmente los&nbsp; pozos de abastecimiento ser\u00eda de 25 millones, m\u00e1s 20 millones de pesos de la&nbsp; red y accesorios hasta&nbsp; la planta de la DAPAS.&nbsp; Fue&nbsp; necesaria la intervenci\u00f3n del estado. Definitivamente.<\/p>\n\n\n\n<p>+++++++++++++<\/p>\n\n\n\n<p>QFB&nbsp; FABIOLA GARCIA ALVAREZ<\/p>\n\n\n\n<h2 class=\"wp-block-heading\">Perito dictaminador en an\u00e1lisis bacteriol\u00f3gico de agua<\/h2>\n\n\n\n<h2 class=\"wp-block-heading\">Y alimentos con n\u00famero GES-PD 0705<\/h2>\n\n\n\n<h2 class=\"wp-block-heading\">Perito dictaminador en&nbsp; estupefacientes GES-PD0523<\/h2>\n\n\n\n<h2 class=\"wp-block-heading\">Maestr\u00eda&nbsp; en an\u00e1lisis cl\u00ednicos 1301 \u2013 368068<\/h2>\n\n\n\n<p>Ced&nbsp; prof&nbsp; 8664204&nbsp;&nbsp; Tel. 38 1 66 64Asesor\u00eda,&nbsp; auditor\u00eda&nbsp; y gesti\u00f3n ambiental. G. Victoria No. 8&nbsp; zona centro Cd Valles<\/p>\n\n\n\n<p>++++++++++++<\/p>\n\n\n\n<p>CUANDO Y DONDE&nbsp; EL PARQUE INDUSTRIAL DE VALLES.<\/p>\n\n\n\n<p>+.- Salvo dos hoteles, llegaron franquicias que&nbsp; requieren poco personal.<\/p>\n\n\n\n<p>+.\u00b4 Mientras el anunciado Parque industrial en Valles, ni siquiera se sabe d\u00f3nde est\u00e1 el terreno.<\/p>\n\n\n\n<p>El mun\u00edcipe a principios de&nbsp; a\u00f1o de su segundo periodo&nbsp; administrativo dijo que&nbsp; habr\u00eda una&nbsp; inversi\u00f3n millonaria en el primer trimestre del 2025 para Valles, y se&nbsp; cumpli\u00f3, la&nbsp; urbe&nbsp; esta&nbsp; invadida d&nbsp; establecimientos&nbsp; gringos de comida r\u00e1pida, tambi\u00e9n el potencial tur\u00edstico natural&nbsp; atrajo inversiones<\/p>\n\n\n\n<p>del sector tur\u00edstico que ya&nbsp; construye dos&nbsp; hoteles&nbsp; de categor\u00eda del primer mundo, tambi\u00e9n se&nbsp; interesan empresarios de&nbsp; servicios&nbsp; y distribuidores&nbsp; de automoviles<\/p>\n\n\n\n<p>Est\u00e1&nbsp; en construcci\u00f3n el Hotel Hilton y pr\u00f3ximamente&nbsp; tambi\u00e9n el hotel Holiday Inn, las obras de seis estaciones gasolineras.<\/p>\n\n\n\n<p>+++++++++++++<\/p>\n\n\n\n<p>&nbsp;\u201cFINCA&nbsp; SAN ISIDRO\u201d<\/p>\n\n\n\n<h2 class=\"wp-block-heading\">Sal\u00f3n para fiestas de todo tipo.<\/h2>\n\n\n\n<h2 class=\"wp-block-heading\">Carretera Valles \u2013 R\u00edo Verde Km. 8<\/h2>\n\n\n\n<h2 class=\"wp-block-heading\">Contrataciones al Tel. 01 481<\/h2>\n\n\n\n<p>++++<\/p>\n\n\n\n<p>DEVALUADOS ARTISTAS A EVENTOS FESTIVOS&nbsp; DE VALLES.<\/p>\n\n\n\n<p>Al pueblo diversiones aunque&nbsp; mediocres, bebidas&nbsp; embriagantes en cantidades&nbsp; industriales&nbsp; y para los organizadores&nbsp; llenarse&nbsp; los bolsillos de dinero mientras la&nbsp; comunidad reclama atenci\u00f3n para&nbsp; &nbsp;pavimentar calles&nbsp; en colonias importantes, el bacheo de calles&nbsp; reci\u00e9n pavimentadas, una&nbsp; mejor seguridad p\u00fablica, atender&nbsp; lo mas&nbsp; elemental y no gastar millones de pesos&nbsp; en&nbsp; una feria&nbsp;&nbsp; que no es&nbsp; un real&nbsp; escaparate&nbsp; del potencial de&nbsp; Ciudad Valles y la&nbsp; regi\u00f3n, es&nbsp; una&nbsp; CANTINOTA.<\/p>\n\n\n\n<p>En cuanto a la&nbsp; presentaci\u00f3n de artistas son los mismos devaluados&nbsp; que cada a\u00f1o&nbsp; son contratados desde la c\u00fapula pol\u00edtica e impuestos a&nbsp; eventos&nbsp; festivos en el interior del estado, ejemplo hubo una variaci\u00f3n con la presentaci\u00f3n de<\/p>\n\n\n\n<p>Yuri que ciertamente engalan\u00f3 la inauguraci\u00f3n de la Feria &nbsp;2025 de Valles, los&nbsp;&nbsp; dem\u00e1s fueron los mismos de&nbsp; a\u00f1os pasados.&nbsp; Ha&nbsp; trascendido&nbsp; que&nbsp; los ganones&nbsp; fueron los que acapararon la exclusiva&nbsp; por venta de cerveza&nbsp; y de los locales estrat\u00e9gicos.<\/p>\n\n\n\n<p>&nbsp;Habr\u00e1 que esperar un a\u00f1o&nbsp; como suele ocurrir&nbsp; para&nbsp; que los expositores&nbsp; paguen y se&nbsp; presente el informe financiero del evento.<\/p>\n\n\n\n<p>+++++++++<\/p>\n\n\n\n<p>EN&nbsp; EL PAN.<\/p>\n\n\n\n<p>NO PASA&nbsp; NADA,<\/p>\n\n\n\n<p>VERO FIRME.<\/p>\n\n\n\n<p>Hay confusi\u00f3n&nbsp; entre los militantes&nbsp; efectivos&nbsp; del PAN de los municipios donde existen&nbsp; reconocidos&nbsp; comit\u00e9s&nbsp; y sus&nbsp; consejeros, algunos de ellos se&nbsp; niegan a&nbsp; identificarse por su denuncia&nbsp; de&nbsp; inconformidad porque su dirigente estatal<\/p>\n\n\n\n<p>Ver\u00f3nica &nbsp;Rodr\u00edguez desobedece al Tribunal Electoral en acatar la sentencia que los magistrados impusieron por malas pr\u00e1cticas&nbsp; durante&nbsp; el pasado proceso&nbsp; en la que la Senadora&nbsp; result\u00f3 reelecta<\/p>\n\n\n\n<p>Aqu\u00ed&nbsp; informamos la inquietud&nbsp; posterior a la reelecci\u00f3n como dirigente estatal del PAN la Senadora Ver\u00f3nica Rodr\u00edguez Hern\u00e1ndez, &nbsp;se\u00f1alada por desacatar la sentencia del Tribunal Electoral del Estado (TEESLP), que orden\u00f3 la reposici\u00f3n del proceso de elecci\u00f3n interna del Comit\u00e9 Directivo Estatal (CDE) debido a irregularidades detectadas en el proceso anterior. La resoluci\u00f3n, emitida el pasado 14 de febrero, ordena al partido realizar nuevamente las asambleas en nueve comit\u00e9s municipales para definir el m\u00e9todo de elecci\u00f3n del CDE y garantizar un proceso transparente.<\/p>\n\n\n\n<p>Lidia Arg\u00fcello Acosta, aspirante a la dirigencia estatal, denunci\u00f3 que la actual presidenta del CDE ha incumplido el fallo al no ejecutar las acciones necesarias dentro del plazo establecido de 30 d\u00edas. Aunque Rodr\u00edguez argument\u00f3 que se convoc\u00f3 a una sesi\u00f3n de la Comisi\u00f3n Permanente para abordar el tema, esta no cont\u00f3 con el qu\u00f3rum legal, lo que impidi\u00f3 cualquier avance. Arg\u00fcello sostiene que la falta de qu\u00f3rum fue parte de una estrategia pol\u00edtica para retrasar la reposici\u00f3n del proceso, mientras Rodr\u00edguez espera una resoluci\u00f3n de la impugnaci\u00f3n presentada ante la Sala Regional Monterrey del Tribunal Electoral del Poder Judicial de la Federaci\u00f3n&nbsp; que&nbsp; aval\u00f3 la sentencia del Tribunal estatal&nbsp; donde&nbsp; sigue pendiente cumplir&nbsp; la disposici\u00f3n.<\/p>\n\n\n\n<p>+++++++++++++++++++++++++++<\/p>\n\n\n\n<p>CU\u00c1NTO&nbsp; ACUMULARON EN MULTAS APLICADAS A INCENDIARIOS DE CAMPOS.<\/p>\n\n\n\n<p>Para&nbsp; vigilar&nbsp; que&nbsp; los&nbsp; agricultores ca\u00f1eros&nbsp; evitaran&nbsp;&nbsp; el&nbsp; irracional riego de&nbsp; sus&nbsp; plantaciones de&nbsp;&nbsp;&nbsp; la gram\u00ednea&nbsp; durante&nbsp; el&nbsp; estiaje&nbsp; en esta&nbsp; \u00e9poca&nbsp; del a\u00f1o, fue&nbsp; constituido un comit\u00e9 de&nbsp; vigilancia con representantes de todos los entes&nbsp; involucrados, acordaron inclusive crear un &nbsp;fondo con multas que ser\u00edan&nbsp; aplicadas a&nbsp; los involucrados por incendios para tener recursos &nbsp;para combatirlos. No se&nbsp; inform\u00f3 de montos&nbsp; de&nbsp; sanciones, aclarando que a los reincidentes que&nbsp; lo hicieran por segunda ocasi\u00f3n. La quema&nbsp; de&nbsp; los plant\u00edos de ca\u00f1a&nbsp; fue&nbsp; una modalidad&nbsp; adoptada en esta regi\u00f3n, los&nbsp; primeros a\u00f1os de molienda del IPA los&nbsp; cortadores&nbsp; limpiaban la paja&nbsp; de la ca\u00f1a, no hab\u00eda incendios ni contingencias de&nbsp; calor&nbsp; ambientales, pero empezaron con las&nbsp; quemas &nbsp;que sin control forestal alguno provocan&nbsp; siniestros y da\u00f1os colaterales.<\/p>\n\n\n\n<p>En esta ciudad&nbsp; y ante el clamor de la poblaci\u00f3n, las &nbsp;autoridades de Agricultura, Gesti\u00f3n Ambiental y Protecci\u00f3n Civil del Estado acordaron un alto a las quemas y &nbsp;medidas de sanci\u00f3n para quien las provoque,&nbsp; al mismo tiempo se&nbsp; cre\u00f3&nbsp; el comit\u00e9 de&nbsp; vigilancia y acordaron sanciones&nbsp; econ\u00f3micas con la finalidad es crear un fondo de recaudaci\u00f3n con las multas impuestas a quien haga quemas y provoque incendios, los fondos se&nbsp; aplicaran para combatir los siniestros. Son de &nbsp;500 y 1500 UMAS, es decir entre 50 y 170 mil pesos.<\/p>\n\n\n\n<p>+++++++++++++<\/p>\n\n\n\n<h1 class=\"wp-block-heading\">\u201cCAF\u00c9 Y RESTAURANT&nbsp; EL FAROLITO<\/h1>\n\n\n\n<p>Lo mejor de la cocina Huasteca; el tradicional zacahuil y cazueladas .Atendemos toda clase de&nbsp; festejos. Pedidos al Tel&nbsp; 3821017 Ciudad Valles SLP<\/p>\n\n\n\n<p>+++++++++++++<\/p>\n\n\n\n<p>davidfloresg_43@hotmail.com<\/p>\n\n\n\n<h1 class=\"wp-block-heading\">&nbsp;<\/h1>\n","protected":false},"excerpt":{"rendered":"<p>HUASTECOS DE PLACEMES&nbsp; POR&nbsp; DOS MEGA OBRAS CARRETERAS PARA ESTE SEXENIO. En el paquete del Plan M\u00e9xico confirmado por la Presidenta Claudia Sheinbaum, marcar\u00e1 un gigantesco&nbsp; paso de desarrollo y movilidad&nbsp; para&nbsp; el potencial agr\u00edcola y ganadero de la Huasteca&nbsp; potosina, en particular&nbsp; la s\u00faper &hellip; <\/p>\n","protected":false},"author":1,"featured_media":104743,"comment_status":"open","ping_status":"open","sticky":false,"template":"","format":"standard","meta":{"footnotes":""},"categories":[17,4],"tags":[],"class_list":["post-104742","post","type-post","status-publish","format-standard","has-post-thumbnail","hentry","category-colaboraciones","category-inicio"],"_links":{"self":[{"href":"https:\/\/amanecerhuasteco.com\/portal\/wp-json\/wp\/v2\/posts\/104742","targetHints":{"allow":["GET"]}}],"collection":[{"href":"https:\/\/amanecerhuasteco.com\/portal\/wp-json\/wp\/v2\/posts"}],"about":[{"href":"https:\/\/amanecerhuasteco.com\/portal\/wp-json\/wp\/v2\/types\/post"}],"author":[{"embeddable":true,"href":"https:\/\/amanecerhuasteco.com\/portal\/wp-json\/wp\/v2\/users\/1"}],"replies":[{"embeddable":true,"href":"https:\/\/amanecerhuasteco.com\/portal\/wp-json\/wp\/v2\/comments?post=104742"}],"version-history":[{"count":1,"href":"https:\/\/amanecerhuasteco.com\/portal\/wp-json\/wp\/v2\/posts\/104742\/revisions"}],"predecessor-version":[{"id":104744,"href":"https:\/\/amanecerhuasteco.com\/portal\/wp-json\/wp\/v2\/posts\/104742\/revisions\/104744"}],"wp:featuredmedia":[{"embeddable":true,"href":"https:\/\/amanecerhuasteco.com\/portal\/wp-json\/wp\/v2\/media\/104743"}],"wp:attachment":[{"href":"https:\/\/amanecerhuasteco.com\/portal\/wp-json\/wp\/v2\/media?parent=104742"}],"wp:term":[{"taxonomy":"category","embeddable":true,"href":"https:\/\/amanecerhuasteco.com\/portal\/wp-json\/wp\/v2\/categories?post=104742"},{"taxonomy":"post_tag","embeddable":true,"href":"https:\/\/amanecerhuasteco.com\/portal\/wp-json\/wp\/v2\/tags?post=104742"}],"curies":[{"name":"wp","href":"https:\/\/api.w.org\/{rel}","templated":true}]}}