{"id":104833,"date":"2025-05-01T08:31:15","date_gmt":"2025-05-01T14:31:15","guid":{"rendered":"https:\/\/amanecerhuasteco.com\/portal\/?p=104833"},"modified":"2025-05-01T08:31:18","modified_gmt":"2025-05-01T14:31:18","slug":"2024-fue-el-ano-de-la-vinculacion-social-en-la-uaslp","status":"publish","type":"post","link":"https:\/\/amanecerhuasteco.com\/portal\/2024-fue-el-ano-de-la-vinculacion-social-en-la-uaslp\/","title":{"rendered":"2024, fue el a\u00f1o de la vinculaci\u00f3n social en la UASLP"},"content":{"rendered":"\n<p><\/p>\n\n\n\n<p>-El rector Alejandro Zerme\u00f1o reafirm\u00f3 el compromiso de la instituci\u00f3n con el desarrollo de SLP<\/p>\n\n\n\n<p>Al rendir su primer informe de actividades correspondiente al segundo periodo de gesti\u00f3n 2024-2028, el rector de la Universidad Aut\u00f3noma de San Luis Potos\u00ed (UASLP), doctor Alejandro Javier Zerme\u00f1o Guerra, afirm\u00f3 que 2024 fue un a\u00f1o marcado por la consolidaci\u00f3n de la vinculaci\u00f3n social como eje transformador de la vida universitaria. Destac\u00f3 que la instituci\u00f3n no s\u00f3lo resisti\u00f3 los desaf\u00edos recientes, sino que evolucion\u00f3 y se fortaleci\u00f3, lo que reafirm\u00f3 su compromiso con el desarrollo de San Luis Potos\u00ed y del pa\u00eds.<\/p>\n\n\n\n<p>Zerme\u00f1o Guerra, present\u00f3 este informe con fundamento en el art\u00edculo 59, fracci\u00f3n VIII del Estatuto Org\u00e1nico, ante las y los integrantes del Consejo Directivo Universitario, la Junta Suprema de Gobierno, Consejo Asesor Externo, funcionarios de distintos \u00f3rdenes de gobierno, invitados especiales, comunidad universitaria, as\u00ed como el p\u00fablico que asisti\u00f3 a la ceremonia realizada en el Auditorio Rafael Nieto.<\/p>\n\n\n\n<p>En su mensaje, el rector subray\u00f3 que la universidad no se detuvo ante la adversidad, sino que avanz\u00f3 con determinaci\u00f3n para actualizar sus programas acad\u00e9micos, incorporar nuevas modalidades educativas \u2014como la primera licenciatura cien por ciento en l\u00ednea\u2014, y ampliar su cobertura regional con infraestructura estrat\u00e9gica.<\/p>\n\n\n\n<p>Asimismo, enfatiz\u00f3 la calidad docente y el reconocimiento internacional de varios programas, como las acreditaciones ABET y ANECA en la Facultad de Ingenier\u00eda, as\u00ed como el primer lugar nacional de la Facultad de Medicina, en el ENARM.<\/p>\n\n\n\n<p>Celebr\u00f3 el papel de la comunidad universitaria en la generaci\u00f3n de conocimiento \u00fatil, \u00e9tico y con impacto social, pues a trav\u00e9s de sus investigaciones, la instituci\u00f3n se vincula y da respuesta a las necesidades del entorno. Los proyectos desarrollados abordan los principales desaf\u00edos tecnol\u00f3gicos, sociales, ambientales, industriales, culturales y de salud, con un enfoque de responsabilidad y compromiso \u00e9tico.<\/p>\n\n\n\n<p>En este tenor, el doctor Zerme\u00f1o Guerra resalt\u00f3 logros en investigaci\u00f3n aplicada, como la consolidaci\u00f3n del Laboratorio BSL-3 de la Facultad de Medicina, reconocido como Laboratorio Nacional por la Secretar\u00eda de Ciencia, Humanidades, Tecnolog\u00eda e Innovaci\u00f3n (Secihti) y el trabajo de la instituci\u00f3n como Centro Colaborador de M\u00e9xico ante la Organizaci\u00f3n Mundial de la Salud (OMS) y la Organizaci\u00f3n Panamericana de la Salud (OPS), en temas de salud ambiental infantil.<\/p>\n\n\n\n<p>A trav\u00e9s de la Secretar\u00eda de Vinculaci\u00f3n Social, la UASLP cont\u00f3 con un espacio de coordinaci\u00f3n estrat\u00e9gica para atender problemas sociales urgentes de forma interdisciplinar. Se generaron alianzas con municipios, sectores productivos y organizaciones civiles, en beneficio de miles de personas.<\/p>\n\n\n\n<p>Adem\u00e1s, reafirm\u00f3 que la UASLP ha fortalecido su pol\u00edtica institucional de equidad, inclusi\u00f3n y sostenibilidad. Mencion\u00f3 avances en protocolos de atenci\u00f3n a la violencia de g\u00e9nero, la apertura del Museo Universitario, del Unilab y la Unifarmacia, el reconocimiento a nivel nacional por sus pr\u00e1cticas ambientales. En el plano de la gesti\u00f3n, reiter\u00f3 la defensa activa de la autonom\u00eda universitaria, la b\u00fasqueda de la autonom\u00eda financiera y la rendici\u00f3n transparente de cuentas ante organismos fiscalizadores.<\/p>\n\n\n\n<p>Para concluir, el rector llam\u00f3 a la comunidad a mantener el rumbo trazado en el Plan de Desarrollo Institucional 2024\u20132030. \u201cNo s\u00f3lo ense\u00f1amos ciencia, ense\u00f1amos con compromiso social, con innovaci\u00f3n y con pasi\u00f3n\u201d, afirm\u00f3. As\u00ed, con visi\u00f3n transformadora, Zerme\u00f1o Guerra reafirm\u00f3 su compromiso con la educaci\u00f3n p\u00fablica, con San Luis Potos\u00ed y con una universidad que piensa, crea, sirve y es profundamente responsable con la sociedad a la que se debe.<\/p>\n","protected":false},"excerpt":{"rendered":"<p>-El rector Alejandro Zerme\u00f1o reafirm\u00f3 el compromiso de la instituci\u00f3n con el desarrollo de SLP Al rendir su primer informe de actividades correspondiente al segundo periodo de gesti\u00f3n 2024-2028, el rector de la Universidad Aut\u00f3noma de San Luis Potos\u00ed (UASLP), doctor Alejandro Javier Zerme\u00f1o Guerra, &hellip; <\/p>\n","protected":false},"author":1,"featured_media":104834,"comment_status":"open","ping_status":"open","sticky":false,"template":"","format":"standard","meta":{"footnotes":""},"categories":[13,25,89,82,14,28,29,87,86,67,7,78,62,22,56,15,55,16,4,44,60,30,31,59,42,21,53,88,69,57,43,32],"tags":[],"class_list":["post-104833","post","type-post","status-publish","format-standard","has-post-thumbnail","hentry","category-agropecuaria","category-aquismon","category-armadillo","category-axtla","category-caneros","category-cnc","category-cnpr","category-cardenas","category-cedral","category-charcas","category-ciudad","category-ciudad-del-maiz","category-ciudad-fernandez","category-ebano","category-el-naranjo","category-ganaderos","category-guadalcazar","category-ingenios","category-inicio","category-matehuala","category-rayon","category-rioverde","category-sanluispotosi","category-santa-catarina","category-soledad","category-tamasopo","category-tamazunchale","category-tamazunchale-2","category-tampacan","category-tanlajas","category-villa-de-reyes","category-xilitla"],"_links":{"self":[{"href":"https:\/\/amanecerhuasteco.com\/portal\/wp-json\/wp\/v2\/posts\/104833","targetHints":{"allow":["GET"]}}],"collection":[{"href":"https:\/\/amanecerhuasteco.com\/portal\/wp-json\/wp\/v2\/posts"}],"about":[{"href":"https:\/\/amanecerhuasteco.com\/portal\/wp-json\/wp\/v2\/types\/post"}],"author":[{"embeddable":true,"href":"https:\/\/amanecerhuasteco.com\/portal\/wp-json\/wp\/v2\/users\/1"}],"replies":[{"embeddable":true,"href":"https:\/\/amanecerhuasteco.com\/portal\/wp-json\/wp\/v2\/comments?post=104833"}],"version-history":[{"count":1,"href":"https:\/\/amanecerhuasteco.com\/portal\/wp-json\/wp\/v2\/posts\/104833\/revisions"}],"predecessor-version":[{"id":104835,"href":"https:\/\/amanecerhuasteco.com\/portal\/wp-json\/wp\/v2\/posts\/104833\/revisions\/104835"}],"wp:featuredmedia":[{"embeddable":true,"href":"https:\/\/amanecerhuasteco.com\/portal\/wp-json\/wp\/v2\/media\/104834"}],"wp:attachment":[{"href":"https:\/\/amanecerhuasteco.com\/portal\/wp-json\/wp\/v2\/media?parent=104833"}],"wp:term":[{"taxonomy":"category","embeddable":true,"href":"https:\/\/amanecerhuasteco.com\/portal\/wp-json\/wp\/v2\/categories?post=104833"},{"taxonomy":"post_tag","embeddable":true,"href":"https:\/\/amanecerhuasteco.com\/portal\/wp-json\/wp\/v2\/tags?post=104833"}],"curies":[{"name":"wp","href":"https:\/\/api.w.org\/{rel}","templated":true}]}}