{"id":104874,"date":"2025-05-02T07:43:54","date_gmt":"2025-05-02T13:43:54","guid":{"rendered":"https:\/\/amanecerhuasteco.com\/portal\/?p=104874"},"modified":"2025-05-02T07:43:57","modified_gmt":"2025-05-02T13:43:57","slug":"estado-impulsa-inclusion-laboral-sin-limites","status":"publish","type":"post","link":"https:\/\/amanecerhuasteco.com\/portal\/estado-impulsa-inclusion-laboral-sin-limites\/","title":{"rendered":"Estado impulsa inclusi\u00f3n laboral sin l\u00edmites"},"content":{"rendered":"\n<p><\/p>\n\n\n\n<ul class=\"wp-block-list\">\n<li>El Sifide y la asociaci\u00f3n civil Juntos, una Experiencia Compartida, promueven rutas de inclusi\u00f3n a trav\u00e9s del programa Dicapacitados y 18 programas para responder a distintos perfiles, contextos y necesidades.<\/li>\n<\/ul>\n\n\n\n<p>El Sistema de Financiamiento para el Desarrollo del Estado (Sifide), y la asociaci\u00f3n civil Juntos, una Experiencia Compartida AC, coordinan esfuerzos para impulsar la inclusi\u00f3n laboral y el autoempleo, a trav\u00e9s del programa Discapacitados y los otros 18 programas crediticios para responder sin l\u00edmites a distintos perfiles, contextos y necesidades.<br>Siguiendo las instrucciones del Gobernador Ricardo Gallardo Cardona, el Coordinador de Sifide, Jovanny Ram\u00f3n Cruz, y la gerente de Inclusi\u00f3n Laboral de la asociaci\u00f3n, propusieron condiciones de financiamiento m\u00e1s accesibles y acompa\u00f1amiento para que las personas con discapacidad puedan desarrollar o fortalecer sus proyectos productivos.<br>Ram\u00f3n Cruz indic\u00f3 que facilitar el acceso a financiamiento promueve la inclusi\u00f3n y autonom\u00eda econ\u00f3mica de las personas con discapacidad, en l\u00ednea con el objetivo del Gobierno de impulsar un desarrollo econ\u00f3mico con enfoque social, equitativo e inclusivo en todo el Estado.<\/p>\n","protected":false},"excerpt":{"rendered":"<p>El Sistema de Financiamiento para el Desarrollo del Estado (Sifide), y la asociaci\u00f3n civil Juntos, una Experiencia Compartida AC, coordinan esfuerzos para impulsar la inclusi\u00f3n laboral y el autoempleo, a trav\u00e9s del programa Discapacitados y los otros 18 programas crediticios para responder sin l\u00edmites a &hellip; <\/p>\n","protected":false},"author":1,"featured_media":104875,"comment_status":"open","ping_status":"open","sticky":false,"template":"","format":"standard","meta":{"footnotes":""},"categories":[25,89,82,87,86,67,7,78,62,63,22,56,11,55,4,73,44,26,74,10,12,60,66,71,30,70,31,80,24,59,42,21,53,88,69,85,57,43,32],"tags":[],"class_list":["post-104874","post","type-post","status-publish","format-standard","has-post-thumbnail","hentry","category-aquismon","category-armadillo","category-axtla","category-cardenas","category-cedral","category-charcas","category-ciudad","category-ciudad-del-maiz","category-ciudad-fernandez","category-coxcatlan","category-ebano","category-el-naranjo","category-estado","category-guadalcazar","category-inicio","category-lagunillas","category-matehuala","category-matlapa","category-mexquitic","category-municipios","category-nacional","category-rayon","category-rayon-2","category-real-de-catorce","category-rioverde","category-san-ciro","category-sanluispotosi","category-san-martin","category-san-vicente","category-santa-catarina","category-soledad","category-tamasopo","category-tamazunchale","category-tamazunchale-2","category-tampacan","category-tampamolon","category-tanlajas","category-villa-de-reyes","category-xilitla"],"_links":{"self":[{"href":"https:\/\/amanecerhuasteco.com\/portal\/wp-json\/wp\/v2\/posts\/104874","targetHints":{"allow":["GET"]}}],"collection":[{"href":"https:\/\/amanecerhuasteco.com\/portal\/wp-json\/wp\/v2\/posts"}],"about":[{"href":"https:\/\/amanecerhuasteco.com\/portal\/wp-json\/wp\/v2\/types\/post"}],"author":[{"embeddable":true,"href":"https:\/\/amanecerhuasteco.com\/portal\/wp-json\/wp\/v2\/users\/1"}],"replies":[{"embeddable":true,"href":"https:\/\/amanecerhuasteco.com\/portal\/wp-json\/wp\/v2\/comments?post=104874"}],"version-history":[{"count":1,"href":"https:\/\/amanecerhuasteco.com\/portal\/wp-json\/wp\/v2\/posts\/104874\/revisions"}],"predecessor-version":[{"id":104876,"href":"https:\/\/amanecerhuasteco.com\/portal\/wp-json\/wp\/v2\/posts\/104874\/revisions\/104876"}],"wp:featuredmedia":[{"embeddable":true,"href":"https:\/\/amanecerhuasteco.com\/portal\/wp-json\/wp\/v2\/media\/104875"}],"wp:attachment":[{"href":"https:\/\/amanecerhuasteco.com\/portal\/wp-json\/wp\/v2\/media?parent=104874"}],"wp:term":[{"taxonomy":"category","embeddable":true,"href":"https:\/\/amanecerhuasteco.com\/portal\/wp-json\/wp\/v2\/categories?post=104874"},{"taxonomy":"post_tag","embeddable":true,"href":"https:\/\/amanecerhuasteco.com\/portal\/wp-json\/wp\/v2\/tags?post=104874"}],"curies":[{"name":"wp","href":"https:\/\/api.w.org\/{rel}","templated":true}]}}