{"id":104949,"date":"2025-05-06T06:54:28","date_gmt":"2025-05-06T12:54:28","guid":{"rendered":"https:\/\/amanecerhuasteco.com\/portal\/?p=104949"},"modified":"2025-05-06T06:54:29","modified_gmt":"2025-05-06T12:54:29","slug":"el-95-por-ciento-de-las-y-los-funcionarios-de-los-59-municipios-estan-inscritos-en-el-diplomado-de-capacitacion-municipal-con-apoyo-sin-limites-a-su-formacion","status":"publish","type":"post","link":"https:\/\/amanecerhuasteco.com\/portal\/el-95-por-ciento-de-las-y-los-funcionarios-de-los-59-municipios-estan-inscritos-en-el-diplomado-de-capacitacion-municipal-con-apoyo-sin-limites-a-su-formacion\/","title":{"rendered":"El 95 por ciento de las y los funcionarios de los 59 municipios est\u00e1n inscritos en el diplomado de capacitaci\u00f3n municipal con apoyo sin l\u00edmites a su formaci\u00f3n."},"content":{"rendered":"\n<p>ESTADO DESTACA A NIVEL NACIONAL CON CERTIFICACI\u00d3N MUNICIPAL<\/p>\n\n\n\n<p>San Luis Potos\u00ed es ejemplo a nivel nacional con el programa de Certificaci\u00f3n de Servidores P\u00fablicos Municipales, con un r\u00e9cord de participaci\u00f3n de mil 300 funcionarios en el diplomado de capacitaci\u00f3n municipal que inici\u00f3 en enero y concluir\u00e1 a finales de mayo.<br>Derivado del apoyo sin l\u00edmites a la ciudadan\u00eda del Gobernador del Estado Ricardo Gallardo Cardona al impulsar gobiernos locales bien capacitados para atender las necesidades en todos los rincones de la Entidad, el titular de Coordinaci\u00f3n Estatal para el Fortalecimiento Institucional de los Municipios (CEFIM), Julio C\u00e9sar Pati\u00f1o Morales, explic\u00f3 que el proceso mejora la calidad de los servicios p\u00fablicos, brinda profesionalizaci\u00f3n y reduce la rotaci\u00f3n en cargos p\u00fablicos.<\/p>\n","protected":false},"excerpt":{"rendered":"<p>ESTADO DESTACA A NIVEL NACIONAL CON CERTIFICACI\u00d3N MUNICIPAL San Luis Potos\u00ed es ejemplo a nivel nacional con el programa de Certificaci\u00f3n de Servidores P\u00fablicos Municipales, con un r\u00e9cord de participaci\u00f3n de mil 300 funcionarios en el diplomado de capacitaci\u00f3n municipal que inici\u00f3 en enero y &hellip; <\/p>\n","protected":false},"author":1,"featured_media":104950,"comment_status":"open","ping_status":"open","sticky":false,"template":"","format":"standard","meta":{"footnotes":""},"categories":[13,25,82,7,78,62,4,10,12,60,30,31,59,42,21,88,53,69,20,57,32],"tags":[],"class_list":["post-104949","post","type-post","status-publish","format-standard","has-post-thumbnail","hentry","category-agropecuaria","category-aquismon","category-axtla","category-ciudad","category-ciudad-del-maiz","category-ciudad-fernandez","category-inicio","category-municipios","category-nacional","category-rayon","category-rioverde","category-sanluispotosi","category-santa-catarina","category-soledad","category-tamasopo","category-tamazunchale-2","category-tamazunchale","category-tampacan","category-tamuin","category-tanlajas","category-xilitla"],"_links":{"self":[{"href":"https:\/\/amanecerhuasteco.com\/portal\/wp-json\/wp\/v2\/posts\/104949","targetHints":{"allow":["GET"]}}],"collection":[{"href":"https:\/\/amanecerhuasteco.com\/portal\/wp-json\/wp\/v2\/posts"}],"about":[{"href":"https:\/\/amanecerhuasteco.com\/portal\/wp-json\/wp\/v2\/types\/post"}],"author":[{"embeddable":true,"href":"https:\/\/amanecerhuasteco.com\/portal\/wp-json\/wp\/v2\/users\/1"}],"replies":[{"embeddable":true,"href":"https:\/\/amanecerhuasteco.com\/portal\/wp-json\/wp\/v2\/comments?post=104949"}],"version-history":[{"count":1,"href":"https:\/\/amanecerhuasteco.com\/portal\/wp-json\/wp\/v2\/posts\/104949\/revisions"}],"predecessor-version":[{"id":104951,"href":"https:\/\/amanecerhuasteco.com\/portal\/wp-json\/wp\/v2\/posts\/104949\/revisions\/104951"}],"wp:featuredmedia":[{"embeddable":true,"href":"https:\/\/amanecerhuasteco.com\/portal\/wp-json\/wp\/v2\/media\/104950"}],"wp:attachment":[{"href":"https:\/\/amanecerhuasteco.com\/portal\/wp-json\/wp\/v2\/media?parent=104949"}],"wp:term":[{"taxonomy":"category","embeddable":true,"href":"https:\/\/amanecerhuasteco.com\/portal\/wp-json\/wp\/v2\/categories?post=104949"},{"taxonomy":"post_tag","embeddable":true,"href":"https:\/\/amanecerhuasteco.com\/portal\/wp-json\/wp\/v2\/tags?post=104949"}],"curies":[{"name":"wp","href":"https:\/\/api.w.org\/{rel}","templated":true}]}}