{"id":104964,"date":"2025-05-06T07:10:24","date_gmt":"2025-05-06T13:10:24","guid":{"rendered":"https:\/\/amanecerhuasteco.com\/portal\/?p=104964"},"modified":"2025-05-06T07:10:25","modified_gmt":"2025-05-06T13:10:25","slug":"ricardo-gallardo-acude-a-evento-conmemorativo-de-la-batalle-de-puebla","status":"publish","type":"post","link":"https:\/\/amanecerhuasteco.com\/portal\/ricardo-gallardo-acude-a-evento-conmemorativo-de-la-batalle-de-puebla\/","title":{"rendered":"Ricardo Gallardo acude a evento conmemorativo de la batalle de Puebla"},"content":{"rendered":"\n<p><br>\u2022 Durante el acto, destac\u00f3 la relevancia de recordar la valent\u00eda y el esp\u00edritu patri\u00f3tico que han sido fundamentales en la historia de M\u00e9xico.<\/p>\n\n\n\n<p>Al acudir al evento de conmemoraci\u00f3n del CLXIII aniversario de la Batalla de Puebla, celebrado este 5 de mayo en la XII zona militar, el Gobernador de San Luis Potos\u00ed Ricardo Gallardo Cardona resalt\u00f3 la importancia de recordar la valent\u00eda y el esp\u00edritu patri\u00f3tico que han forjado la historia de M\u00e9xico, motivando a las nuevas generaciones a seguir promoviendo valores c\u00edvicos y unidad.<br>Durante el evento tambi\u00e9n se realiz\u00f3 la ceremonia de toma de protesta de bandera a los soldados del Servicio Militar Nacional clase 2006, la cual fue presidida v\u00eda remota por la Presidenta de M\u00e9xico, Claudia Sheinbaum Pardo.<br>El Mandatario Estatal resalt\u00f3 que estos eventos fortalecen el sentido de pertenencia y respeto por los s\u00edmbolos nacionales. Adem\u00e1s, enfatiz\u00f3 la importancia de fortalecer la estrategia integral de seguridad para preservar la paz y tranquilidad en el Estado.<br>Al finalizar el evento Gallardo Cardona afirm\u00f3 su Gobierno: \u201cseguir\u00e1 trabajando sin l\u00edmites para que las familias potosinas vivan en un entorno seguro y en paz, fortaleciendo siempre los valores que nos unen como naci\u00f3n\u201d.<\/p>\n","protected":false},"excerpt":{"rendered":"<p>\u2022 Durante el acto, destac\u00f3 la relevancia de recordar la valent\u00eda y el esp\u00edritu patri\u00f3tico que han sido fundamentales en la historia de M\u00e9xico. Al acudir al evento de conmemoraci\u00f3n del CLXIII aniversario de la Batalla de Puebla, celebrado este 5 de mayo en la &hellip; <\/p>\n","protected":false},"author":1,"featured_media":104965,"comment_status":"open","ping_status":"open","sticky":false,"template":"","format":"standard","meta":{"footnotes":""},"categories":[25,89,82,87,86,67,7,78,62,4,44,60,30,31,59,42,53,57,43,32],"tags":[],"class_list":["post-104964","post","type-post","status-publish","format-standard","has-post-thumbnail","hentry","category-aquismon","category-armadillo","category-axtla","category-cardenas","category-cedral","category-charcas","category-ciudad","category-ciudad-del-maiz","category-ciudad-fernandez","category-inicio","category-matehuala","category-rayon","category-rioverde","category-sanluispotosi","category-santa-catarina","category-soledad","category-tamazunchale","category-tanlajas","category-villa-de-reyes","category-xilitla"],"_links":{"self":[{"href":"https:\/\/amanecerhuasteco.com\/portal\/wp-json\/wp\/v2\/posts\/104964","targetHints":{"allow":["GET"]}}],"collection":[{"href":"https:\/\/amanecerhuasteco.com\/portal\/wp-json\/wp\/v2\/posts"}],"about":[{"href":"https:\/\/amanecerhuasteco.com\/portal\/wp-json\/wp\/v2\/types\/post"}],"author":[{"embeddable":true,"href":"https:\/\/amanecerhuasteco.com\/portal\/wp-json\/wp\/v2\/users\/1"}],"replies":[{"embeddable":true,"href":"https:\/\/amanecerhuasteco.com\/portal\/wp-json\/wp\/v2\/comments?post=104964"}],"version-history":[{"count":1,"href":"https:\/\/amanecerhuasteco.com\/portal\/wp-json\/wp\/v2\/posts\/104964\/revisions"}],"predecessor-version":[{"id":104966,"href":"https:\/\/amanecerhuasteco.com\/portal\/wp-json\/wp\/v2\/posts\/104964\/revisions\/104966"}],"wp:featuredmedia":[{"embeddable":true,"href":"https:\/\/amanecerhuasteco.com\/portal\/wp-json\/wp\/v2\/media\/104965"}],"wp:attachment":[{"href":"https:\/\/amanecerhuasteco.com\/portal\/wp-json\/wp\/v2\/media?parent=104964"}],"wp:term":[{"taxonomy":"category","embeddable":true,"href":"https:\/\/amanecerhuasteco.com\/portal\/wp-json\/wp\/v2\/categories?post=104964"},{"taxonomy":"post_tag","embeddable":true,"href":"https:\/\/amanecerhuasteco.com\/portal\/wp-json\/wp\/v2\/tags?post=104964"}],"curies":[{"name":"wp","href":"https:\/\/api.w.org\/{rel}","templated":true}]}}