{"id":105092,"date":"2025-05-11T14:23:36","date_gmt":"2025-05-11T20:23:36","guid":{"rendered":"https:\/\/amanecerhuasteco.com\/portal\/?p=105092"},"modified":"2025-05-11T14:23:38","modified_gmt":"2025-05-11T20:23:38","slug":"entre-columnas-661","status":"publish","type":"post","link":"https:\/\/amanecerhuasteco.com\/portal\/entre-columnas-661\/","title":{"rendered":"ENTRE COLUMNAS"},"content":{"rendered":"\n<p>BANDERAZO DE ARRANQUE DE OBRAS FEDERALES DARA LA PRESIDENTA EN TIERRAS DEL POTOSI.<br><\/p>\n\n\n\n<p>Por confirmarse fecha en los pr\u00f3ximos d\u00edas de nueva cuenta la visita de la presidenta de M\u00e9xico, Claudia Sheinbaum Pardo, a San Luis Potos\u00ed, con el prop\u00f3sito de inaugurar la nueva sede de la Universidad Rosario Castellanos y el banderazo de arranque a la construcci\u00f3n de la presa Las Escobas, obras que representan avances importantes en el \u00e1mbito educativo e hidr\u00e1ulico para la comunidad potosina..<br>En un plazo de aproximadamente dos semanas, la presidenta ha programado su incursi\u00f3n por tierras potosinas para inaugurar la universidad, una de s\u00f3lo en cinco estados de la Rep\u00fablica Mexicana, tambi\u00e9n est\u00e1 relacionada con el arranque de la construcci\u00f3n de la Presa de Las Escobas.<br>Por lo que respecta a la Universidad Rosario Castellanos iniciar\u00e1 actividades este a\u00f1o en una sede provisional ubicada en la Universidad Tecnol\u00f3gica de Soledad de Graciano S\u00e1nchez con 31 aulas y tres laboratorio, lo que permitir\u00e1 captar hasta 2 mil estudiantes en su primera etapa. Las instalaciones ya est\u00e1n terminadas y solo requieren equipamiento para entrar en operaci\u00f3n. El ciclo escolar comenzar\u00e1 en agosto.<br>+++++++++++<br>P r e s t a m o s<br>de dinero inmediatos a pensionados<br>CFE, ISSSTE.FFCC, SCT, PEMEX,<br>ACTIVOS Y JUBILADOS IMSS<br>SIN AFECTAR TARJETON.<br>Ll\u00e1menos las 24 hrs del d\u00eda<br>LLAMENOS 4811039565<br>CREDITO INMEDIATO<br>++++++++++++<\/p>\n\n\n\n<p>PASARAN MESES ANTES DE COBRAR A EXPOSITORES DE LA FERIA DE VALLES.<br>&#8211; Hasta que el Gobierno del Estado env\u00ede la billetiza prometida para cubrir la malversaci\u00f3n.<br>Fuentes del ayuntamiento Vallense informan que la reciente feria anual<br>\u201dfue todo un \u00e9xito\u201d la raz\u00f3n es que contabilizaron aproximadamente 350 mil visitantes a este evento, un promedio de 35 mil visitantes por noche, ahora la poblaci\u00f3n espera que el \u00e9xito se refleje en la misma proporci\u00f3n, cabe aclarar que la entrada fue gratuita, los gastos fueron absorbidos de los ingresos generados por renta de locales juegos mec\u00e1nicos y otros espect\u00e1culos.<br>A un mes de iniciado el evento ferial 2025, cuando un vocero del municipio informaba que todos los locales y exhibidores de la feria estaban vendidos, ya que es pr\u00e1ctica com\u00fan cobrar al momento de contratar el expositor, a la fecha a\u00fan no no hay informe financiero del negocio, la justificaci\u00f3n de acuerdo con la tesorera, Anel Coronado Aguilar. <\/p>\n\n\n\n<p>La atribuye a que \u201cno se ha concluido la contabilidad sobre el evento que comenz\u00f3 el jueves 10 y concluy\u00f3 el domingo 20 de abril, porque falta cobrar dinero por el uso de espacios comerciales\u201d<br>Ah pero tambi\u00e9n la funcionaria dice que el informe de la Feria estar\u00e1 listo CUANDO EL GOBIERNO DEL ESTADO ABONE LA ULTIMA MINISTRACION el Gobierno del estado falta de enviar un recurso que form\u00f3 parte de la organizaci\u00f3n de este evento. y cuando se recuperen rentas, debido a que presuntamente expositores no han pagado el alquiler de los stands<br>+++++++++++++.<br>CARROCERIAS BUSTOS<br>Reforma y Lerdo de tejada Col. Altavista.<br>Cd Valles SLP Tel. 3824777.<br>En carrocer\u00edas para camiones y camionetas nadie nos compite.<br>+++++++<br>MORENA PROHIBE NEPOTISMO, OPULENCIA Y EXTRAVAGANCIA PARA BENEFICIO PERSONAL<br>En la sexta sesi\u00f3n ordinaria de Morena su Consejo Nacional, celebrada en la Ciudad de M\u00e9xico, aprobaron una serie de lineamientos \u00e9ticos que proh\u00edben el nepotismo, el uso de recursos p\u00fablicos para beneficio personal o grupal, y la ostentaci\u00f3n de opulencia. Estas medidas buscan fomentar la austeridad republicana y la humildad dentro del partido, marcando un claro rechazo a pr\u00e1cticas que se consideran parte del pasado de corrupci\u00f3n y privilegios.<br>Seg\u00fan el comunicado, los lineamientos establecen que todos los militantes y servidores p\u00fablicos de Morena, especialmente quienes aspiren a cargos p\u00fablicos, deben actuar con independencia de poderes f\u00e1cticos, promover la igualdad, respetar valores democr\u00e1ticos y aceptar la no reelecci\u00f3n. Asimismo, queda prohibido utilizar recursos humanos, materiales o financieros p\u00fablicos para fines distintos a las actividades oficiales o partidarias, evitando as\u00ed el uso indebido de los mismos para beneficio personal, familiar o de grupo.<br>Entre las restricciones espec\u00edficas aprobadas est\u00e1n la prohibici\u00f3n de viajes a\u00e9reos en primera clase o en aeronaves privadas, el uso de veh\u00edculos blindados y servicios de seguridad privada excesivos, as\u00ed como la pr\u00e1ctica del turismo pol\u00edtico y la participaci\u00f3n en congresos internacionales con fines no oficiales. Tambi\u00e9n se proh\u00edbe la exhibici\u00f3n de signos de ostentaci\u00f3n material, como joyer\u00eda, ropa de marcas exclusivas, propiedades o autom\u00f3viles de alto valor, y el consumo en restaurantes o turismo de lujo.<br>Morena reafirma su compromiso con la Cuarta Transformaci\u00f3n y la \u00e9tica pol\u00edtica, buscando erradicar el nepotismo, el amiguismo y el clientelismo dentro de sus filas. La reforma contra el nepotismo se aplicar\u00e1 de inmediato, adelant\u00e1ndose a su entrada en vigor legal prevista para 2030, con el objetivo de evitar la perpetuaci\u00f3n de cacicazgos y fortalecer la transparencia y equidad en el partido.<br>+++++++++++<br>POLICIAS MUNICIPALES, NO ARRESTARON A CONDUCTORA EBRIA CAUSAMTE DE TRIPLE ACCIDENTE VIAL.<br>En esta ciudad cualquier polic\u00eda municipal es \u201cagente de tr\u00e1nsito\u201d se dice que todos tienen la consigna de llevar determinadas infracciones<br>algunos -la mayor\u00eda- son extremadamente abusivos y pocos<br>mas considerados, esto, no los exonera cuando se meten en problemas con alg\u00fan conductor o dama en estado de ebriedad, la cuota argumentan. para el caf\u00e9 del jefe deben cumplirla<br>Viene al caso porque se investigar\u00e1 a polic\u00edas que dieron una atenci\u00f3n desmedida a una dama que en estado de ebriedad provoco triple choque, aunque la tuvieron a la vista y los afectados la se\u00f1alaban, los polis se ampararon en que no hubo flagrancia y no fue detenida por el momento. La conductora presentaba segundo grado de ebriedad y fue puesta a disposici\u00f3n de las autoridades, esto ocurri\u00f3 m\u00e1s tarde ante la presi\u00f3n de afectados y testigos.<br>En ausencia del alcalde, el secretario del ayuntamiento Luis \u00c1ngel Contreras Malibr\u00e1n, fue entrevistado por ,los medios dijo\u201c\u2026..no tengo conocimiento ni reporte que el regidor Jorge Mart\u00ednez haya intervenido, yo me entere por redes sociales, considero que \u00e9l punto medular en este asunto es la flagrancia, para mi criterio es que s\u00ed pudo haber, de acuerdo a los criterios la fracci\u00f3n Quinta del art\u00edculo 16 de la constituci\u00f3n establece los supuestos de la flagrancia, esto puede ser alguno de los criterios diverso a los que pudieron aplicar; sin embargo, en su criterio actuaron conforme a derecho, pero claro que vamos a investigar\u2026\u201d<br>La INFRACTORA fue puesta a disposici\u00f3n del ministerio p\u00fablico, de acuerdo a los ex\u00e1menes toxicol\u00f3gicos presentaba segundo grado de ebriedad,<br>+++++++++++++<br>QFB FABIOLA GARCIA ALVAREZ<br>Perito dictaminador en an\u00e1lisis bacteriol\u00f3gico de agua<br>Y alimentos con n\u00famero GES-PD 0705<br>Perito dictaminador en estupefacientes GES-PD0523<br>Maestr\u00eda en an\u00e1lisis cl\u00ednicos 1301 \u2013 368068<br>Ced prof 8664204 Tel. 38 1 66 64Asesor\u00eda, auditor\u00eda y gesti\u00f3n ambiental. G. Victoria No. 8 zona centro Cd Valles<br>++++++++++++<br>EXTRA\u00d1O; LINEAS DE TRANSPORTE FORANEO, NO PROTESTAN.<br>Es la misma empresa de transporte urbano y for\u00e1neo que por d\u00e9cadas ha monopolizado el servicio en el estado y circunvecinos, imponiendo tarifas a su conveniencia y marcada deficiencia que afecta a miles de usuarios, los que ahora con la pol\u00edtica del Sexenio estatal estar\u00edan protestando por afectaci\u00f3n al establecer tambi\u00e9n rutas de servicio semejante y gratuito. NO OCURRE NADA.<br>Seg\u00fan el comunicado de<br>MetroRed Sin L\u00edmites<br>\u00a1La movilidad sin l\u00edmites ya lleg\u00f3 a la Huasteca Potosina!<br>Gracias al Gobierno del Estado, se cumple la introducci\u00f3n delas primeras rutas for\u00e1neas con unidades el\u00e9ctricas del pa\u00eds, posicionando a San Luis Potos\u00ed como un referente nacional en electromovilidad.<br>Transporte 100% gratuito, moderno y accesible, que beneficiar\u00e1 a miles de potosinas y potosinos en los municipios de:<br>Ciudad Valles<br>Aquism\u00f3n<br>Tancanhuitz<br>Huehuetl\u00e1n<br>Xilitla<br>Axtla<br>Matlapa<br>Tamazunchale<br>Hoy, vivimos la nueva era de la movilidad en San Luis Potos\u00ed.<br>Porque con MetroRed\u2026 me muevo sin l\u00edmites<\/p>\n\n\n\n<p>+++++++++++++<br>\u201cFINCA SAN ISIDRO\u201d<br>Sal\u00f3n para fiestas de todo tipo.<br>Carretera Valles \u2013 R\u00edo Verde Km. 8<br>Contrataciones al Tel. 01 481<br>++++<\/p>\n\n\n\n<p>+++++++++++++++++++++++++++<br>CAPACITAN PERSONAL DEL MUNICIPIO PARA ATENDER PROBLEMAS EN AUSENCIA DEL ALCALDE.<br><\/p>\n\n\n\n<p>Atendiendo seguramente las protestas de los contribuyentes que acuden a palacio municipal para exponer problemas a cambio de lo que aportan a las finanzas del municipio, y no tener una respuesta concreta ante la ausencia constante del mun\u00edcipe, a trav\u00e9s de la Direcci\u00f3n de Recursos Humanos, imparti\u00f3 capacitaci\u00f3n titulada \u201cManejo de Conflictos\u201d, dirigida a directores y personal de distintas \u00e1reas municipales. <\/p>\n\n\n\n<p>Cabe se\u00f1alar que el \u00fanico funcionario de mayor jerarqu\u00eda es el Secretario del Ayuntamiento pero aunque tiene facultades expresas del cabildo, esta limitado en sus funciones efectivas que corresponden al presidente municipal quien por razones no explicadas su ausencia es notoria toda la semana. <\/p>\n\n\n\n<p>En cuanto a los regidores se limitan a aprobar informes de tesorer\u00eda y esperar su pago de mas de 50 mil pesos mensuales.<br>Retomando el tema de la capacitaci\u00f3n, la titular de la Direcci\u00f3n, Smirna de la Garza Baldelamar, se\u00f1al\u00f3 que esta actividad se realiz\u00f3 con el prop\u00f3sito de fortalecer las capacidades del equipo de trabajo en la atenci\u00f3n y resoluci\u00f3n efectiva de situaciones que pudieran presentarse en el entorno laboral y en la atenci\u00f3n a la ciudadan\u00eda.?<br>Por otra parte, el bolet\u00edn oficial expresa que con estas acciones el Gobierno profesionaliza el personal para dar una mejor atenci\u00f3n al contribuyente y p\u00fablico en general.<br>+++++++++++<\/p>\n\n\n\n<p>CAMBIAN PERSONAL EN LA ADMIISTRACION MUNICIPAL.<br>Es normal que desde dos administraciones a otras autoridades superiores que hacen cambios peri\u00f3dicos de funcionarios llamando esta pol\u00edtica como \u201cenroque\u201d son los mismos reubicados en dependencias distintas del organigrama administrativo en turno, eso ocurri\u00f3 en el gobierno municipal en turno de Cd Valles<br>El alcalde de Ciudad Valles, anunci\u00f3 cambios y remociones, de acuerdo con la nota conocida; Griselda S\u00e1nchez Osorio se va a la coordinaci\u00f3n administrativa de la feria y El\u00edas Garza, como coordinador de eventos en la feria.<br>Por otra parte \u201dpara mejorar la atenci\u00f3n\u201d Proyectos agropecuarios y proyectos productivos se fusionan, tambi\u00e9n desaparece la coordinaci\u00f3n general de desarrollo econ\u00f3mico empresarial, la secretaria asignada<br>Vicky Molina Cant\u00fa, depender\u00e1 de la direcci\u00f3n de CODESOL.<br>Seguir\u00e1 en nomina.<br>Comunicaci\u00f3n social y protocolo sin dar mas detalles cambia la coordinaci\u00f3n.<br>Finalmente la direcci\u00f3n de turismo baja de categor\u00eda, se va a la coordinaci\u00f3n de desarrollo social.<br>++++++++++++<br>DURANTE LA VEDA HIDRICA HUBO INCENDIOS INTENCIONALES.<br><\/p>\n\n\n\n<p>Durante la veda h\u00eddrica RECOMENDADA no ordenada, porque fue un acuerdo de los sectores involucrados en el uso de agua de los r\u00edos de la regi\u00f3n que abastece de ca\u00f1a a los ingenios azucareros, no cumplieron muchos de ellos y continuaron con la quema de ca\u00f1averales provocando incendios que fueron documentados por afectados y autoridades municipales, adem\u00e1s del testimonio publicado en medios informativos denunciando los riegos indiscriminados en la zona en veda.<br>Aqu\u00ed publicamos que para vigilar a los agricultores ca\u00f1eros evitaran el irracional riego de sus plantaciones durante el estiaje en esta \u00e9poca del a\u00f1o, fue constituido un comit\u00e9 de vigilancia con representantes de todos los entes involucrados, acordaron inclusive crear un fondo con multas que ser\u00edan aplicadas a los involucrados por incendios para tener recursos para combatirlos.<br>El comit\u00e9 de vigilancia acord\u00f3 sanciones econ\u00f3micas con la finalidad es crear un fondo de recaudaci\u00f3n con las multas impuestas a quien haga quemas y provoque incendios, los fondos se aplicaran para combatir los siniestros. Son de 500 y 1500 UMAS, es decir entre 50 y 170 mil pesos.<br>Se espera el informe de esta comisi\u00f3n. INCENDIOS PROVOCADOS, LOS HUBO Y RIEGOS CLANDESTINOS.<br>+++++++++++++<br>\u201cCAF\u00c9 Y RESTAURANT EL FAROLITO<br>Lo mejor de la cocina Huasteca; el tradicional zacahuil y cazueladas .Atendemos toda clase de festejos. Pedidos al Tel 3821017 Ciudad Valles SLP<\/p>\n\n\n\n<p>+++++++++++++<br>D E V O LA D A.-<br>De qu\u00e9 tipo de personas debes de alejarte? (copiado de la redes sociales)<\/p>\n\n\n\n<ul class=\"wp-block-list\">\n<li>El escritor Swami Manuel detalla cada una de las caracter\u00edsticas de estos individuos<br>Tres tipos de persona de las que debes alejarte; los hiperiluminados, los que lo saben todo y los que hablan siempre y no saben escuchar. El escritor Swami Manuel, persona sensible al mundo de las energ\u00edas, tras muchos a\u00f1os de exploraci\u00f3n de las distintas terapias energ\u00e9ticas y m\u00e9todos para sentirla, nos lo explica.<br>Los hiperiluminados, tiene como \u00fanica intenci\u00f3n agrandar su ego, son las personas que est\u00e1n, que son, solo pretenden hacerte sentir mal porque no has llegado a su nivel.<br>Dos, aquellos que solo hablan, no escuchan; solo cuentan sus logros, \u201cs\u00ed, eso ya lo he vivido yo, s\u00ed\u00a0ya lo s\u00e9.\u201d<br>Y tres, las personas que lo saben todo. No admiten que desconocen un tema, una situaci\u00f3n.<br>Querofonte, amigo del fil\u00f3sofo S\u00f3crates acudi\u00f3 al or\u00e1culo y pregunt\u00f3: \u00bfQui\u00e9n es el hombre m\u00e1s sabio? Y le respondi\u00f3 que S\u00f3crates tras acu\u00f1ar su famosa frase: \u201cYo solo s\u00e9 que no s\u00e9\u00a0nada\u201d, ante la sorpresa de los sabios de la antigua Grecia. Porque su humildad le permiti\u00f3 seguir absorbiendo conocimiento, leyendo y estudiando, evolucionando, porque cuando uno m\u00e1s aprende m\u00e1s se da cuenta de lo poco que realmente sabe.<br>Swami Manuel con m\u00e1s de un mill\u00f3n de seguidores en Instagram, ha destacado por sentir las energ\u00edas: deber\u00eda ser una cualidad natural del ser humano.\u00a0Desgraciadamente la sociedad relega a un segundo social y en consecuencia tener una fuente de informaci\u00f3n no tangible sobre todo lo que nos rodea. Es tiempo\u00a0de aceptar aquello que no podemos explicar con las herramientas f\u00edsicas convencionales y despertar esta parte sutil e intangible que todos tenemos y que parad\u00f3jicamente tambi\u00e9n ayudar\u00e1 a sensibilizar m\u00e1s nuestras percepciones f\u00edsicas. <\/li>\n\n\n\n<li>davidfloresg_43@hotmail.com+++++++++++++++<\/li>\n<\/ul>\n","protected":false},"excerpt":{"rendered":"<p>BANDERAZO DE ARRANQUE DE OBRAS FEDERALES DARA LA PRESIDENTA EN TIERRAS DEL POTOSI. Por confirmarse fecha en los pr\u00f3ximos d\u00edas de nueva cuenta la visita de la presidenta de M\u00e9xico, Claudia Sheinbaum Pardo, a San Luis Potos\u00ed, con el prop\u00f3sito de inaugurar la nueva sede &hellip; <\/p>\n","protected":false},"author":1,"featured_media":104743,"comment_status":"open","ping_status":"open","sticky":false,"template":"","format":"standard","meta":{"footnotes":""},"categories":[17,4],"tags":[],"class_list":["post-105092","post","type-post","status-publish","format-standard","has-post-thumbnail","hentry","category-colaboraciones","category-inicio"],"_links":{"self":[{"href":"https:\/\/amanecerhuasteco.com\/portal\/wp-json\/wp\/v2\/posts\/105092","targetHints":{"allow":["GET"]}}],"collection":[{"href":"https:\/\/amanecerhuasteco.com\/portal\/wp-json\/wp\/v2\/posts"}],"about":[{"href":"https:\/\/amanecerhuasteco.com\/portal\/wp-json\/wp\/v2\/types\/post"}],"author":[{"embeddable":true,"href":"https:\/\/amanecerhuasteco.com\/portal\/wp-json\/wp\/v2\/users\/1"}],"replies":[{"embeddable":true,"href":"https:\/\/amanecerhuasteco.com\/portal\/wp-json\/wp\/v2\/comments?post=105092"}],"version-history":[{"count":1,"href":"https:\/\/amanecerhuasteco.com\/portal\/wp-json\/wp\/v2\/posts\/105092\/revisions"}],"predecessor-version":[{"id":105093,"href":"https:\/\/amanecerhuasteco.com\/portal\/wp-json\/wp\/v2\/posts\/105092\/revisions\/105093"}],"wp:featuredmedia":[{"embeddable":true,"href":"https:\/\/amanecerhuasteco.com\/portal\/wp-json\/wp\/v2\/media\/104743"}],"wp:attachment":[{"href":"https:\/\/amanecerhuasteco.com\/portal\/wp-json\/wp\/v2\/media?parent=105092"}],"wp:term":[{"taxonomy":"category","embeddable":true,"href":"https:\/\/amanecerhuasteco.com\/portal\/wp-json\/wp\/v2\/categories?post=105092"},{"taxonomy":"post_tag","embeddable":true,"href":"https:\/\/amanecerhuasteco.com\/portal\/wp-json\/wp\/v2\/tags?post=105092"}],"curies":[{"name":"wp","href":"https:\/\/api.w.org\/{rel}","templated":true}]}}