{"id":105184,"date":"2025-05-15T06:51:58","date_gmt":"2025-05-15T12:51:58","guid":{"rendered":"https:\/\/amanecerhuasteco.com\/portal\/?p=105184"},"modified":"2025-05-15T06:52:00","modified_gmt":"2025-05-15T12:52:00","slug":"conmemora-dia-internacional-de-las-familias-con-conferencia-virtual","status":"publish","type":"post","link":"https:\/\/amanecerhuasteco.com\/portal\/conmemora-dia-internacional-de-las-familias-con-conferencia-virtual\/","title":{"rendered":"Conmemora D\u00eda Internacional de las Familias con conferencia virtual."},"content":{"rendered":"\n<p>DIF ESTATAL FORTALECE LA UNIDAD FAMILIAR<\/p>\n\n\n\n<ul class=\"wp-block-list\">\n<li><\/li>\n<\/ul>\n\n\n\n<p>El Sistema Estatal para el Desarrollo Integral de la Familia (DIF) invita a las y los potosinos a participar en la conferencia virtual con motivo del D\u00eda Internacional de las Familias impartida por el equipo multidisciplinario del \u00e1rea de Bienestar Familiar.<br>La conferencia abordar\u00e1 temas fundamentales para fortalecer sin l\u00edmites la unidad en las familias promoviendo el di\u00e1logo, la comprensi\u00f3n, la salud emocional y los valores para crear n\u00facleos familiares seguros, tal como lo ha instruido el Gobernador Ricardo Gallardo Cardona.<br>Esta conferencia se llevar\u00e1 a cabo el pr\u00f3ximo jueves 15 de mayo en punto de las 16:00 horas en modalidad virtual. El enlace puedes encontrarlo en las redes sociales de DIF Estatal.<\/p>\n","protected":false},"excerpt":{"rendered":"<p>DIF ESTATAL FORTALECE LA UNIDAD FAMILIAR El Sistema Estatal para el Desarrollo Integral de la Familia (DIF) invita a las y los potosinos a participar en la conferencia virtual con motivo del D\u00eda Internacional de las Familias impartida por el equipo multidisciplinario del \u00e1rea de &hellip; <\/p>\n","protected":false},"author":1,"featured_media":105185,"comment_status":"open","ping_status":"open","sticky":false,"template":"","format":"standard","meta":{"footnotes":""},"categories":[13,91,25,89,82,14,87,86,67,7,78,62,63,22,56,11,55,81,4,73,44,26,74,10,12,60,71,30,70,31,80,24,59,42,21,88,53,69,85,20,57,43,32],"tags":[],"class_list":["post-105184","post","type-post","status-publish","format-standard","has-post-thumbnail","hentry","category-agropecuaria","category-alaquines","category-aquismon","category-armadillo","category-axtla","category-caneros","category-cardenas","category-cedral","category-charcas","category-ciudad","category-ciudad-del-maiz","category-ciudad-fernandez","category-coxcatlan","category-ebano","category-el-naranjo","category-estado","category-guadalcazar","category-huehuetlan","category-inicio","category-lagunillas","category-matehuala","category-matlapa","category-mexquitic","category-municipios","category-nacional","category-rayon","category-real-de-catorce","category-rioverde","category-san-ciro","category-sanluispotosi","category-san-martin","category-san-vicente","category-santa-catarina","category-soledad","category-tamasopo","category-tamazunchale-2","category-tamazunchale","category-tampacan","category-tampamolon","category-tamuin","category-tanlajas","category-villa-de-reyes","category-xilitla"],"_links":{"self":[{"href":"https:\/\/amanecerhuasteco.com\/portal\/wp-json\/wp\/v2\/posts\/105184","targetHints":{"allow":["GET"]}}],"collection":[{"href":"https:\/\/amanecerhuasteco.com\/portal\/wp-json\/wp\/v2\/posts"}],"about":[{"href":"https:\/\/amanecerhuasteco.com\/portal\/wp-json\/wp\/v2\/types\/post"}],"author":[{"embeddable":true,"href":"https:\/\/amanecerhuasteco.com\/portal\/wp-json\/wp\/v2\/users\/1"}],"replies":[{"embeddable":true,"href":"https:\/\/amanecerhuasteco.com\/portal\/wp-json\/wp\/v2\/comments?post=105184"}],"version-history":[{"count":1,"href":"https:\/\/amanecerhuasteco.com\/portal\/wp-json\/wp\/v2\/posts\/105184\/revisions"}],"predecessor-version":[{"id":105186,"href":"https:\/\/amanecerhuasteco.com\/portal\/wp-json\/wp\/v2\/posts\/105184\/revisions\/105186"}],"wp:featuredmedia":[{"embeddable":true,"href":"https:\/\/amanecerhuasteco.com\/portal\/wp-json\/wp\/v2\/media\/105185"}],"wp:attachment":[{"href":"https:\/\/amanecerhuasteco.com\/portal\/wp-json\/wp\/v2\/media?parent=105184"}],"wp:term":[{"taxonomy":"category","embeddable":true,"href":"https:\/\/amanecerhuasteco.com\/portal\/wp-json\/wp\/v2\/categories?post=105184"},{"taxonomy":"post_tag","embeddable":true,"href":"https:\/\/amanecerhuasteco.com\/portal\/wp-json\/wp\/v2\/tags?post=105184"}],"curies":[{"name":"wp","href":"https:\/\/api.w.org\/{rel}","templated":true}]}}