{"id":105251,"date":"2025-05-19T08:40:18","date_gmt":"2025-05-19T14:40:18","guid":{"rendered":"https:\/\/amanecerhuasteco.com\/portal\/?p=105251"},"modified":"2025-05-19T08:40:19","modified_gmt":"2025-05-19T14:40:19","slug":"exito-rotundo-en-el-trail-magico-de-xilitla","status":"publish","type":"post","link":"https:\/\/amanecerhuasteco.com\/portal\/exito-rotundo-en-el-trail-magico-de-xilitla\/","title":{"rendered":"\u00c9xito rotundo en el trail m\u00e1gico de Xilitla"},"content":{"rendered":"\n<p><\/p>\n\n\n\n<ul class=\"wp-block-list\">\n<li>La Huasteca Potosina vibra con deporte, cultura y turismo sin l\u00edmites.<\/li>\n<\/ul>\n\n\n\n<p>Xilitla se llen\u00f3 de energ\u00eda, color y adrenalina con la celebraci\u00f3n del Serial Trail M\u00e1gico que reuni\u00f3 a m\u00e1s de 800 atletas de San Luis Potos\u00ed, M\u00e9xico y el mundo. Este fin de semana, el Pueblo M\u00e1gico fue el punto de encuentro entre la naturaleza exuberante, la tradici\u00f3n huasteca y el deporte de alto nivel.<br>La competencia, que ofreci\u00f3 recorridos de 3, 5, 10 y 21 kil\u00f3metros, fue una experiencia sensorial donde los corredores atravesaron paisajes \u00fanicos, animados por la danza folkl\u00f3rica y el calor de una comunidad orgullosa de sus ra\u00edces.<br>Gracias al impulso decidido del Gobernador Ricardo Gallardo Cardona, quien ha apostado por un San Luis Potos\u00ed sin l\u00edmites, el evento no solo promovi\u00f3 el deporte, sino que deton\u00f3 la econom\u00eda local con restaurantes llenos, hoteles con ocupaci\u00f3n total y gasolineras al m\u00e1ximo.<br>El arranque frente al majestuoso Castillo Surrealista de Edward James marc\u00f3 el inicio de una jornada inolvidable culminando con una premiaci\u00f3n llena de emoci\u00f3n, aplausos y reconocimientos en efectivo para los ganadores.<\/p>\n","protected":false},"excerpt":{"rendered":"<p>Xilitla se llen\u00f3 de energ\u00eda, color y adrenalina con la celebraci\u00f3n del Serial Trail M\u00e1gico que reuni\u00f3 a m\u00e1s de 800 atletas de San Luis Potos\u00ed, M\u00e9xico y el mundo. Este fin de semana, el Pueblo M\u00e1gico fue el punto de encuentro entre la naturaleza &hellip; <\/p>\n","protected":false},"author":1,"featured_media":105252,"comment_status":"open","ping_status":"open","sticky":false,"template":"","format":"standard","meta":{"footnotes":""},"categories":[13,14,7,4,31,32],"tags":[],"class_list":["post-105251","post","type-post","status-publish","format-standard","has-post-thumbnail","hentry","category-agropecuaria","category-caneros","category-ciudad","category-inicio","category-sanluispotosi","category-xilitla"],"_links":{"self":[{"href":"https:\/\/amanecerhuasteco.com\/portal\/wp-json\/wp\/v2\/posts\/105251","targetHints":{"allow":["GET"]}}],"collection":[{"href":"https:\/\/amanecerhuasteco.com\/portal\/wp-json\/wp\/v2\/posts"}],"about":[{"href":"https:\/\/amanecerhuasteco.com\/portal\/wp-json\/wp\/v2\/types\/post"}],"author":[{"embeddable":true,"href":"https:\/\/amanecerhuasteco.com\/portal\/wp-json\/wp\/v2\/users\/1"}],"replies":[{"embeddable":true,"href":"https:\/\/amanecerhuasteco.com\/portal\/wp-json\/wp\/v2\/comments?post=105251"}],"version-history":[{"count":1,"href":"https:\/\/amanecerhuasteco.com\/portal\/wp-json\/wp\/v2\/posts\/105251\/revisions"}],"predecessor-version":[{"id":105253,"href":"https:\/\/amanecerhuasteco.com\/portal\/wp-json\/wp\/v2\/posts\/105251\/revisions\/105253"}],"wp:featuredmedia":[{"embeddable":true,"href":"https:\/\/amanecerhuasteco.com\/portal\/wp-json\/wp\/v2\/media\/105252"}],"wp:attachment":[{"href":"https:\/\/amanecerhuasteco.com\/portal\/wp-json\/wp\/v2\/media?parent=105251"}],"wp:term":[{"taxonomy":"category","embeddable":true,"href":"https:\/\/amanecerhuasteco.com\/portal\/wp-json\/wp\/v2\/categories?post=105251"},{"taxonomy":"post_tag","embeddable":true,"href":"https:\/\/amanecerhuasteco.com\/portal\/wp-json\/wp\/v2\/tags?post=105251"}],"curies":[{"name":"wp","href":"https:\/\/api.w.org\/{rel}","templated":true}]}}