{"id":105257,"date":"2025-05-19T08:43:56","date_gmt":"2025-05-19T14:43:56","guid":{"rendered":"https:\/\/amanecerhuasteco.com\/portal\/?p=105257"},"modified":"2025-05-19T08:43:57","modified_gmt":"2025-05-19T14:43:57","slug":"recibira-san-luis-potosi-a-lideres-del-talento-humano-en-el-congreso-aderiac-2025","status":"publish","type":"post","link":"https:\/\/amanecerhuasteco.com\/portal\/recibira-san-luis-potosi-a-lideres-del-talento-humano-en-el-congreso-aderiac-2025\/","title":{"rendered":"Recibir\u00e1 San Luis Potos\u00ed a l\u00edderes del talento humano en el Congreso ADERIAC 2025"},"content":{"rendered":"\n<p><\/p>\n\n\n\n<ul class=\"wp-block-list\">\n<li>Se espera la asistencia de m\u00e1s de 300 profesionales del sector quienes disfrutar\u00e1n, entre otras actividades, de conferencias magistrales<\/li>\n<\/ul>\n\n\n\n<p>Derivado del crecimiento sin l\u00edmites de San Luis Potos\u00ed en materia de desarrollo empresarial y profesional, el Gobierno de Ricardo Gallardo Cardona, a trav\u00e9s del Centro de Negocios, invita a la 13 Edici\u00f3n del Congreso Internacional de Talento Humano ADERIAC 2025, evento a realizarse los d\u00edas 22 y 23 de mayo, en el Centro de Convenciones de San Luis Potos\u00ed el cual reunir\u00e1 a los m\u00e1s importantes directores ejecutivos, conferencistas y l\u00edderes pertenecientes a las compa\u00f1\u00edas m\u00e1s influyentes del mundo.<br>Durante dos d\u00edas, la entidad potosina ser\u00e1 el epicentro del pensamiento estrat\u00e9gico y la innovaci\u00f3n en capital humano donde se compartir\u00e1n experiencias y conocimientos fundamentales para el desarrollo de profesionistas y administradores de Recursos Humanos.<br>Se espera la asistencia de m\u00e1s de 300 profesionales del sector quienes disfrutar\u00e1n de conferencias magistrales, un taller interactivo, espacios de networking, una zona de exposici\u00f3n especializada, una experiencia gastron\u00f3mica con comida maridaje y la entrega de reconocimientos a Empresas de \u00c9lite. Adem\u00e1s, recibir\u00e1n un kit de bienvenida y una constancia oficial de participaci\u00f3n.<\/p>\n","protected":false},"excerpt":{"rendered":"<p>Derivado del crecimiento sin l\u00edmites de San Luis Potos\u00ed en materia de desarrollo empresarial y profesional, el Gobierno de Ricardo Gallardo Cardona, a trav\u00e9s del Centro de Negocios, invita a la 13 Edici\u00f3n del Congreso Internacional de Talento Humano ADERIAC 2025, evento a realizarse los &hellip; <\/p>\n","protected":false},"author":1,"featured_media":105258,"comment_status":"open","ping_status":"open","sticky":false,"template":"","format":"standard","meta":{"footnotes":""},"categories":[13,25,7,78,62,4,30,31,42],"tags":[],"class_list":["post-105257","post","type-post","status-publish","format-standard","has-post-thumbnail","hentry","category-agropecuaria","category-aquismon","category-ciudad","category-ciudad-del-maiz","category-ciudad-fernandez","category-inicio","category-rioverde","category-sanluispotosi","category-soledad"],"_links":{"self":[{"href":"https:\/\/amanecerhuasteco.com\/portal\/wp-json\/wp\/v2\/posts\/105257","targetHints":{"allow":["GET"]}}],"collection":[{"href":"https:\/\/amanecerhuasteco.com\/portal\/wp-json\/wp\/v2\/posts"}],"about":[{"href":"https:\/\/amanecerhuasteco.com\/portal\/wp-json\/wp\/v2\/types\/post"}],"author":[{"embeddable":true,"href":"https:\/\/amanecerhuasteco.com\/portal\/wp-json\/wp\/v2\/users\/1"}],"replies":[{"embeddable":true,"href":"https:\/\/amanecerhuasteco.com\/portal\/wp-json\/wp\/v2\/comments?post=105257"}],"version-history":[{"count":1,"href":"https:\/\/amanecerhuasteco.com\/portal\/wp-json\/wp\/v2\/posts\/105257\/revisions"}],"predecessor-version":[{"id":105259,"href":"https:\/\/amanecerhuasteco.com\/portal\/wp-json\/wp\/v2\/posts\/105257\/revisions\/105259"}],"wp:featuredmedia":[{"embeddable":true,"href":"https:\/\/amanecerhuasteco.com\/portal\/wp-json\/wp\/v2\/media\/105258"}],"wp:attachment":[{"href":"https:\/\/amanecerhuasteco.com\/portal\/wp-json\/wp\/v2\/media?parent=105257"}],"wp:term":[{"taxonomy":"category","embeddable":true,"href":"https:\/\/amanecerhuasteco.com\/portal\/wp-json\/wp\/v2\/categories?post=105257"},{"taxonomy":"post_tag","embeddable":true,"href":"https:\/\/amanecerhuasteco.com\/portal\/wp-json\/wp\/v2\/tags?post=105257"}],"curies":[{"name":"wp","href":"https:\/\/api.w.org\/{rel}","templated":true}]}}