{"id":105441,"date":"2025-05-22T07:43:41","date_gmt":"2025-05-22T13:43:41","guid":{"rendered":"https:\/\/amanecerhuasteco.com\/portal\/?p=105441"},"modified":"2025-05-26T07:45:01","modified_gmt":"2025-05-26T13:45:01","slug":"reunion-estrategica-para-la-prevencion-y-combate-de-incendios-forestales","status":"publish","type":"post","link":"https:\/\/amanecerhuasteco.com\/portal\/reunion-estrategica-para-la-prevencion-y-combate-de-incendios-forestales\/","title":{"rendered":"Reuni\u00f3n Estrat\u00e9gica para la Prevenci\u00f3n y Combate de Incendios Forestales"},"content":{"rendered":"\n<p><\/p>\n\n\n\n<p>El <a><\/a>H. Ayuntamiento de Tamasopo, encabezado por el presidente municipal <a href=\"https:\/\/www.facebook.com\/profile.php?id=100080627962994&amp;__cft__[0]=AZWtWvaobIHllLGd19rzlwdmqVXkkjkFLnewWATaqbfj0mmJhcGdFp0WHkpYJJmVChLNqvAhTExjVynpGu1rYadEeCCS9K1bLJlSvq8R62b2UHmnihNRZsmsWAzlv51eD-3mPBQdrnqUsRaVatLJ2FwoIiFVTdG713yh_2_bpb01E68hgTcVbq56XqYUJ9CUEH3Nh-VAvlf5CarKZikDXcVT&amp;__tn__=-]K-R\">Mauricio Andrade<\/a>, llev\u00f3 a cabo el d\u00eda de ayer una importante reuni\u00f3n de trabajo enfocada en la prevenci\u00f3n y combate de incendios forestales, en un esfuerzo conjunto por proteger nuestros recursos naturales y salvaguardar la seguridad de nuestras comunidades.<img decoding=\"async\" height=\"16\" width=\"16\" alt=\"\u2705\" src=\"https:\/\/static.xx.fbcdn.net\/images\/emoji.php\/v9\/t33\/1\/16\/2705.png\"><\/p>\n\n\n\n<p>Esta acci\u00f3n se realiz\u00f3 en coordinaci\u00f3n con el Departamento de Ecolog\u00eda, dirigido por Andr\u00e9s Nigoche, y el Departamento de Protecci\u00f3n Civil Municipal, bajo la direcci\u00f3n de Marco Barrag\u00e1n.<img decoding=\"async\" height=\"16\" width=\"16\" alt=\"\ud83e\udd1d\ud83c\udffb\" src=\"https:\/\/static.xx.fbcdn.net\/images\/emoji.php\/v9\/tdf\/1\/16\/1f91d_1f3fb.png\"><\/p>\n\n\n\n<p>Contamos con la distinguida presencia de:<\/p>\n\n\n\n<p>\u2022 C. Jorge Luis D\u00edaz Salinas titular de la Secretar\u00eda de Desarrollo Agropecuario y Recursos Hidr\u00e1ulicos (SEDARH), en representaci\u00f3n del Lic. Ricardo Gallardo Cardona, Gobernador Constitucional del Estado de San Luis Potos\u00ed.<\/p>\n\n\n\n<p>\u2022 El Delegado de SEDARH<\/p>\n\n\n\n<p>\u2022 El Encargado de Protecci\u00f3n Civil del Estado<\/p>\n\n\n\n<p>\u2022 Representantes de la Secretar\u00eda de Ecolog\u00eda y Gesti\u00f3n Ambiental (SEGAM)<\/p>\n\n\n\n<p>\u2022 Representantes de la Procuradur\u00eda Federal de Protecci\u00f3n al Ambiente (PROFEPA)<\/p>\n\n\n\n<p>\u2022 Representantes de la Secretar\u00eda de Agricultura y Desarrollo Rural (SADER)<\/p>\n\n\n\n<p>\u2022 Representantes de la Comisi\u00f3n Nacional Forestal (CONAFOR)<\/p>\n\n\n\n<p>\u2022 El Gerente de Operaciones del Ingenio Alianza Popular<\/p>\n\n\n\n<p>\u2022 Representantes de las organizaciones agr\u00edcolas CNC y CNPR<\/p>\n\n\n\n<p>\u2022 Comisariados ejidales<\/p>\n\n\n\n<p>\u2022 Miembros del H. Cabildo Municipal<\/p>\n","protected":false},"excerpt":{"rendered":"<p>El H. Ayuntamiento de Tamasopo, encabezado por el presidente municipal Mauricio Andrade, llev\u00f3 a cabo el d\u00eda de ayer una importante reuni\u00f3n de trabajo enfocada en la prevenci\u00f3n y combate de incendios forestales, en un esfuerzo conjunto por proteger nuestros recursos naturales y salvaguardar la &hellip; <\/p>\n","protected":false},"author":1,"featured_media":105442,"comment_status":"open","ping_status":"open","sticky":false,"template":"","format":"standard","meta":{"footnotes":""},"categories":[13,14,28,29,15,16,4,21],"tags":[],"class_list":["post-105441","post","type-post","status-publish","format-standard","has-post-thumbnail","hentry","category-agropecuaria","category-caneros","category-cnc","category-cnpr","category-ganaderos","category-ingenios","category-inicio","category-tamasopo"],"_links":{"self":[{"href":"https:\/\/amanecerhuasteco.com\/portal\/wp-json\/wp\/v2\/posts\/105441","targetHints":{"allow":["GET"]}}],"collection":[{"href":"https:\/\/amanecerhuasteco.com\/portal\/wp-json\/wp\/v2\/posts"}],"about":[{"href":"https:\/\/amanecerhuasteco.com\/portal\/wp-json\/wp\/v2\/types\/post"}],"author":[{"embeddable":true,"href":"https:\/\/amanecerhuasteco.com\/portal\/wp-json\/wp\/v2\/users\/1"}],"replies":[{"embeddable":true,"href":"https:\/\/amanecerhuasteco.com\/portal\/wp-json\/wp\/v2\/comments?post=105441"}],"version-history":[{"count":1,"href":"https:\/\/amanecerhuasteco.com\/portal\/wp-json\/wp\/v2\/posts\/105441\/revisions"}],"predecessor-version":[{"id":105443,"href":"https:\/\/amanecerhuasteco.com\/portal\/wp-json\/wp\/v2\/posts\/105441\/revisions\/105443"}],"wp:featuredmedia":[{"embeddable":true,"href":"https:\/\/amanecerhuasteco.com\/portal\/wp-json\/wp\/v2\/media\/105442"}],"wp:attachment":[{"href":"https:\/\/amanecerhuasteco.com\/portal\/wp-json\/wp\/v2\/media?parent=105441"}],"wp:term":[{"taxonomy":"category","embeddable":true,"href":"https:\/\/amanecerhuasteco.com\/portal\/wp-json\/wp\/v2\/categories?post=105441"},{"taxonomy":"post_tag","embeddable":true,"href":"https:\/\/amanecerhuasteco.com\/portal\/wp-json\/wp\/v2\/tags?post=105441"}],"curies":[{"name":"wp","href":"https:\/\/api.w.org\/{rel}","templated":true}]}}