{"id":105453,"date":"2025-05-26T08:09:42","date_gmt":"2025-05-26T14:09:42","guid":{"rendered":"https:\/\/amanecerhuasteco.com\/portal\/?p=105453"},"modified":"2025-05-26T08:09:43","modified_gmt":"2025-05-26T14:09:43","slug":"ayuntamiento-de-valles-encuentra-3-tomas-clandestinas-en-el-sistema-que-abastece-agua-a-la-zona-tenek","status":"publish","type":"post","link":"https:\/\/amanecerhuasteco.com\/portal\/ayuntamiento-de-valles-encuentra-3-tomas-clandestinas-en-el-sistema-que-abastece-agua-a-la-zona-tenek\/","title":{"rendered":"Ayuntamiento de Valles, encuentra 3 tomas clandestinas en el sistema que abastece agua a la zona Tenek"},"content":{"rendered":"\n<p><\/p>\n\n\n\n<p><a><\/a>Ciudad Valles.- En bolet\u00edn emitido por el ayuntamiento de Valles, se informa que durante los recorridos realizados hoy por la Direcci\u00f3n de Obras P\u00fablicas en la l\u00ednea de conducci\u00f3n que abastece a la Cordillera Tenek, se detectaron tres tomas clandestinas que extra\u00edan cerca de 12 litros por segundo, y dejaban sin agua a familias ind\u00edgenas.<\/p>\n\n\n\n<p>As\u00ed mismo se detectaron dos fugas que provocaban una p\u00e9rdida similar.<\/p>\n\n\n\n<p>No habr\u00e1 agua en la zona Tenek este lunes.<\/p>\n\n\n\n<p>Por ello, ma\u00f1ana a partir de las 4 de la ma\u00f1ana se detendr\u00e1 el bombeo para dar inicio a los trabajos de reparaci\u00f3n.<\/p>\n","protected":false},"excerpt":{"rendered":"<p>Ciudad Valles.- En bolet\u00edn emitido por el ayuntamiento de Valles, se informa que durante los recorridos realizados hoy por la Direcci\u00f3n de Obras P\u00fablicas en la l\u00ednea de conducci\u00f3n que abastece a la Cordillera Tenek, se detectaron tres tomas clandestinas que extra\u00edan cerca de 12 &hellip; <\/p>\n","protected":false},"author":1,"featured_media":105454,"comment_status":"open","ping_status":"open","sticky":false,"template":"","format":"standard","meta":{"footnotes":""},"categories":[13,14,28,29,7,15,4],"tags":[],"class_list":["post-105453","post","type-post","status-publish","format-standard","has-post-thumbnail","hentry","category-agropecuaria","category-caneros","category-cnc","category-cnpr","category-ciudad","category-ganaderos","category-inicio"],"_links":{"self":[{"href":"https:\/\/amanecerhuasteco.com\/portal\/wp-json\/wp\/v2\/posts\/105453","targetHints":{"allow":["GET"]}}],"collection":[{"href":"https:\/\/amanecerhuasteco.com\/portal\/wp-json\/wp\/v2\/posts"}],"about":[{"href":"https:\/\/amanecerhuasteco.com\/portal\/wp-json\/wp\/v2\/types\/post"}],"author":[{"embeddable":true,"href":"https:\/\/amanecerhuasteco.com\/portal\/wp-json\/wp\/v2\/users\/1"}],"replies":[{"embeddable":true,"href":"https:\/\/amanecerhuasteco.com\/portal\/wp-json\/wp\/v2\/comments?post=105453"}],"version-history":[{"count":1,"href":"https:\/\/amanecerhuasteco.com\/portal\/wp-json\/wp\/v2\/posts\/105453\/revisions"}],"predecessor-version":[{"id":105455,"href":"https:\/\/amanecerhuasteco.com\/portal\/wp-json\/wp\/v2\/posts\/105453\/revisions\/105455"}],"wp:featuredmedia":[{"embeddable":true,"href":"https:\/\/amanecerhuasteco.com\/portal\/wp-json\/wp\/v2\/media\/105454"}],"wp:attachment":[{"href":"https:\/\/amanecerhuasteco.com\/portal\/wp-json\/wp\/v2\/media?parent=105453"}],"wp:term":[{"taxonomy":"category","embeddable":true,"href":"https:\/\/amanecerhuasteco.com\/portal\/wp-json\/wp\/v2\/categories?post=105453"},{"taxonomy":"post_tag","embeddable":true,"href":"https:\/\/amanecerhuasteco.com\/portal\/wp-json\/wp\/v2\/tags?post=105453"}],"curies":[{"name":"wp","href":"https:\/\/api.w.org\/{rel}","templated":true}]}}