{"id":105592,"date":"2025-06-02T07:24:30","date_gmt":"2025-06-02T13:24:30","guid":{"rendered":"https:\/\/amanecerhuasteco.com\/portal\/?p=105592"},"modified":"2025-06-02T07:24:32","modified_gmt":"2025-06-02T13:24:32","slug":"productores-de-maiz-en-crisis-por-caida-de-precios-y-avalancha-de-importaciones","status":"publish","type":"post","link":"https:\/\/amanecerhuasteco.com\/portal\/productores-de-maiz-en-crisis-por-caida-de-precios-y-avalancha-de-importaciones\/","title":{"rendered":"Productores de ma\u00edz en crisis por ca\u00edda de precios y avalancha de importaciones"},"content":{"rendered":"\n<p><\/p>\n\n\n\n<ul class=\"wp-block-list\">\n<li>Ma\u00edz transg\u00e9nico importado desplaza la cosecha nacional<\/li>\n\n\n\n<li>Urge implementar medidas que estabilice precios<\/li>\n<\/ul>\n\n\n\n<p>La COUC en Sinaloa alerta sobre p\u00e9rdidas millonarias para los agricultores locales, mientras el ma\u00edz transg\u00e9nico importado desplaza la cosecha nacional y pone en riesgo la econom\u00eda rural y la soberan\u00eda alimentaria.<\/p>\n\n\n\n<p>Agust\u00edn Espinoza Lagunas, secretario general de la Coordinaci\u00f3n Organizadora de la Unidad Campesina (COUC) en Sinaloa, alert\u00f3 sobre la dif\u00edcil situaci\u00f3n que enfrentan los productores de ma\u00edz en la entidad en este cierre de ciclo productivo, debido a la ca\u00edda en los precios y la competencia desleal por importaciones masivas.<\/p>\n\n\n\n<p>En plena temporada de cosecha, el precio del ma\u00edz en Sinaloa ronda los 6,200 pesos por tonelada, cifra insuficiente para cubrir costos y garantizar un ingreso justo para los agricultores. Espinoza Lagunas destac\u00f3 que, en condiciones equitativas, el precio deber\u00eda ser de al menos 7,000 pesos por tonelada. La diferencia de 800 pesos representa p\u00e9rdidas millonarias, afectando directamente la econom\u00eda de las familias campesinas y el futuro del campo sinaloense.<\/p>\n\n\n\n<p>El dirigente se\u00f1al\u00f3 que la principal causa de esta crisis es la importaci\u00f3n desmedida de ma\u00edz amarillo, en su mayor\u00eda transg\u00e9nico, que satura el mercado nacional justo cuando los productores locales comercializan su cosecha de ma\u00edz blanco. Aunque en febrero de 2025 se derog\u00f3 el decreto que prohib\u00eda el ma\u00edz transg\u00e9nico para consumo humano \u2014tras un fallo del TMEC\u2014, Espinoza Lagunas advirti\u00f3 que esta medida ha incrementado la vulnerabilidad de los agricultores.<\/p>\n\n\n\n<p>\u00abSe argumenta que no hay evidencia cient\u00edfica contundente sobre riesgos a la salud, pero persisten dudas sobre sus efectos a largo plazo, especialmente en M\u00e9xico, donde el ma\u00edz es base de nuestra alimentaci\u00f3n\u00bb, afirm\u00f3. M\u00e1s all\u00e1 del debate, recalc\u00f3 que el verdadero problema es el da\u00f1o econ\u00f3mico a los productores, quienes exigen pol\u00edticas que protejan su actividad en lugar de favorecer intereses externos.<\/p>\n\n\n\n<p>La COUC hizo un llamado urgente a las autoridades para implementar medidas que estabilice los precios, regulen las importaciones y apoyen al sector agr\u00edcola, evitando que el campo sinaloense sea sacrificado por decisiones que benefician a terceros en detrimento de la soberan\u00eda alimentaria y la econom\u00eda local.<\/p>\n","protected":false},"excerpt":{"rendered":"<p>La COUC en Sinaloa alerta sobre p\u00e9rdidas millonarias para los agricultores locales, mientras el ma\u00edz transg\u00e9nico importado desplaza la cosecha nacional y pone en riesgo la econom\u00eda rural y la soberan\u00eda alimentaria. Agust\u00edn Espinoza Lagunas, secretario general de la Coordinaci\u00f3n Organizadora de la Unidad Campesina &hellip; <\/p>\n","protected":false},"author":1,"featured_media":105593,"comment_status":"open","ping_status":"open","sticky":false,"template":"","format":"standard","meta":{"footnotes":""},"categories":[13,14,7,78,62,22,77,56,15,4,44,60,30,31,59,42,53,57],"tags":[],"class_list":["post-105592","post","type-post","status-publish","format-standard","has-post-thumbnail","hentry","category-agropecuaria","category-caneros","category-ciudad","category-ciudad-del-maiz","category-ciudad-fernandez","category-ebano","category-el-campo","category-el-naranjo","category-ganaderos","category-inicio","category-matehuala","category-rayon","category-rioverde","category-sanluispotosi","category-santa-catarina","category-soledad","category-tamazunchale","category-tanlajas"],"_links":{"self":[{"href":"https:\/\/amanecerhuasteco.com\/portal\/wp-json\/wp\/v2\/posts\/105592","targetHints":{"allow":["GET"]}}],"collection":[{"href":"https:\/\/amanecerhuasteco.com\/portal\/wp-json\/wp\/v2\/posts"}],"about":[{"href":"https:\/\/amanecerhuasteco.com\/portal\/wp-json\/wp\/v2\/types\/post"}],"author":[{"embeddable":true,"href":"https:\/\/amanecerhuasteco.com\/portal\/wp-json\/wp\/v2\/users\/1"}],"replies":[{"embeddable":true,"href":"https:\/\/amanecerhuasteco.com\/portal\/wp-json\/wp\/v2\/comments?post=105592"}],"version-history":[{"count":1,"href":"https:\/\/amanecerhuasteco.com\/portal\/wp-json\/wp\/v2\/posts\/105592\/revisions"}],"predecessor-version":[{"id":105594,"href":"https:\/\/amanecerhuasteco.com\/portal\/wp-json\/wp\/v2\/posts\/105592\/revisions\/105594"}],"wp:featuredmedia":[{"embeddable":true,"href":"https:\/\/amanecerhuasteco.com\/portal\/wp-json\/wp\/v2\/media\/105593"}],"wp:attachment":[{"href":"https:\/\/amanecerhuasteco.com\/portal\/wp-json\/wp\/v2\/media?parent=105592"}],"wp:term":[{"taxonomy":"category","embeddable":true,"href":"https:\/\/amanecerhuasteco.com\/portal\/wp-json\/wp\/v2\/categories?post=105592"},{"taxonomy":"post_tag","embeddable":true,"href":"https:\/\/amanecerhuasteco.com\/portal\/wp-json\/wp\/v2\/tags?post=105592"}],"curies":[{"name":"wp","href":"https:\/\/api.w.org\/{rel}","templated":true}]}}