{"id":105645,"date":"2025-06-04T09:27:25","date_gmt":"2025-06-04T15:27:25","guid":{"rendered":"https:\/\/amanecerhuasteco.com\/portal\/?p=105645"},"modified":"2025-06-04T09:27:26","modified_gmt":"2025-06-04T15:27:26","slug":"ayuntamiento-de-tamasopo-imparte-taller-de-corte","status":"publish","type":"post","link":"https:\/\/amanecerhuasteco.com\/portal\/ayuntamiento-de-tamasopo-imparte-taller-de-corte\/","title":{"rendered":"Ayuntamiento de Tamasopo imparte taller de corte"},"content":{"rendered":"\n<p>As\u00ed se est\u00e1 viviendo el Taller de Corte y Confecci\u00f3n en el Departamento de Cultura<\/p>\n\n\n\n<p>Gracias a la gesti\u00f3n del Director del Departamento Cris\u00f3stomo de Santiago, este taller ha sido posible, brindando a la comunidad un espacio de aprendizaje y desarrollo personal.<\/p>\n\n\n\n<p>Agradecemos profundamente a la Sra. Mar\u00eda Hern\u00e1ndez por compartir sus conocimientos y por la dedicaci\u00f3n con la que imparte cada clase.<\/p>\n\n\n\n<p>Tambi\u00e9n extendemos nuestro reconocimiento a todas las participantes por su entusiasmo y compromiso. \u00a1Seguimos creando y aprendiendo juntas! \ud83d\udc57\ud83d\udcaa<\/p>\n","protected":false},"excerpt":{"rendered":"<p>As\u00ed se est\u00e1 viviendo el Taller de Corte y Confecci\u00f3n en el Departamento de Cultura Gracias a la gesti\u00f3n del Director del Departamento Cris\u00f3stomo de Santiago, este taller ha sido posible, brindando a la comunidad un espacio de aprendizaje y desarrollo personal. Agradecemos profundamente a &hellip; <\/p>\n","protected":false},"author":1,"featured_media":105646,"comment_status":"open","ping_status":"open","sticky":false,"template":"","format":"standard","meta":{"footnotes":""},"categories":[13,14,28,29,15,16,4,21],"tags":[],"class_list":["post-105645","post","type-post","status-publish","format-standard","has-post-thumbnail","hentry","category-agropecuaria","category-caneros","category-cnc","category-cnpr","category-ganaderos","category-ingenios","category-inicio","category-tamasopo"],"_links":{"self":[{"href":"https:\/\/amanecerhuasteco.com\/portal\/wp-json\/wp\/v2\/posts\/105645","targetHints":{"allow":["GET"]}}],"collection":[{"href":"https:\/\/amanecerhuasteco.com\/portal\/wp-json\/wp\/v2\/posts"}],"about":[{"href":"https:\/\/amanecerhuasteco.com\/portal\/wp-json\/wp\/v2\/types\/post"}],"author":[{"embeddable":true,"href":"https:\/\/amanecerhuasteco.com\/portal\/wp-json\/wp\/v2\/users\/1"}],"replies":[{"embeddable":true,"href":"https:\/\/amanecerhuasteco.com\/portal\/wp-json\/wp\/v2\/comments?post=105645"}],"version-history":[{"count":1,"href":"https:\/\/amanecerhuasteco.com\/portal\/wp-json\/wp\/v2\/posts\/105645\/revisions"}],"predecessor-version":[{"id":105647,"href":"https:\/\/amanecerhuasteco.com\/portal\/wp-json\/wp\/v2\/posts\/105645\/revisions\/105647"}],"wp:featuredmedia":[{"embeddable":true,"href":"https:\/\/amanecerhuasteco.com\/portal\/wp-json\/wp\/v2\/media\/105646"}],"wp:attachment":[{"href":"https:\/\/amanecerhuasteco.com\/portal\/wp-json\/wp\/v2\/media?parent=105645"}],"wp:term":[{"taxonomy":"category","embeddable":true,"href":"https:\/\/amanecerhuasteco.com\/portal\/wp-json\/wp\/v2\/categories?post=105645"},{"taxonomy":"post_tag","embeddable":true,"href":"https:\/\/amanecerhuasteco.com\/portal\/wp-json\/wp\/v2\/tags?post=105645"}],"curies":[{"name":"wp","href":"https:\/\/api.w.org\/{rel}","templated":true}]}}