{"id":105675,"date":"2025-06-02T09:03:46","date_gmt":"2025-06-02T15:03:46","guid":{"rendered":"https:\/\/amanecerhuasteco.com\/portal\/?p=105675"},"modified":"2025-06-05T09:05:11","modified_gmt":"2025-06-05T15:05:11","slug":"alcalde-de-tamasopo-convive-con-graduados-del-emsad-28","status":"publish","type":"post","link":"https:\/\/amanecerhuasteco.com\/portal\/alcalde-de-tamasopo-convive-con-graduados-del-emsad-28\/","title":{"rendered":"Alcalde de Tamasopo, convive con graduados del EMSaD 28"},"content":{"rendered":"\n<p>El presidente municipal del H. Ayuntamiento de Tamasopo <a href=\"https:\/\/www.facebook.com\/profile.php?id=100080627962994&amp;__cft__[0]=AZUqSDNw5RWA5J5nmDcx5dFEOr7NbNpjNvTaZR1SjHH8TwQ8TZR20kKYPMIuZflK0ctTozKBKtwXHGWmvnJdZOOrrUoU72938VIRoSX0G_8k58PQdO9tl0l_FB8jHsMCcz4biXYABAk25rePOunQ5bLVNx2ymQMcYpN7D8WNPCBHecN8TGRd1i9NGAmL6JeFCAe7_5LJjkCbvKpsraVZghhI&amp;__tn__=-]K-R\">Mauricio Andrade<\/a>, tuvo el honor de asistir a una emotiva comida con motivo de la pregraduaci\u00f3n de los alumnos d<a><\/a>el EMSaD 28 de la localidad de La Palma, generaci\u00f3n de la cual es orgullosamente padrino.<img decoding=\"async\" height=\"16\" width=\"16\" alt=\"\ud83d\udc9a\" src=\"https:\/\/static.xx.fbcdn.net\/images\/emoji.php\/v9\/t94\/1\/16\/1f49a.png\"><\/p>\n\n\n\n<p>Durante el evento, el presidente felicit\u00f3 a los j\u00f3venes por culminar un ciclo educativo m\u00e1s, reconociendo su esfuerzo, dedicaci\u00f3n y perseverancia. <img decoding=\"async\" height=\"16\" width=\"16\" alt=\"\ud83c\udfc5\" src=\"https:\/\/static.xx.fbcdn.net\/images\/emoji.php\/v9\/t3d\/1\/16\/1f3c5.png\"><\/p>\n\n\n\n<p>\u00a1Enhorabuena a todos los egresados! Que este logro sea solo el comienzo de muchos \u00e9xitos m\u00e1s.<\/p>\n","protected":false},"excerpt":{"rendered":"<p>El presidente municipal del H. Ayuntamiento de Tamasopo Mauricio Andrade, tuvo el honor de asistir a una emotiva comida con motivo de la pregraduaci\u00f3n de los alumnos del EMSaD 28 de la localidad de La Palma, generaci\u00f3n de la cual es orgullosamente padrino. Durante el &hellip; <\/p>\n","protected":false},"author":1,"featured_media":105676,"comment_status":"open","ping_status":"open","sticky":false,"template":"","format":"standard","meta":{"footnotes":""},"categories":[13,14,28,29,15,4,21],"tags":[],"class_list":["post-105675","post","type-post","status-publish","format-standard","has-post-thumbnail","hentry","category-agropecuaria","category-caneros","category-cnc","category-cnpr","category-ganaderos","category-inicio","category-tamasopo"],"_links":{"self":[{"href":"https:\/\/amanecerhuasteco.com\/portal\/wp-json\/wp\/v2\/posts\/105675","targetHints":{"allow":["GET"]}}],"collection":[{"href":"https:\/\/amanecerhuasteco.com\/portal\/wp-json\/wp\/v2\/posts"}],"about":[{"href":"https:\/\/amanecerhuasteco.com\/portal\/wp-json\/wp\/v2\/types\/post"}],"author":[{"embeddable":true,"href":"https:\/\/amanecerhuasteco.com\/portal\/wp-json\/wp\/v2\/users\/1"}],"replies":[{"embeddable":true,"href":"https:\/\/amanecerhuasteco.com\/portal\/wp-json\/wp\/v2\/comments?post=105675"}],"version-history":[{"count":1,"href":"https:\/\/amanecerhuasteco.com\/portal\/wp-json\/wp\/v2\/posts\/105675\/revisions"}],"predecessor-version":[{"id":105677,"href":"https:\/\/amanecerhuasteco.com\/portal\/wp-json\/wp\/v2\/posts\/105675\/revisions\/105677"}],"wp:featuredmedia":[{"embeddable":true,"href":"https:\/\/amanecerhuasteco.com\/portal\/wp-json\/wp\/v2\/media\/105676"}],"wp:attachment":[{"href":"https:\/\/amanecerhuasteco.com\/portal\/wp-json\/wp\/v2\/media?parent=105675"}],"wp:term":[{"taxonomy":"category","embeddable":true,"href":"https:\/\/amanecerhuasteco.com\/portal\/wp-json\/wp\/v2\/categories?post=105675"},{"taxonomy":"post_tag","embeddable":true,"href":"https:\/\/amanecerhuasteco.com\/portal\/wp-json\/wp\/v2\/tags?post=105675"}],"curies":[{"name":"wp","href":"https:\/\/api.w.org\/{rel}","templated":true}]}}