{"id":105713,"date":"2025-06-06T08:49:27","date_gmt":"2025-06-06T14:49:27","guid":{"rendered":"https:\/\/amanecerhuasteco.com\/portal\/?p=105713"},"modified":"2025-06-06T08:49:28","modified_gmt":"2025-06-06T14:49:28","slug":"invitan-a-curso-de-rescate-acuatico-y-primeros-auxilios-en-ciudad-valles","status":"publish","type":"post","link":"https:\/\/amanecerhuasteco.com\/portal\/invitan-a-curso-de-rescate-acuatico-y-primeros-auxilios-en-ciudad-valles\/","title":{"rendered":"Invitan a curso de rescate acu\u00e1tico y primeros auxilios en Ciudad Valles"},"content":{"rendered":"\n<p><\/p>\n\n\n\n<p>La Secretar\u00eda de Turismo del Estado de San Luis Potos\u00ed, encabezada por Yolanda Josefina Cepeda Echavarr\u00eda, en coordinaci\u00f3n con la Academia Estatal de Polic\u00eda, la Direcci\u00f3n Municipal de Turismo y la Direcci\u00f3n de Cultura F\u00edsica y Deporte (DICUFIDE), convoca a propietarios y personal de salones de eventos, hoteles y hostales a participar en el curso de capacitaci\u00f3n \u201cRescate acu\u00e1tico y primeros auxilios en cuerpos de agua est\u00e1tica\u201d.<\/p>\n\n\n\n<p>Esta importante capacitaci\u00f3n se llevar\u00e1 a cabo del 10 al 13 de junio, en un horario de 9:00 a 14:00 horas, en la alberca municipal del Deportivo G\u00f3mez Mor\u00edn. El objetivo es fortalecer las capacidades de respuesta ante emergencias en espacios tur\u00edsticos con cuerpos de agua, promoviendo entornos seguros para visitantes y trabajadores del sector.<\/p>\n\n\n\n<p>Los requisitos para participar son: copia de la identificaci\u00f3n oficial (INE), certificado m\u00e9dico, y llevar el siguiente equipo personal: cuerda de vida, guantes de l\u00e1tex, chaleco salvavidas y un lapicero azul.<\/p>\n\n\n\n<p>La Directora de Turismo Municipal, Vernice Soria Trevi\u00f1o, destac\u00f3 que este curso forma parte de los esfuerzos conjuntos entre los gobiernos estatal y municipal para profesionalizar al personal que opera en espacios tur\u00edsticos y reforzar la cultura de la prevenci\u00f3n en beneficio de quienes visitan Ciudad Valles y la regi\u00f3n Huasteca.<\/p>\n","protected":false},"excerpt":{"rendered":"<p>La Secretar\u00eda de Turismo del Estado de San Luis Potos\u00ed, encabezada por Yolanda Josefina Cepeda Echavarr\u00eda, en coordinaci\u00f3n con la Academia Estatal de Polic\u00eda, la Direcci\u00f3n Municipal de Turismo y la Direcci\u00f3n de Cultura F\u00edsica y Deporte (DICUFIDE), convoca a propietarios y personal de salones &hellip; <\/p>\n","protected":false},"author":1,"featured_media":105714,"comment_status":"open","ping_status":"open","sticky":false,"template":"","format":"standard","meta":{"footnotes":""},"categories":[13,14,28,29,7,15,16,4],"tags":[],"class_list":["post-105713","post","type-post","status-publish","format-standard","has-post-thumbnail","hentry","category-agropecuaria","category-caneros","category-cnc","category-cnpr","category-ciudad","category-ganaderos","category-ingenios","category-inicio"],"_links":{"self":[{"href":"https:\/\/amanecerhuasteco.com\/portal\/wp-json\/wp\/v2\/posts\/105713","targetHints":{"allow":["GET"]}}],"collection":[{"href":"https:\/\/amanecerhuasteco.com\/portal\/wp-json\/wp\/v2\/posts"}],"about":[{"href":"https:\/\/amanecerhuasteco.com\/portal\/wp-json\/wp\/v2\/types\/post"}],"author":[{"embeddable":true,"href":"https:\/\/amanecerhuasteco.com\/portal\/wp-json\/wp\/v2\/users\/1"}],"replies":[{"embeddable":true,"href":"https:\/\/amanecerhuasteco.com\/portal\/wp-json\/wp\/v2\/comments?post=105713"}],"version-history":[{"count":1,"href":"https:\/\/amanecerhuasteco.com\/portal\/wp-json\/wp\/v2\/posts\/105713\/revisions"}],"predecessor-version":[{"id":105715,"href":"https:\/\/amanecerhuasteco.com\/portal\/wp-json\/wp\/v2\/posts\/105713\/revisions\/105715"}],"wp:featuredmedia":[{"embeddable":true,"href":"https:\/\/amanecerhuasteco.com\/portal\/wp-json\/wp\/v2\/media\/105714"}],"wp:attachment":[{"href":"https:\/\/amanecerhuasteco.com\/portal\/wp-json\/wp\/v2\/media?parent=105713"}],"wp:term":[{"taxonomy":"category","embeddable":true,"href":"https:\/\/amanecerhuasteco.com\/portal\/wp-json\/wp\/v2\/categories?post=105713"},{"taxonomy":"post_tag","embeddable":true,"href":"https:\/\/amanecerhuasteco.com\/portal\/wp-json\/wp\/v2\/tags?post=105713"}],"curies":[{"name":"wp","href":"https:\/\/api.w.org\/{rel}","templated":true}]}}