{"id":105893,"date":"2025-06-14T07:32:07","date_gmt":"2025-06-14T13:32:07","guid":{"rendered":"https:\/\/amanecerhuasteco.com\/portal\/?p=105893"},"modified":"2025-06-14T07:32:08","modified_gmt":"2025-06-14T13:32:08","slug":"dif-realiza-feria-de-la-salud-en-axtla","status":"publish","type":"post","link":"https:\/\/amanecerhuasteco.com\/portal\/dif-realiza-feria-de-la-salud-en-axtla\/","title":{"rendered":"DIF realiza  Feria de la Salud en Axtla"},"content":{"rendered":"\n<p><br>\u2022 El organismo tambi\u00e9n entreg\u00f3 un veh\u00edculo adaptado para movilidad de personas con discapacidad y adultas mayores en el municipio.<\/p>\n\n\n\n<p>El Sistema Estatal para el Desarrollo Integral de la Familia (DIF) realiz\u00f3 con \u00e9xito la Feria de la Salud en Axtla de Terrazas, donde brind\u00f3 atenci\u00f3n sin l\u00edmites a la comunidad y a las familias, mediante orientaci\u00f3n m\u00e9dica y psicol\u00f3gica, medicamentos gratuitos y diversos servicios sin costo, adem\u00e1s de entregar un veh\u00edculo adaptado para la movilidad de personas con discapacidad.<br>En seguimiento a la instrucci\u00f3n del Gobernador del Estado, Ricardo Gallardo Cardona, el evento cont\u00f3 con la participaci\u00f3n de profesionales de la salud, personal del DIF y una nutrida asistencia de la comunidad, quienes trabajaron conjuntamente para promover la prevenci\u00f3n, el cuidado y el apoyo a las personas m\u00e1s vulnerables.<br>La directora general, Virginia Z\u00fa\u00f1iga Maldonado, manifest\u00f3 que el DIF Estatal contin\u00faa promoviendo acciones que fomentan una comunidad m\u00e1s saludable e inclusiva.<\/p>\n","protected":false},"excerpt":{"rendered":"<p>\u2022 El organismo tambi\u00e9n entreg\u00f3 un veh\u00edculo adaptado para movilidad de personas con discapacidad y adultas mayores en el municipio. El Sistema Estatal para el Desarrollo Integral de la Familia (DIF) realiz\u00f3 con \u00e9xito la Feria de la Salud en Axtla de Terrazas, donde brind\u00f3 &hellip; <\/p>\n","protected":false},"author":1,"featured_media":105894,"comment_status":"open","ping_status":"open","sticky":false,"template":"","format":"standard","meta":{"footnotes":""},"categories":[13,91,25,89,82,87,86,7,78,62,56,55,16,4,73,44,26,74,10,12,60,30,31,59,42,53,57,43,32],"tags":[],"class_list":["post-105893","post","type-post","status-publish","format-standard","has-post-thumbnail","hentry","category-agropecuaria","category-alaquines","category-aquismon","category-armadillo","category-axtla","category-cardenas","category-cedral","category-ciudad","category-ciudad-del-maiz","category-ciudad-fernandez","category-el-naranjo","category-guadalcazar","category-ingenios","category-inicio","category-lagunillas","category-matehuala","category-matlapa","category-mexquitic","category-municipios","category-nacional","category-rayon","category-rioverde","category-sanluispotosi","category-santa-catarina","category-soledad","category-tamazunchale","category-tanlajas","category-villa-de-reyes","category-xilitla"],"_links":{"self":[{"href":"https:\/\/amanecerhuasteco.com\/portal\/wp-json\/wp\/v2\/posts\/105893","targetHints":{"allow":["GET"]}}],"collection":[{"href":"https:\/\/amanecerhuasteco.com\/portal\/wp-json\/wp\/v2\/posts"}],"about":[{"href":"https:\/\/amanecerhuasteco.com\/portal\/wp-json\/wp\/v2\/types\/post"}],"author":[{"embeddable":true,"href":"https:\/\/amanecerhuasteco.com\/portal\/wp-json\/wp\/v2\/users\/1"}],"replies":[{"embeddable":true,"href":"https:\/\/amanecerhuasteco.com\/portal\/wp-json\/wp\/v2\/comments?post=105893"}],"version-history":[{"count":1,"href":"https:\/\/amanecerhuasteco.com\/portal\/wp-json\/wp\/v2\/posts\/105893\/revisions"}],"predecessor-version":[{"id":105895,"href":"https:\/\/amanecerhuasteco.com\/portal\/wp-json\/wp\/v2\/posts\/105893\/revisions\/105895"}],"wp:featuredmedia":[{"embeddable":true,"href":"https:\/\/amanecerhuasteco.com\/portal\/wp-json\/wp\/v2\/media\/105894"}],"wp:attachment":[{"href":"https:\/\/amanecerhuasteco.com\/portal\/wp-json\/wp\/v2\/media?parent=105893"}],"wp:term":[{"taxonomy":"category","embeddable":true,"href":"https:\/\/amanecerhuasteco.com\/portal\/wp-json\/wp\/v2\/categories?post=105893"},{"taxonomy":"post_tag","embeddable":true,"href":"https:\/\/amanecerhuasteco.com\/portal\/wp-json\/wp\/v2\/tags?post=105893"}],"curies":[{"name":"wp","href":"https:\/\/api.w.org\/{rel}","templated":true}]}}