{"id":106204,"date":"2025-06-29T08:28:04","date_gmt":"2025-06-29T14:28:04","guid":{"rendered":"https:\/\/amanecerhuasteco.com\/portal\/?p=106204"},"modified":"2025-06-29T08:28:06","modified_gmt":"2025-06-29T14:28:06","slug":"entre-columnas-667","status":"publish","type":"post","link":"https:\/\/amanecerhuasteco.com\/portal\/entre-columnas-667\/","title":{"rendered":"ENTRE COLUMNAS"},"content":{"rendered":"\n<p><strong>SEDENA &nbsp;CONTROLARA A LA&nbsp; GUARDIA NACIONAL.<\/strong><\/p>\n\n\n\n<p>La C\u00e1mara de Diputados aprob\u00f3 la Ley de la Guardia Nacional que devuelve el control operativo y el mando de esta corporaci\u00f3n a la Secretar\u00eda de la Defensa Nacional (Sedena)&nbsp;La iniciativa fue enviada al Senado para su an\u00e1lisis. Con 354 votos a favor y 124 en contra.<\/p>\n\n\n\n<p>La nueva legislaci\u00f3n otorga a la Guardia Nacional facultades en labores de inteligencia, vigilancia de comunicaciones (como llamadas, redes sociales y correos electr\u00f3nicos con autorizaci\u00f3n judicial) y operativos encubiertos.<\/p>\n\n\n\n<p>La estrategia de seguridad seguir\u00e1 en manos de la Secretar\u00eda de Seguridad y Protecci\u00f3n Ciudadana (SSPC)&nbsp; el mando supremo recae en la presidenta como autoridad civil.<\/p>\n\n\n\n<p>El dictamen sufri\u00f3 tres cambios: la inclusi\u00f3n de tareas ambientales, la posibilidad de que mandos estatales no sean exclusivamente militares, y una formaci\u00f3n enfocada en derechos humanos y perspectiva de g\u00e9nero para los elementos.<\/p>\n\n\n\n<p>+++++++++<\/p>\n\n\n\n<p>&#8212;<\/p>\n\n\n\n<p>P r e&nbsp; s t a m o s de&nbsp; dinero inmediatos a pensionados<\/p>\n\n\n\n<p>CFE, ISSSTE.FFCC, SCT, PEMEX,<\/p>\n\n\n\n<p>ACTIVOS Y JUBILADOS&nbsp; IMSS<\/p>\n\n\n\n<p>SIN AFECTAR TARJETON.<\/p>\n\n\n\n<p>Ll\u00e1menos las 24 hrs del d\u00eda<\/p>\n\n\n\n<p>LLAMENOS 4811039565<\/p>\n\n\n\n<p>CREDITO INMEDIATO<\/p>\n\n\n\n<p>++++++++++++<\/p>\n\n\n\n<p>CARROCERIAS&nbsp; BUSTOS<\/p>\n\n\n\n<h2 class=\"wp-block-heading\">Reforma y Lerdo de tejada Col. Altavista.<\/h2>\n\n\n\n<h2 class=\"wp-block-heading\">Cd Valles SLP&nbsp; Tel. 3824777.<\/h2>\n\n\n\n<p>En carrocer\u00edas para camiones y camionetas nadie nos compite.<\/p>\n\n\n\n<p>++++++++++++<\/p>\n\n\n\n<p>REHABILITACION EMERGENTE DE OBRAS&nbsp; MUNICIPALES.<\/p>\n\n\n\n<p>En los pocos d\u00edas de lluvias afloraron la p\u00e9sima calidad de&nbsp; obras&nbsp; ejecutadas&nbsp; pr la administraci\u00f3n municipal, ante esta situaci\u00f3n se&nbsp; atiende&nbsp; da\u00f1os&nbsp; en la&nbsp; red&nbsp; de&nbsp; drenaje, rastreo de calles y bacheo en aquellas&nbsp; que fueron pavimentadas&nbsp; en meses recientes, el a\u00f1o pasado por menos&nbsp; da\u00f1os&nbsp; el alcalde&nbsp; desvi\u00f3 45 millones de pesos&nbsp; que estaban destinados a&nbsp; resolver&nbsp; el problema&nbsp; de abastecimiento de agua a la poblaci\u00f3n Vallense el pasado a\u00f1o, ahora&nbsp; al parecer&nbsp; son las mismas&nbsp; partes&nbsp; atendidas que requieren reconstrucci\u00f3n, lo mismo calles&nbsp; pavimentadas con asfalto.<\/p>\n\n\n\n<p>Ciertamente las lluvias&nbsp; por una semana&nbsp; da\u00f1aron importantes partes de la red del drenaje p\u00fablico, el alcalde y funcionarios d las dependencias&nbsp; municipales&nbsp; celebraron una reuni\u00f3n de trabajo para&nbsp; atender el problema, al respecto el mun\u00edcipe&nbsp; informo que las acciones<\/p>\n\n\n\n<p>inmediatas que aplicaran destacan la solicitud de redoblar esfuerzos por parte de Obras P\u00fablicas y Servicios Municipales para mantener limpia la ciudad, as\u00ed como reanudar &nbsp;la reconstrucci\u00f3n de alcantarillas que resultaron da\u00f1adas.<\/p>\n\n\n\n<p>&nbsp;En las colonias&nbsp; las&nbsp; vialidades&nbsp; est\u00e1n \u201cpara llorar\u201d algunas calles que fueron rastreadas&nbsp; ahora est\u00e1n peor, requerir\u00e1&nbsp; de recursos&nbsp; que el municipio no tiene, se&nbsp; buscar\u00e1 el apoyo de recursos de&nbsp; otros&nbsp; niveles de gobierno para implementar un programa emergente de rehabilitaci\u00f3n de vialidades, que permita mejorar el estado de los caminos y la construcci\u00f3n de nuevas avenidas prioritarias.<\/p>\n\n\n\n<p>+++++++++++++<\/p>\n\n\n\n<p>QFB&nbsp; FABIOLA GARCIA ALVAREZ<\/p>\n\n\n\n<p>Perito dictaminador en an\u00e1lisis bacteriol\u00f3gico de agua<\/p>\n\n\n\n<h2 class=\"wp-block-heading\">Y alimentos con n\u00famero GES-PD 0705<\/h2>\n\n\n\n<h2 class=\"wp-block-heading\">Perito dictaminador en&nbsp; estupefacientes GES-PD0523<\/h2>\n\n\n\n<h2 class=\"wp-block-heading\">Maestr\u00eda&nbsp; en an\u00e1lisis cl\u00ednicos 1301 \u2013 368068<\/h2>\n\n\n\n<p>Ced&nbsp; prof&nbsp; 8664204&nbsp;&nbsp; Tel. 38 1 66 64Asesor\u00eda,&nbsp; auditor\u00eda&nbsp; y gesti\u00f3n ambiental. G. Victoria No. 8&nbsp; zona centro Cd Valles<\/p>\n\n\n\n<p>++++++++++++<\/p>\n\n\n\n<p>GUSSI&nbsp; NO ATENDIO INSTRUCIONES DE&nbsp; PROTECCION CIVIL DEL ESTADO Y PROVOCO DOS MUERTES.<\/p>\n\n\n\n<p>La empresa procesadora de&nbsp; carnes GUSI que opera&nbsp; en Tamuin, podr\u00eda ser clausurada y sancionada por desatender instrucciones oficiales&nbsp; que causaron una<\/p>\n\n\n\n<p>tragedia ocurrida la semana pasada, al provocar la tr\u00e1gica muerte&nbsp; de dos trabajadores debido a&nbsp; que la empresa incumpli\u00f3 disposiciones de Protecci\u00f3n Civil seg\u00fan informaci\u00f3n de la autoridad correspondiente.<\/p>\n\n\n\n<p><strong>Informaci\u00f3n de Protecci\u00f3n civil estatal advierte que la empresa GUSI, procesadora de c\u00e1rnicos en Tamu\u00edn, podr\u00eda ser clausurada parcialmente &nbsp;por resultarle&nbsp; responsabilidades en la<\/strong><\/p>\n\n\n\n<p><strong>tragedia ocurrida la&nbsp; pasada &nbsp;&nbsp;semana donde perdieron la vida, la empresa incumpli\u00f3 disposiciones de Protecci\u00f3n Civil permitieron actividades en una zona restringida y peligrosa, a pesar de las advertencias oficiales.<\/strong><\/p>\n\n\n\n<p><strong>Versi\u00f3n de&nbsp; compa\u00f1eros de los&nbsp; infortunados trabajadores declararon que fueron enviados a realizar labores en una lancha, en un cuerpo de agua considerada peligrosa&nbsp; y sin equipo especial, en este lugar muri\u00f3 uno.<\/strong><\/p>\n\n\n\n<p><strong>Mauricio Ordaz, titular de Protecci\u00f3n Civil Estatal, entrevistado por&nbsp; medios&nbsp; informativos&nbsp;&nbsp; capitalinos<\/strong><\/p>\n\n\n\n<p><strong>Dijo que \u201cEsta vez s\u00ed habr\u00e1 mano dura\u201d Clausura total o parcial de la planta procesadora de c\u00e1rnicos&nbsp; en Tamuin,<\/strong><\/p>\n\n\n\n<p><strong>habr\u00eda incurrido en responsabilidad penal por omisi\u00f3n,<\/strong><\/p>\n\n\n\n<p><strong>Otra&nbsp; empresa&nbsp; similar&nbsp; es&nbsp; Praderas&nbsp; Huastecas&nbsp; tambi\u00e9n en el municipio de Tamuin.<\/strong><\/p>\n\n\n\n<p>+++++++++++++<\/p>\n\n\n\n<p>&nbsp;\u201cFINCA&nbsp; SAN ISIDRO\u201d<\/p>\n\n\n\n<h2 class=\"wp-block-heading\">Sal\u00f3n para fiestas de todo tipo.<\/h2>\n\n\n\n<h2 class=\"wp-block-heading\">Carretera Valles \u2013 R\u00edo Verde Km.8<\/h2>\n\n\n\n<h2 class=\"wp-block-heading\">Contrataciones al Tel. 01 481<\/h2>\n\n\n\n<p>++++<\/p>\n\n\n\n<p>SIN CONTRATO OPERAN PARKIMETROS.<\/p>\n\n\n\n<p>+.-Autoridades municipales de valles omisos y<\/p>\n\n\n\n<p>c\u00f3mplices<\/p>\n\n\n\n<p><strong>&#8211; Dice alcalde que opera en la ilegalidad y sin contrato la empresa.<\/strong><\/p>\n\n\n\n<p><strong>&#8211; Se han documentado abusos, agresiones y cobros arbitrarios<\/strong><\/p>\n\n\n\n<p><strong>El &nbsp;gobierno municipal&nbsp; es&nbsp; omiso y hasta&nbsp; c\u00f3mplice&nbsp; de la&nbsp; empresa&nbsp;&nbsp; Iberparking&nbsp; al permitir hasta dando apoyo policiaco que la &nbsp;empresa siga&nbsp; cobrando pese a no tener autorizaci\u00f3n del municipio a trav\u00e9s de un contrato o concesi\u00f3n adem\u00e1s de cometer&nbsp; abusos y agresiones f\u00edsicas a los usuarios&nbsp; que reclaman el proceder&nbsp; de los&nbsp; empleados que est\u00e1n bajo las ordenes de la empresa&nbsp; y disponen del apoyo de la fuerza publica&nbsp; para cobros&nbsp; arbitrarios &nbsp;a los infractores.<\/strong><\/p>\n\n\n\n<p>Todo lo que va del a\u00f1o&nbsp; 2025, la empresa Iberparking operan el sistema de parqu\u00edmetros en esta Ciudad sin un contrato vigente con el Ayuntamiento, situaci\u00f3n que ha derivado en abusos contra automovilistas, agresiones f\u00edsicas y verbales por parte de su personal, y cobros arbitrarios por un servicio que se encuentra fuera del marco legal.<\/p>\n\n\n\n<p>La falta de renovaci\u00f3n del contrato se debe a desacuerdos entre la empresa y la administraci\u00f3n municipal, Iberparking intent\u00f3 aumentar las tarifas, incluir el cobro por arrastre de gr\u00faa y ampliar la zona de cobertura de estacionamiento de cuota, condiciones que fueron rechazadas por el alcalde quien afirm\u00f3 que no se permitir\u00e1n incrementos ni nuevos cobros que afecten a los ciudadanos.<\/p>\n\n\n\n<p>Pese a ello, la empresa ha mantenido su operaci\u00f3n, sin contrato avalado por&nbsp; el cabildo&nbsp; cuando menos, &nbsp;y con personal que, seg\u00fan denuncias, no cuenta con capacitaci\u00f3n y ha incurrido en m\u00faltiples casos de agresi\u00f3n a conductores. Incluso se han registrado detenciones de empleados por conductas violentas, sin que esto haya frenado la actividad irregular de Iberparking.<\/p>\n\n\n\n<p>Ante esta situaci\u00f3n, algunos automovilistas han buscado formas de evadir los inmovilizadores \u2014conocidos como \u201cara\u00f1as\u201d\u2014 o &nbsp;retirarlos por sus propios medios&nbsp; como cortar con segueta el artefacto tras advertir a la empresa que lo har\u00eda, argumentando que no existe legalidad en su acci\u00f3n ni la empresa&nbsp; act\u00faa en el marco de legalidad.<\/p>\n\n\n\n<p>El mun\u00edcipe ha reconocido p\u00fablicamente que las negociaciones con Iberparking est\u00e1n estancadas debido a la postura inflexible de la empresa, &nbsp;no habr\u00e1 firma de contratos o concesi\u00f3n mientras se insistan en esas condiciones que atenten contra el inter\u00e9s p\u00fablico.<\/p>\n\n\n\n<p>La administraci\u00f3n entra esta semana en el segundo semestre del a\u00f1o fiscal&nbsp; mientras el servicio de parqu\u00edmetros&nbsp; opera&nbsp; cobrando &nbsp;sin respaldo legal y las autoridades&nbsp; pareciera&nbsp; que son omisos por conveniencia.<\/p>\n\n\n\n<p>+++++++++<\/p>\n\n\n\n<p><strong>HACE&nbsp; CUATRO MESES&nbsp; ALCALDE&nbsp; VALLENSE&nbsp; ANUNCIO POSIBLE INVERSION FEDERAL.<\/strong><\/p>\n\n\n\n<p><strong>Recientemente la DAPAS hizo p\u00fablico un \u00e9xito notable&nbsp; de&nbsp; gestor\u00eda, habr\u00eda logrado para obras hidr\u00e1ulicas una inversi\u00f3n por 800 mdp para Valles, este&nbsp; mismo&nbsp; anuncio&nbsp; se&nbsp; hizo&nbsp; hace&nbsp; cuatro meses&nbsp; por la autoridad&nbsp;&nbsp; municipal despu\u00e9s de participar&nbsp; en una&nbsp; reuni\u00f3n de trabajo en la&nbsp; capital de la Republica, posiblemente&nbsp; forma&nbsp; parte del POA d<\/strong><strong>el proyecto&nbsp; de obras&nbsp; del presente a\u00f1o del sexenio, comprenden acciones de saneamiento, potabilizaci\u00f3n, plantas de tratamiento y ampliaci\u00f3n de redes de <\/strong><strong>obras hidr\u00e1ulicas por 800 mdp para Valles .<\/strong><\/p>\n\n\n\n<p>Aquel 22&nbsp;&nbsp; de enero&nbsp; del presente a\u00f1o&nbsp; publicamos anuncio&nbsp; del alcalde Vallense&nbsp; promover\u00e1&nbsp; obras hidr\u00e1ulicas ante&nbsp; el gobierno federal desde redes de agua potable, saneamiento, potabilizaci\u00f3n, para garantizar el abasto del agua que ser\u00e1 una de las prioridades del Gobierno que encabeza la doctora Claudia Sheinbau.&nbsp;<\/p>\n\n\n\n<p>Hacemos referencia a este asunto porque hace unos d\u00edas&nbsp; la DAPAS&nbsp; anuncio lo mismo; la modernizaci\u00f3n ampliaci\u00f3n de la planta Birmania, la construcci\u00f3n de otra planta potabilizadora y la construcci\u00f3n de una nueva l\u00ednea de conducci\u00f3n del c\u00e1rcamo de bombeo, as\u00ed como varios colectores que est\u00e1n colapsados, son como 800 millones de pesos.<\/p>\n\n\n\n<p>&nbsp;Por&nbsp; su parte&nbsp; el alcalde&nbsp; puntualizo que la visita a M\u00e9xico a la reuni\u00f3n de alcaldes con la Presidenta de la Rep\u00fablica, fue muy fruct\u00edfera. <strong><\/strong><\/p>\n\n\n\n<p>++++++++++++++++++++++<\/p>\n\n\n\n<p>CAF\u00c9 Y RESTAURANT&nbsp; EL FAROLITO<\/p>\n\n\n\n<p>Lo mejor de la cocina Huasteca; el tradicional zacahuil y cazueladas . Atendemos toda clase de&nbsp; festejos. Pedidos al Tel&nbsp; 3821017 Ciudad Valles SLP<\/p>\n\n\n\n<p>+++++++++++++<\/p>\n\n\n\n<p>D E&nbsp; V O LA D A.-<\/p>\n\n\n\n<p>(tomado de&nbsp; redes&nbsp; sociales)<\/p>\n\n\n\n<p><strong>\u00bfVIAJAR&nbsp; EN EL TIEMPO A LA VELOCIDAD DE LA LUZ?<\/strong><\/p>\n\n\n\n<p><strong>Divulgado en p\u00e1ginas&nbsp;&nbsp; digitales&nbsp; especializadas resulta de&nbsp; inter\u00e9s general por tratarse de un Mexicano el autor de esta teor\u00eda <a>\u00abEl motor de Alcubierre\u00bb podr\u00eda hacerlo posible<\/a>.<\/strong><\/p>\n\n\n\n<p><strong>(primera parte)<\/strong><\/p>\n\n\n\n<p>En 1994, el f\u00edsico te\u00f3rico mexicano Miguel Alcubierre present\u00f3 una idea que revolucion\u00f3 el campo de la f\u00edsica te\u00f3rica y captur\u00f3 la imaginaci\u00f3n de cient\u00edficos y entusiastas del espacio por igual: el \u00abmotor de Alcubierre\u00bb. Esta propuesta, detallada en su art\u00edculo titulado \u00abThe Warp Drive: Hyper-Fast Travel Within General Relativity\u00bb, ofrece una soluci\u00f3n te\u00f3rica a las ecuaciones de la relatividad general de Einstein que sugiere un m\u00e9todo para viajar m\u00e1s r\u00e1pido que la luz, sin violar las leyes fundamentales de la f\u00edsica.<\/p>\n\n\n\n<p>La idea central del motor de Alcubierre es la creaci\u00f3n de una \u00abburbuja\u00bb de espacio-tiempo que se expande detr\u00e1s de una nave espacial y se contrae delante de ella. En t\u00e9rminos simples, la nave no se mueve en el sentido convencional; en cambio, es el propio espacio-tiempo el que se manipula alrededor de la nave. Este proceso permitir\u00eda a la nave desplazarse a velocidades superlum\u00ednicas mientras permanece en una regi\u00f3n de espacio-tiempo plano y normal, evitando as\u00ed los problemas de la dilataci\u00f3n del tiempo y los efectos relativistas extremos que acompa\u00f1ar\u00edan un viaje a velocidades cercanas a la luz.<\/p>\n\n\n\n<p>&#8211;<\/p>\n","protected":false},"excerpt":{"rendered":"<p>SEDENA &nbsp;CONTROLARA A LA&nbsp; GUARDIA NACIONAL. La C\u00e1mara de Diputados aprob\u00f3 la Ley de la Guardia Nacional que devuelve el control operativo y el mando de esta corporaci\u00f3n a la Secretar\u00eda de la Defensa Nacional (Sedena)&nbsp;La iniciativa fue enviada al Senado para su an\u00e1lisis. Con &hellip; <\/p>\n","protected":false},"author":1,"featured_media":104743,"comment_status":"open","ping_status":"open","sticky":false,"template":"","format":"standard","meta":{"footnotes":""},"categories":[17],"tags":[],"class_list":["post-106204","post","type-post","status-publish","format-standard","has-post-thumbnail","hentry","category-colaboraciones"],"_links":{"self":[{"href":"https:\/\/amanecerhuasteco.com\/portal\/wp-json\/wp\/v2\/posts\/106204","targetHints":{"allow":["GET"]}}],"collection":[{"href":"https:\/\/amanecerhuasteco.com\/portal\/wp-json\/wp\/v2\/posts"}],"about":[{"href":"https:\/\/amanecerhuasteco.com\/portal\/wp-json\/wp\/v2\/types\/post"}],"author":[{"embeddable":true,"href":"https:\/\/amanecerhuasteco.com\/portal\/wp-json\/wp\/v2\/users\/1"}],"replies":[{"embeddable":true,"href":"https:\/\/amanecerhuasteco.com\/portal\/wp-json\/wp\/v2\/comments?post=106204"}],"version-history":[{"count":1,"href":"https:\/\/amanecerhuasteco.com\/portal\/wp-json\/wp\/v2\/posts\/106204\/revisions"}],"predecessor-version":[{"id":106205,"href":"https:\/\/amanecerhuasteco.com\/portal\/wp-json\/wp\/v2\/posts\/106204\/revisions\/106205"}],"wp:featuredmedia":[{"embeddable":true,"href":"https:\/\/amanecerhuasteco.com\/portal\/wp-json\/wp\/v2\/media\/104743"}],"wp:attachment":[{"href":"https:\/\/amanecerhuasteco.com\/portal\/wp-json\/wp\/v2\/media?parent=106204"}],"wp:term":[{"taxonomy":"category","embeddable":true,"href":"https:\/\/amanecerhuasteco.com\/portal\/wp-json\/wp\/v2\/categories?post=106204"},{"taxonomy":"post_tag","embeddable":true,"href":"https:\/\/amanecerhuasteco.com\/portal\/wp-json\/wp\/v2\/tags?post=106204"}],"curies":[{"name":"wp","href":"https:\/\/api.w.org\/{rel}","templated":true}]}}