{"id":106209,"date":"2025-06-29T08:41:47","date_gmt":"2025-06-29T14:41:47","guid":{"rendered":"https:\/\/amanecerhuasteco.com\/portal\/?p=106209"},"modified":"2025-06-29T08:41:49","modified_gmt":"2025-06-29T14:41:49","slug":"gobierno-alerta-por-lluvias-y-tormentas-fuertes-en-la-huasteca-y-region-media","status":"publish","type":"post","link":"https:\/\/amanecerhuasteco.com\/portal\/gobierno-alerta-por-lluvias-y-tormentas-fuertes-en-la-huasteca-y-region-media\/","title":{"rendered":"Gobierno alerta por lluvias y tormentas fuertes en la huasteca y regi\u00f3n media"},"content":{"rendered":"\n<p><\/p>\n\n\n\n<ul class=\"wp-block-list\">\n<li>Protecci\u00f3n Civil pide extremar precauciones ante posibles afectaciones por acumulaci\u00f3n de agua e inestabilidad de laderas.<\/li>\n<\/ul>\n\n\n\n<p>La Coordinaci\u00f3n Estatal de Protecci\u00f3n Civil alert\u00f3 sobre un alto potencial de lluvias y tormentas fuertes que afectar\u00e1n principalmente a la regi\u00f3n Huasteca y Media derivado de una baja presi\u00f3n en el Golfo de M\u00e9xico combinada con ingreso de humedad e inestabilidad atmosf\u00e9rica. Las precipitaciones iniciar\u00e1n al mediod\u00eda del domingo y podr\u00edan extenderse hasta la ma\u00f1ana del lunes.<br>El titular de la dependencia, Mauricio Ordaz Flores, inform\u00f3 que los puntos m\u00e1s vulnerables son los l\u00edmites entre ambas zonas, Ciudad Valles y las sierras de la regi\u00f3n. Ante este pron\u00f3stico, se exhorta a la poblaci\u00f3n a mantenerse informada y tomar precauciones por el riesgo de crecidas de r\u00edos, bajadas de agua, deslaves, inundaciones, da\u00f1os en infraestructura, as\u00ed como posibles fallas en el suministro el\u00e9ctrico.<br>El Gobierno del Estado encabezado por Ricardo Gallardo Cardona, a trav\u00e9s de Protecci\u00f3n Civil, mantiene un monitoreo constante para actuar con oportunidad y proteger a las familias potosinas en una labor decidida que responde sin l\u00edmites a las condiciones clim\u00e1ticas que impactan al territorio.<\/p>\n","protected":false},"excerpt":{"rendered":"<p>La Coordinaci\u00f3n Estatal de Protecci\u00f3n Civil alert\u00f3 sobre un alto potencial de lluvias y tormentas fuertes que afectar\u00e1n principalmente a la regi\u00f3n Huasteca y Media derivado de una baja presi\u00f3n en el Golfo de M\u00e9xico combinada con ingreso de humedad e inestabilidad atmosf\u00e9rica. Las precipitaciones &hellip; <\/p>\n","protected":false},"author":1,"featured_media":106210,"comment_status":"open","ping_status":"open","sticky":false,"template":"","format":"standard","meta":{"footnotes":""},"categories":[13,25,14,7,62,56,15,4,30,31,59,21,53,69,85,20,57],"tags":[],"class_list":["post-106209","post","type-post","status-publish","format-standard","has-post-thumbnail","hentry","category-agropecuaria","category-aquismon","category-caneros","category-ciudad","category-ciudad-fernandez","category-el-naranjo","category-ganaderos","category-inicio","category-rioverde","category-sanluispotosi","category-santa-catarina","category-tamasopo","category-tamazunchale","category-tampacan","category-tampamolon","category-tamuin","category-tanlajas"],"_links":{"self":[{"href":"https:\/\/amanecerhuasteco.com\/portal\/wp-json\/wp\/v2\/posts\/106209","targetHints":{"allow":["GET"]}}],"collection":[{"href":"https:\/\/amanecerhuasteco.com\/portal\/wp-json\/wp\/v2\/posts"}],"about":[{"href":"https:\/\/amanecerhuasteco.com\/portal\/wp-json\/wp\/v2\/types\/post"}],"author":[{"embeddable":true,"href":"https:\/\/amanecerhuasteco.com\/portal\/wp-json\/wp\/v2\/users\/1"}],"replies":[{"embeddable":true,"href":"https:\/\/amanecerhuasteco.com\/portal\/wp-json\/wp\/v2\/comments?post=106209"}],"version-history":[{"count":1,"href":"https:\/\/amanecerhuasteco.com\/portal\/wp-json\/wp\/v2\/posts\/106209\/revisions"}],"predecessor-version":[{"id":106211,"href":"https:\/\/amanecerhuasteco.com\/portal\/wp-json\/wp\/v2\/posts\/106209\/revisions\/106211"}],"wp:featuredmedia":[{"embeddable":true,"href":"https:\/\/amanecerhuasteco.com\/portal\/wp-json\/wp\/v2\/media\/106210"}],"wp:attachment":[{"href":"https:\/\/amanecerhuasteco.com\/portal\/wp-json\/wp\/v2\/media?parent=106209"}],"wp:term":[{"taxonomy":"category","embeddable":true,"href":"https:\/\/amanecerhuasteco.com\/portal\/wp-json\/wp\/v2\/categories?post=106209"},{"taxonomy":"post_tag","embeddable":true,"href":"https:\/\/amanecerhuasteco.com\/portal\/wp-json\/wp\/v2\/tags?post=106209"}],"curies":[{"name":"wp","href":"https:\/\/api.w.org\/{rel}","templated":true}]}}