{"id":106291,"date":"2025-07-02T07:04:30","date_gmt":"2025-07-02T13:04:30","guid":{"rendered":"https:\/\/amanecerhuasteco.com\/portal\/?p=106291"},"modified":"2025-07-02T07:04:32","modified_gmt":"2025-07-02T13:04:32","slug":"proyecto-del-verano-de-la-ciencia-de-la-uaslp-recupera-la-memoria-historica-de-la-pandemia-de-influenza-en-san-luis-potosi-en-1918","status":"publish","type":"post","link":"https:\/\/amanecerhuasteco.com\/portal\/proyecto-del-verano-de-la-ciencia-de-la-uaslp-recupera-la-memoria-historica-de-la-pandemia-de-influenza-en-san-luis-potosi-en-1918\/","title":{"rendered":"Proyecto del Verano de la Ciencia de la UASLP recupera la memoria hist\u00f3rica de la pandemia de influenza en San Luis Potos\u00ed en 1918"},"content":{"rendered":"\n<p><\/p>\n\n\n\n<p>La historiograf\u00eda, entendida como el estudio cr\u00edtico de la historia, indica que la enfermedad de la influenza ha estado presente en la poblaci\u00f3n potosina desde tiempos antiguos. Uno de los episodios m\u00e1s documentados ocurri\u00f3 entre octubre y diciembre de 1918, cuando la enfermedad alcanz\u00f3 la categor\u00eda de pandemia tras la conclusi\u00f3n de la Primera Guerra Mundial, y que cobr\u00f3 al menos 117 vidas solo en el municipio de Real de Catorce.<\/p>\n\n\n\n<p>As\u00ed lo relataron la Dra. Flor de Mar\u00eda Salazar Mendoza, investigadora de la Facultad de Ciencias Sociales y Humanidades de la Universidad Aut\u00f3noma de San Luis Potos\u00ed (UASLP), y Erandi Mariel Vidales Galindo, estudiante de la Licenciatura en Historia, a trav\u00e9s del proyecto \u00abEl oto\u00f1o de 1918 en San Luis Potos\u00ed: decesos a causa de la pandemia de la influenza\u00bb, trabajo que forma parte de la edici\u00f3n 31 del Verano de la Ciencia de la Universidad Aut\u00f3noma de San Luis Potos\u00ed (UASLP).<\/p>\n\n\n\n<p>La Dra. Salazar Mendoza explic\u00f3 que, tras el conflicto b\u00e9lico entre 1914 y 1918, M\u00e9xico experiment\u00f3 al menos cuatro oleadas de esta enfermedad. La m\u00e1s severa, de acuerdo con los registros de defunciones en San Luis Potos\u00ed, fue la ocurrida entre octubre y diciembre de 1918, lo que dio nombre al proyecto. El objetivo del estudio es contabilizar los fallecimientos por influenza registrados ese a\u00f1o en diversos municipios del estado.<\/p>\n\n\n\n<p>Uno de los hallazgos clave del proyecto fue contrastar los registros oficiales con la prensa de la \u00e9poca. Seg\u00fan notas del peri\u00f3dico La Raz\u00f3n, en San Luis Potos\u00ed no se reportaban decesos por influenza, lo que plantea interrogantes sobre la cobertura y veracidad de las fuentes period\u00edsticas de aquel entonces.<\/p>\n\n\n\n<p>La investigaci\u00f3n tambi\u00e9n destaca que la influenza lleg\u00f3 a M\u00e9xico a trav\u00e9s del transporte mar\u00edtimo y ferroviario, el cual se intensific\u00f3 por el desplazamiento de personas generado por la guerra y su desenlace.<\/p>\n\n\n\n<p>En 1918, la poblaci\u00f3n carec\u00eda de vacunas contra la enfermedad; sin embargo, se implementaron algunas medidas como cordones sanitarios y aislamiento, similares a los procedimientos adoptados durante la pandemia de COVID-19 en 2020. Seg\u00fan las autoras, esto demuestra c\u00f3mo la sociedad, incluso sin conocer la etiolog\u00eda del virus, intent\u00f3 contener la propagaci\u00f3n de la enfermedad.<\/p>\n\n\n\n<p>Finalmente, la Dra. Salazar Mendoza y Erandi Vidales Galindo subrayaron que, a m\u00e1s de 100 a\u00f1os de aquella pandemia, el conocimiento cient\u00edfico ha avanzado considerablemente. Hoy en d\u00eda existe una vacuna contra la influenza, y gracias a los registros hist\u00f3ricos es posible analizar c\u00f3mo ha evolucionado la respuesta sanitaria a las pandemias a lo largo del tiempo.<\/p>\n","protected":false},"excerpt":{"rendered":"<p>La historiograf\u00eda, entendida como el estudio cr\u00edtico de la historia, indica que la enfermedad de la influenza ha estado presente en la poblaci\u00f3n potosina desde tiempos antiguos. Uno de los episodios m\u00e1s documentados ocurri\u00f3 entre octubre y diciembre de 1918, cuando la enfermedad alcanz\u00f3 la &hellip; <\/p>\n","protected":false},"author":1,"featured_media":106292,"comment_status":"open","ping_status":"open","sticky":false,"template":"","format":"standard","meta":{"footnotes":""},"categories":[92,91,25,89,82,14,28,87,86,67,7,78,62,56,55,4,44,60,30,31,59,42,21,57,43,32],"tags":[],"class_list":["post-106291","post","type-post","status-publish","format-standard","has-post-thumbnail","hentry","category-ahualulco","category-alaquines","category-aquismon","category-armadillo","category-axtla","category-caneros","category-cnc","category-cardenas","category-cedral","category-charcas","category-ciudad","category-ciudad-del-maiz","category-ciudad-fernandez","category-el-naranjo","category-guadalcazar","category-inicio","category-matehuala","category-rayon","category-rioverde","category-sanluispotosi","category-santa-catarina","category-soledad","category-tamasopo","category-tanlajas","category-villa-de-reyes","category-xilitla"],"_links":{"self":[{"href":"https:\/\/amanecerhuasteco.com\/portal\/wp-json\/wp\/v2\/posts\/106291","targetHints":{"allow":["GET"]}}],"collection":[{"href":"https:\/\/amanecerhuasteco.com\/portal\/wp-json\/wp\/v2\/posts"}],"about":[{"href":"https:\/\/amanecerhuasteco.com\/portal\/wp-json\/wp\/v2\/types\/post"}],"author":[{"embeddable":true,"href":"https:\/\/amanecerhuasteco.com\/portal\/wp-json\/wp\/v2\/users\/1"}],"replies":[{"embeddable":true,"href":"https:\/\/amanecerhuasteco.com\/portal\/wp-json\/wp\/v2\/comments?post=106291"}],"version-history":[{"count":1,"href":"https:\/\/amanecerhuasteco.com\/portal\/wp-json\/wp\/v2\/posts\/106291\/revisions"}],"predecessor-version":[{"id":106293,"href":"https:\/\/amanecerhuasteco.com\/portal\/wp-json\/wp\/v2\/posts\/106291\/revisions\/106293"}],"wp:featuredmedia":[{"embeddable":true,"href":"https:\/\/amanecerhuasteco.com\/portal\/wp-json\/wp\/v2\/media\/106292"}],"wp:attachment":[{"href":"https:\/\/amanecerhuasteco.com\/portal\/wp-json\/wp\/v2\/media?parent=106291"}],"wp:term":[{"taxonomy":"category","embeddable":true,"href":"https:\/\/amanecerhuasteco.com\/portal\/wp-json\/wp\/v2\/categories?post=106291"},{"taxonomy":"post_tag","embeddable":true,"href":"https:\/\/amanecerhuasteco.com\/portal\/wp-json\/wp\/v2\/tags?post=106291"}],"curies":[{"name":"wp","href":"https:\/\/api.w.org\/{rel}","templated":true}]}}