{"id":106338,"date":"2025-07-03T07:46:43","date_gmt":"2025-07-03T13:46:43","guid":{"rendered":"https:\/\/amanecerhuasteco.com\/portal\/?p=106338"},"modified":"2025-07-03T07:46:45","modified_gmt":"2025-07-03T13:46:45","slug":"don-omar-hara-vibrar-sin-limites-la-fenapo-2025","status":"publish","type":"post","link":"https:\/\/amanecerhuasteco.com\/portal\/don-omar-hara-vibrar-sin-limites-la-fenapo-2025\/","title":{"rendered":"Don Omar ,har\u00e1 vibrar sin l\u00edmites la FENAPO 2025"},"content":{"rendered":"\n<p><\/p>\n\n\n\n<ul class=\"wp-block-list\">\n<li>El \u201cRey del reguet\u00f3n\u201d llega a San Luis Potos\u00ed con todo su poder musical el 19 de agosto.<\/li>\n<\/ul>\n\n\n\n<p>La Feria Nacional Potosina (Fenapo) 2025 sigue sorprendiendo y esta vez lo hace en grande con la presentaci\u00f3n estelar de Don Omar, uno de los \u00edconos m\u00e1s grandes del reguet\u00f3n a nivel mundial. Ser\u00e1 el 19 de agosto en El Foro donde miles de potosinas y potosinos vivir\u00e1n una noche inolvidable con todos sus \u00e9xitos que han marcado generaciones.<br>El Gobernador Ricardo Gallardo Cardona, a trav\u00e9s de sus redes sociales, dio a conocer este nuevo bombazo musical que confirma el compromiso de su Gobierno por llevar entretenimiento sin l\u00edmites y de primer nivel para todas y todos sin costo. Gracias a esta visi\u00f3n, la Fenapo se ha convertido en la mejor feria del pa\u00eds.<br>Temas como Dale Don Dale, Danza Kuduro y Sali\u00f3 el Sol har\u00e1n vibrar a San Luis Potos\u00ed como nunca antes. Quienes deseen disfrutar del show desde una vista privilegiada pueden adquirir terrazas en slpfastticket.com o en las oficinas del patronato de la feria de 10 de la ma\u00f1ana a 6 de la tarde, lo recaudado ser\u00e1 a beneficio del DIF Estatal.<\/p>\n","protected":false},"excerpt":{"rendered":"<p>La Feria Nacional Potosina (Fenapo) 2025 sigue sorprendiendo y esta vez lo hace en grande con la presentaci\u00f3n estelar de Don Omar, uno de los \u00edconos m\u00e1s grandes del reguet\u00f3n a nivel mundial. Ser\u00e1 el 19 de agosto en El Foro donde miles de potosinas &hellip; <\/p>\n","protected":false},"author":1,"featured_media":106339,"comment_status":"open","ping_status":"open","sticky":false,"template":"","format":"standard","meta":{"footnotes":""},"categories":[92,91,25,89,82,87,86,67,7,78,62,22,56,11,55,4,73,44,26,74,10,12,60,30,31,59,42,53,57,43,32],"tags":[],"class_list":["post-106338","post","type-post","status-publish","format-standard","has-post-thumbnail","hentry","category-ahualulco","category-alaquines","category-aquismon","category-armadillo","category-axtla","category-cardenas","category-cedral","category-charcas","category-ciudad","category-ciudad-del-maiz","category-ciudad-fernandez","category-ebano","category-el-naranjo","category-estado","category-guadalcazar","category-inicio","category-lagunillas","category-matehuala","category-matlapa","category-mexquitic","category-municipios","category-nacional","category-rayon","category-rioverde","category-sanluispotosi","category-santa-catarina","category-soledad","category-tamazunchale","category-tanlajas","category-villa-de-reyes","category-xilitla"],"_links":{"self":[{"href":"https:\/\/amanecerhuasteco.com\/portal\/wp-json\/wp\/v2\/posts\/106338","targetHints":{"allow":["GET"]}}],"collection":[{"href":"https:\/\/amanecerhuasteco.com\/portal\/wp-json\/wp\/v2\/posts"}],"about":[{"href":"https:\/\/amanecerhuasteco.com\/portal\/wp-json\/wp\/v2\/types\/post"}],"author":[{"embeddable":true,"href":"https:\/\/amanecerhuasteco.com\/portal\/wp-json\/wp\/v2\/users\/1"}],"replies":[{"embeddable":true,"href":"https:\/\/amanecerhuasteco.com\/portal\/wp-json\/wp\/v2\/comments?post=106338"}],"version-history":[{"count":1,"href":"https:\/\/amanecerhuasteco.com\/portal\/wp-json\/wp\/v2\/posts\/106338\/revisions"}],"predecessor-version":[{"id":106340,"href":"https:\/\/amanecerhuasteco.com\/portal\/wp-json\/wp\/v2\/posts\/106338\/revisions\/106340"}],"wp:featuredmedia":[{"embeddable":true,"href":"https:\/\/amanecerhuasteco.com\/portal\/wp-json\/wp\/v2\/media\/106339"}],"wp:attachment":[{"href":"https:\/\/amanecerhuasteco.com\/portal\/wp-json\/wp\/v2\/media?parent=106338"}],"wp:term":[{"taxonomy":"category","embeddable":true,"href":"https:\/\/amanecerhuasteco.com\/portal\/wp-json\/wp\/v2\/categories?post=106338"},{"taxonomy":"post_tag","embeddable":true,"href":"https:\/\/amanecerhuasteco.com\/portal\/wp-json\/wp\/v2\/tags?post=106338"}],"curies":[{"name":"wp","href":"https:\/\/api.w.org\/{rel}","templated":true}]}}