{"id":106385,"date":"2025-07-04T08:39:56","date_gmt":"2025-07-04T14:39:56","guid":{"rendered":"https:\/\/amanecerhuasteco.com\/portal\/?p=106385"},"modified":"2025-07-05T08:43:21","modified_gmt":"2025-07-05T14:43:21","slug":"gobierno-fortalece-sin-limites-seguridad-en-region-media","status":"publish","type":"post","link":"https:\/\/amanecerhuasteco.com\/portal\/gobierno-fortalece-sin-limites-seguridad-en-region-media\/","title":{"rendered":"Gobierno fortalece sin l\u00edmites seguridad en regi\u00f3n media"},"content":{"rendered":"\n<p><br>\u2022 La Secretar\u00eda General de Gobierno estuvo presente en la inauguraci\u00f3n de las compa\u00f1\u00edas de la Guardia Nacional en Ciudad Fern\u00e1ndez y Ciudad del Ma\u00edz.<\/p>\n\n\n\n<p>En representaci\u00f3n del Gobernador Ricardo Gallardo Cardona, el secretario general de Gobierno, J. Guadalupe Torres S\u00e1nchez, asisti\u00f3 a la inauguraci\u00f3n de las compa\u00f1\u00edas 80\/a y 216\/a de la Guardia Nacional (GN) para los municipios de Ciudad Fern\u00e1ndez y Ciudad del Ma\u00edz, donde refrend\u00f3 el compromiso de coordinaci\u00f3n sin l\u00edmites a favor de la paz y la tranquilidad en las cuatro regiones.<br>En su intervenci\u00f3n, el secretario general de Gobierno afirm\u00f3 que el apoyo solidario de la Guardia Nacional fortalece las alianzas para mejores resultados y para seguir disminuyendo la incidencia delictiva.<br>Agreg\u00f3 que para garantizar la paz y tranquilidad a las familias es necesaria la coordinaci\u00f3n a nivel federal y municipal y trabajar hombro con hombro, \u201cel Gobierno del Estado responde de manera contundente para tener mayor presencia en las cuatro regiones\u201d.<br>A la ceremonia acudieron el comandante regional de la GN regi\u00f3n Centro Norte, Gerardo Serna Melchor y el coordinador estatal de la GN, Gaudencio Ramos Jim\u00e9nez, adem\u00e1s de alcaldesas y alcaldes de la regi\u00f3n.<\/p>\n","protected":false},"excerpt":{"rendered":"<p>\u2022 La Secretar\u00eda General de Gobierno estuvo presente en la inauguraci\u00f3n de las compa\u00f1\u00edas de la Guardia Nacional en Ciudad Fern\u00e1ndez y Ciudad del Ma\u00edz. En representaci\u00f3n del Gobernador Ricardo Gallardo Cardona, el secretario general de Gobierno, J. Guadalupe Torres S\u00e1nchez, asisti\u00f3 a la inauguraci\u00f3n &hellip; <\/p>\n","protected":false},"author":1,"featured_media":106386,"comment_status":"open","ping_status":"open","sticky":false,"template":"","format":"standard","meta":{"footnotes":""},"categories":[13,92,91,89,78,62,4,30,31],"tags":[],"class_list":["post-106385","post","type-post","status-publish","format-standard","has-post-thumbnail","hentry","category-agropecuaria","category-ahualulco","category-alaquines","category-armadillo","category-ciudad-del-maiz","category-ciudad-fernandez","category-inicio","category-rioverde","category-sanluispotosi"],"_links":{"self":[{"href":"https:\/\/amanecerhuasteco.com\/portal\/wp-json\/wp\/v2\/posts\/106385","targetHints":{"allow":["GET"]}}],"collection":[{"href":"https:\/\/amanecerhuasteco.com\/portal\/wp-json\/wp\/v2\/posts"}],"about":[{"href":"https:\/\/amanecerhuasteco.com\/portal\/wp-json\/wp\/v2\/types\/post"}],"author":[{"embeddable":true,"href":"https:\/\/amanecerhuasteco.com\/portal\/wp-json\/wp\/v2\/users\/1"}],"replies":[{"embeddable":true,"href":"https:\/\/amanecerhuasteco.com\/portal\/wp-json\/wp\/v2\/comments?post=106385"}],"version-history":[{"count":1,"href":"https:\/\/amanecerhuasteco.com\/portal\/wp-json\/wp\/v2\/posts\/106385\/revisions"}],"predecessor-version":[{"id":106387,"href":"https:\/\/amanecerhuasteco.com\/portal\/wp-json\/wp\/v2\/posts\/106385\/revisions\/106387"}],"wp:featuredmedia":[{"embeddable":true,"href":"https:\/\/amanecerhuasteco.com\/portal\/wp-json\/wp\/v2\/media\/106386"}],"wp:attachment":[{"href":"https:\/\/amanecerhuasteco.com\/portal\/wp-json\/wp\/v2\/media?parent=106385"}],"wp:term":[{"taxonomy":"category","embeddable":true,"href":"https:\/\/amanecerhuasteco.com\/portal\/wp-json\/wp\/v2\/categories?post=106385"},{"taxonomy":"post_tag","embeddable":true,"href":"https:\/\/amanecerhuasteco.com\/portal\/wp-json\/wp\/v2\/tags?post=106385"}],"curies":[{"name":"wp","href":"https:\/\/api.w.org\/{rel}","templated":true}]}}