{"id":106412,"date":"2025-07-05T22:32:02","date_gmt":"2025-07-06T04:32:02","guid":{"rendered":"https:\/\/amanecerhuasteco.com\/portal\/?p=106412"},"modified":"2025-07-05T22:32:04","modified_gmt":"2025-07-06T04:32:04","slug":"entre-columnas-668","status":"publish","type":"post","link":"https:\/\/amanecerhuasteco.com\/portal\/entre-columnas-668\/","title":{"rendered":"ENTRE COLUMNAS"},"content":{"rendered":"\n<p>&nbsp; ZU\u00d1IGA DICE QUE&nbsp; RENUNCIO HACE UN MES&nbsp; A LA&nbsp; DAPAS.<\/p>\n\n\n\n<p>&#8211;&nbsp;&nbsp; Malas lenguas dicen que Tekmol lo \u201cempuj\u00f3\u201d al rancho de AMLO.<\/p>\n\n\n\n<p>&nbsp;Un comunicado del ayuntamiento dio cuenta&nbsp; la pasada&nbsp; semana&nbsp; de cambios y enroques de&nbsp; empleados o funcionarios de la administraci\u00f3n municipal anuncia cambios en cargos de primer nivel de la administraci\u00f3n municipal, supuestamente para fortalecer la operatividad y brindar un mejor servicio a la ciudadan\u00eda, se&nbsp; hacen estos movimientos en la administraci\u00f3n municipal de Ciudad Valles.<\/p>\n\n\n\n<p>Sobre el caso la directora de Recursos Humanos, Smirna de la Garza Baldelamar; el Oficial Mayor, Santiago Nales Orta; y el Contralor Interno, Francisco Rafael Rodr\u00edguez Aguilar, dieron a conocer que estos ajustes se realizaron en apego a los procesos administrativos correspondientes.<\/p>\n\n\n\n<p>El nuevo director del organismo operador de agua potable a&nbsp; esta fecha&nbsp; ya&nbsp; habr\u00eda &nbsp;sido designado\/avalado por&nbsp; el cabildo a propuesta del alcalde&nbsp; de&nbsp; un terna&nbsp; integrada por terna integrada por el actual director de Desarrollo Empresarial, Jes\u00fas Guadalupe Gonz\u00e1lez Vargas, el Secretario del Ayuntamiento, Luis \u00c1ngel Contreras Malibr\u00e1n y el titular de Gesti\u00f3n Social y Participaci\u00f3n Ciudadana, Osm\u00edn Meraz Echavarr\u00eda.<\/p>\n\n\n\n<p>En ese sentido el edil expres\u00f3 que en breve ser\u00e1 dado a conocer qui\u00e9n result\u00f3 electo para quedar al frente del organismo.<\/p>\n\n\n\n<p>OTROS&nbsp; ENROQUES<\/p>\n\n\n\n<p>Se inform\u00f3 que entre los cambios se incorpora &nbsp;Luz Elvira Segura Tinajero &nbsp;al \u00e1rea de Transparencia, mientras que Juan Carlos Montalvo asume funciones en la Oficial\u00eda de Partes. N\u00e9stor Mart\u00ednez se queda como secretario particular &nbsp;de Presidencia, tras desempe\u00f1arse en Recursos T\u00e9cnicos y Materiales, espacio que ahora ser\u00e1 ocupado por Uriel Bonilla.<\/p>\n\n\n\n<p>Asimismo, Yenifer Iranis Ordo\u00f1ez V\u00e1zquez fue asignada al \u00e1rea de Proyectos Productivos, y Dora Hilda Ojeda Mercado queda al frente del departamento de Desarrollo Econ\u00f3mico. Por su parte, Romeo Aguilar Colunga se incorpora al \u00e1rea de Educaci\u00f3n, y Norma Alicia encabezar\u00e1 la Direcci\u00f3n de Acci\u00f3n C\u00edvica.<\/p>\n\n\n\n<p>&nbsp;Al ex&nbsp; director de Dapas lo enviaron&nbsp; un puesto fantasmal de membrete.<\/p>\n\n\n\n<p>+++++++++++++<\/p>\n\n\n\n<p>PERNOCTO&nbsp; EN LA METROPOLI HUASTECA&nbsp; LA PRESIDENTA CLAUDIA&nbsp; SHEINBAUM.<\/p>\n\n\n\n<p>Una&nbsp; silenciosa noche de paso por Ciudad Valles, pernoct\u00f3<\/p>\n\n\n\n<p>en Ciudad Valles bajo una discreci\u00f3n total y sin acercamiento a ning\u00fan&nbsp; ente pol\u00edtico local, regional o estatal&nbsp; la mandataria mexicana lleg\u00f3 la noche&nbsp; del viernes 4 al Hotel Sierra Inn, escoltada por un numeroso y discreto equipo de seguridad y se march\u00f3 a un evento en el Hospital General de Rioverde a las 9:05 de la ma\u00f1ana de este s\u00e1bado.<\/p>\n\n\n\n<p>SSPECHOSO AISLAMIENTO DE POLITICOS.<\/p>\n\n\n\n<p>Para&nbsp; el ciudadano com\u00fan, opina&nbsp; que en otras ocasione&nbsp; una visita de&nbsp; esa envergadura&nbsp; e&nbsp; motivo de movilizaciones&nbsp; para&nbsp; dar la bienvenida al visitante, esta ocasi\u00f3n&nbsp; la Presidenta venia de atender&nbsp; el problema de&nbsp; las&nbsp; inundaciones al sur de Tamaulipas. Luego en Rioverde&nbsp; entreg\u00f3 equipo m\u00e9dico especializado&nbsp; y en Villa de Reyes el banderazo dela&nbsp; generadora&nbsp;&nbsp; de electricidad. De ciclo combinado.<\/p>\n\n\n\n<p>+++++++++++<\/p>\n\n\n\n<p>P r e&nbsp; s t a m o s<\/p>\n\n\n\n<p>de&nbsp; dinero inmediatos a pensionados<\/p>\n\n\n\n<h2 class=\"wp-block-heading\">CFE, ISSSTE.FFCC, SCT, PEMEX,<\/h2>\n\n\n\n<h2 class=\"wp-block-heading\">ACTIVOS Y JUBILADOS&nbsp; IMSS<\/h2>\n\n\n\n<h1 class=\"wp-block-heading\">SIN AFECTAR TARJETON.<\/h1>\n\n\n\n<h2 class=\"wp-block-heading\">Ll\u00e1menos las 24 hrs del d\u00eda<\/h2>\n\n\n\n<h1 class=\"wp-block-heading\">LLAMENOS 4811039565<\/h1>\n\n\n\n<h1 class=\"wp-block-heading\">CREDITO INMEDIATO<\/h1>\n\n\n\n<p>++++++++<\/p>\n\n\n\n<p>OTRA VEZ&nbsp; EL CUENTO DE LOS&nbsp; TAXIMETROS<\/p>\n\n\n\n<p>\u00b4+.-&nbsp; Pareciera&nbsp; contubernio de&nbsp; mafiosos concesionarios de taxis&nbsp; con la&nbsp; SCT,<\/p>\n\n\n\n<p>Desde los&nbsp; dos&nbsp; \u00faltimos&nbsp; dos&nbsp; sexenios&nbsp;&nbsp; de&nbsp; gobiernos&nbsp; priistas&nbsp;&nbsp; en el estado potosino, los titulares&nbsp; de la SCT Ante las muchas quejas por cobros excesivos de tarifas en el transporte, se implementar\u00e1n tax\u00edmetros en la localidad, lo cual ya es oficial por parte de Comunicaciones, lo que antes ya se contemplaba y se har\u00eda en base a un estudio, pero ahora esta por determinar la fecha y que esto sea una realidad.<\/p>\n\n\n\n<p>La titular de la Secretaria de Comunicaciones y Transportes, Araceli Mart\u00ednez Acosta, se\u00f1alo que tras quejas constantes por el cobro de tarifas excesivas en el servicio de taxis, se tom\u00f3 la determinaci\u00f3n de implementar el uso del tax\u00edmetro en este municipio, siendo la primera localidad que contara con estos aparatos despu\u00e9s de la capital. &nbsp;El cuento de siempre.<\/p>\n\n\n\n<p>Hay que denunciarlos.&nbsp;<\/p>\n\n\n\n<p>DE&nbsp; 60 PESOS&nbsp;&nbsp; DEL CENTRO A DORACELI AHORA SUBIERON A 80 PESSOS&nbsp; y la SCT&nbsp; bien gracias.<\/p>\n\n\n\n<p>Para lo anterior ya se sostuvieron reuniones con el gremio de taxistas y de esta manera avanzar con esta nueva disposici\u00f3n, y es probable que ante que termine 2025, se estar\u00eda implementando este sistema de cobro, por lo que esperan atender cada uno de los detalles que se han presentado.<\/p>\n\n\n\n<p>Por parte de Direcci\u00f3n de Movilidad, apoyada con su equipo ha estado realizando los trabajos para poder hacer el recorrido, ver el tipo de calles y en base al resultado que se obtenga determinar la tarifa de arranque y todo lo que se relaciona con el cobro a trav\u00e9s de los tax\u00edmetros.<\/p>\n\n\n\n<p>Hay se\u00f1alamientos en el sentido que taxistas si el usuario le ped\u00eda que prendiera el aire acondicionado les dec\u00eda que el cobro seria mayor, otros m\u00e1s nunca respetan &nbsp;las tarifas de cobro para cada sector, por lo cual a partir de la fecha se ha solicitado a los ciudadanos que anoten el n\u00famero de taxi cuando lo aborden y de esta manera actuar si cobran mas.<\/p>\n\n\n\n<p>+++++++++<\/p>\n\n\n\n<p>CARROCERIAS&nbsp; BUSTOS<\/p>\n\n\n\n<h2 class=\"wp-block-heading\">Reforma y Lerdo de tejada Col. Altavista.<\/h2>\n\n\n\n<h2 class=\"wp-block-heading\">Cd Valles SLP&nbsp; Tel. 3824777.<\/h2>\n\n\n\n<p>En carrocer\u00edas para camiones y camionetas nadie nos compite.<\/p>\n\n\n\n<p>+++++++<\/p>\n\n\n\n<p>&nbsp;EL PAPA LEON XIV &nbsp;VISITAR\u00c1&nbsp; SAN LUIS POTOSI.<\/p>\n\n\n\n<p>La Asociaci\u00f3n de Municipios de M\u00e9xico, incluy\u00f3 como parte de una agenda institucional al Vaticano, notific\u00f3 el organismo a trav\u00e9s del&nbsp;<\/p>\n\n\n\n<p>&nbsp;Embajador de M\u00e9xico ante la&nbsp; Santa Sede, Alberto Barranco Chavarr\u00eda, que San Luis Potos\u00ed espera expectante&nbsp; una pr\u00f3xima gira apost\u00f3lica papal<\/p>\n\n\n\n<p>Como oportunamente se inform\u00f3 el Alcalde Enrique Galindo Ceballos, participo en&nbsp; la visita oficial al Vaticano como parte de una gira institucional de trabajo, por la Asociaci\u00f3n de Municipios de M\u00e9xico, particip\u00f3 en una audiencia con Su Santidad el Papa Le\u00f3n XIV. Tambi\u00e9n en la Santa Sede, al reunirse con el Embajador de M\u00e9xico ante el Vaticano, Alberto Barranco Chavarr\u00eda, el Presidente Municipal se\u00f1al\u00f3 que San Luis Potos\u00ed est\u00e1 listo para ser considerado como posible destino en una futura visita papal a M\u00e9xico.<\/p>\n\n\n\n<p>PARA NO DAR MOTIVOS&nbsp; DE&nbsp; utilizar recursos p\u00fablicos para hacer este viaje al extranjero, el alcalde&nbsp; Tunero Enrique Galindo precis\u00f3 que esta gira de trabajo se llev\u00f3 a cabo sin erogaci\u00f3n de recursos p\u00fablicos.<\/p>\n\n\n\n<p>++++++++++++<\/p>\n\n\n\n<p>QFB&nbsp; FABIOLA GARCIA ALVAREZ<\/p>\n\n\n\n<p>Perito dictaminador en an\u00e1lisis bacteriol\u00f3gico de agua<\/p>\n\n\n\n<h2 class=\"wp-block-heading\">Y alimentos con n\u00famero GES-PD 0705<\/h2>\n\n\n\n<h2 class=\"wp-block-heading\">Perito dictaminador en&nbsp; estupefacientes GES-PD0523<\/h2>\n\n\n\n<h2 class=\"wp-block-heading\">Maestr\u00eda&nbsp; en an\u00e1lisis cl\u00ednicos 1301 \u2013 368068<\/h2>\n\n\n\n<p>Ced&nbsp; prof&nbsp; 8664204&nbsp;&nbsp; Tel. 38 1 66 64Asesor\u00eda,&nbsp; auditor\u00eda&nbsp; y gesti\u00f3n ambiental. G. Victoria No. 8&nbsp; zona centro Cd Valles<\/p>\n\n\n\n<p>++++++++++++<\/p>\n\n\n\n<p>HIJOS DE MIGRANTES YA NO SER\u00c1N CIUDADANOS POR NACIMIENTO EN EU<\/p>\n\n\n\n<p>La Corte Suprema de Estados Unidos fall\u00f3 a favor de la administraci\u00f3n del presidente Donald Trump al autorizar la aplicaci\u00f3n parcial de su orden que elimina la ciudadan\u00eda autom\u00e1tica por nacimiento, debido a que limit\u00f3 la facultad de jueces federales para bloquear decisiones de su administraci\u00f3n que consideran ilegales.<\/p>\n\n\n\n<p>En el mapa te mostramos cu\u00e1les son los estados donde aplica esta orden.<\/p>\n\n\n\n<p>+++++++++<\/p>\n\n\n\n<p>Y EL&nbsp; MAPA DE RIESGOS AP\u00c1?<\/p>\n\n\n\n<p>Durante los incendios forestales e inundaciones&nbsp; por las torrenciales lluvias registradas en el valle, se hizo evidente&nbsp; que las autoridades&nbsp; municipales&nbsp; no tienen el ATLAS DE RIESGOS&nbsp; actualizado, durante los \u00faltimos 17 a\u00f1os&nbsp; nadie de los alcaldes y sus funcionarios se&nbsp; preocuparon por&nbsp; actualizar&nbsp;&nbsp; este&nbsp; importante documento&nbsp; que la ley exige para cada&nbsp; ayuntamiento. El&nbsp; actual gobierno municipal&nbsp; que&nbsp; ya lleva cuatro a\u00f1os en el poder&nbsp; sabe de este requisito sin haberlo atendido oportunamente<\/p>\n\n\n\n<p>De&nbsp; acuerdo con antecedentes, desde el a\u00f1o 2008 no se actualiza el Atlas de Riesgos &nbsp;de la ciudad, las&nbsp; administraciones pasadas&nbsp; durante&nbsp; 17 a\u00f1os y las mas recientes fueron omisos e irresponsables no &nbsp;atendieron la actualizaci\u00f3n del ATLAS&nbsp; DE RIESGOS&nbsp; pese a Inundaciones, incendios, deslaves, bloqueo de carreteras por razones naturales<\/p>\n\n\n\n<p>LA BUENA NOTICIA&nbsp; es que al reelegirse el alcalde&nbsp; actual incluy\u00f3 en el Plan de Desarrollo 2024-2027<\/p>\n\n\n\n<p>&nbsp;despues de tres a\u00f1os de omisi\u00f3n. Funcionarios entrevistados si conocen el proyecto&nbsp; del nuevo Atlas de riesgos&nbsp; indicaron desconocerlo, indicaron algunos que&nbsp; ser\u00eda Protecci\u00f3n Civil el indicado, sin embargo para otros&nbsp; es el secretario t\u00e9cnico del municipio el que&nbsp; tiene ese&nbsp; trabajo.<\/p>\n\n\n\n<p>+++++++++++++<\/p>\n\n\n\n<p>&nbsp;\u201cFINCA&nbsp; SAN ISIDRO\u201d<\/p>\n\n\n\n<h2 class=\"wp-block-heading\">Sal\u00f3n para fiestas de todo tipo.<\/h2>\n\n\n\n<h2 class=\"wp-block-heading\">Carretera Valles \u2013 R\u00edo Verde Km.8<\/h2>\n\n\n\n<h2 class=\"wp-block-heading\">Contrataciones al Tel. 01 481<\/h2>\n\n\n\n<p>++++<\/p>\n\n\n\n<p>FALLIDA&nbsp; CICLOVIA ESPER&nbsp; TERMINARON COMO MACETEROS EN ESCUELAS.<\/p>\n\n\n\n<p>+.-&nbsp; El estilo de modernidad y protecci\u00f3n de&nbsp; movilidad fue un fiasco.<\/p>\n\n\n\n<p>A casi seis a\u00f1os&nbsp; de puesto a la consideraci\u00f3n ciudadana del proyecto de una ciclo v\u00eda&nbsp;&nbsp; en esta ciudad. el pueblo no tiene memoria&nbsp; ha olvidado&nbsp; esta obra&nbsp; estimada&nbsp; en mas de 5 millones de pesos, no fue&nbsp; pagada recibiendo la herencia&nbsp; el sucesor que se limit\u00f3 a informar&nbsp; que negociar el adeudo con Cemex.<\/p>\n\n\n\n<p>Brevemente recordaremos que durante el gobierno municipal Independiente&nbsp; se realiz\u00f3 a medias&nbsp; la obra modernista de movilidad&nbsp; en&nbsp; esta ciudad, el proyecto fue cotizado en CINCO MILLONES de pesos, en su tiempo no se dijo nombre del contratista, sin embargo despu\u00e9s aparecieron documentos&nbsp; que&nbsp; conduc\u00edan a una empresa del alcalde&nbsp; Adriana Esper, pero el presidente municipal sucesor David Medina<\/p>\n\n\n\n<p>inform\u00f3 que de los cinco millones de pesos que el Ayuntamiento ten\u00eda de contrato con Cemex por la manufactura de tal ciclov\u00eda, solamente se pag\u00f3 &nbsp;un mill\u00f3n de pesos y explic\u00f3 que s\u00ed se pod\u00eda &nbsp;echar abajo tal contrato.<\/p>\n\n\n\n<p>Como todo mundo fue testigo, los maceteros de polvor\u00f3n que conformaban la vialidad en la ciclo v\u00eda, casi acabaron por accidentes viales y abandonados hasta que&nbsp; la escuela Secundaria&nbsp; No. 2&nbsp; solicit\u00f3 la donaci\u00f3n para ornato del plantel, as\u00ed&nbsp; otras escuelas&nbsp; repitieron las solicitudes, en eso termino el proyecto de la&nbsp; fallida&nbsp; ciclovia, obra&nbsp; que aunque fue recomendada&nbsp; como&nbsp; necesaria para las principales avenidas, las contenciones no eran aptas para un dise\u00f1o de v\u00eda cicilista exclusiva.<\/p>\n\n\n\n<p>\u2026<\/p>\n\n\n\n<p>++++++++++++++++<\/p>\n\n\n\n<p>SALVACION DE LA&nbsp; DAPAS&nbsp;&nbsp; ES CON PESUPUESTO FEDERAL-<\/p>\n\n\n\n<p>El problema&nbsp; del&nbsp; drenaje&nbsp; colapsado&nbsp; en casi toda&nbsp; la&nbsp; ciudad, ser\u00eda&nbsp; menor&nbsp; si&nbsp; gobiernos&nbsp; municipales pasados y el actual&nbsp; hubieran atendido&nbsp; aplicando recursos&nbsp; de la misma DAPAS por concepto de cargos a los mas de 55&nbsp; mil usuarios cautivos&nbsp; de la cuita por&nbsp; saneamiento, uso de drenaje etc&nbsp; que&nbsp; sobre el consumo&nbsp; domiciliario aparece en los recibos de cobro cada&nbsp; mes, un porcentaje&nbsp; casi semejante al consumo de agua en el mismo periodo.<\/p>\n\n\n\n<p>Organismos&nbsp; de lucha social&nbsp; como el que preside&nbsp; Jorge Delgado L\u00f3pez,&nbsp; declar\u00f3 que ante&nbsp; el desinter\u00e9s de los diputados locales&nbsp; que ha tenido Valles&nbsp; (ahora tiene pero no tiene, ella radica en El&nbsp; Naranjo)&nbsp; son c\u00f3mplices&nbsp;&nbsp; con la DAPAS&nbsp; y&nbsp; el municipio&nbsp; cuando imponen las&nbsp; nuevas tarifas&nbsp; cada&nbsp; a\u00f1o, no han incluido en las reglas de operaci\u00f3n administrativa&nbsp; la obligaci\u00f3n de convocar a una asamblea&nbsp; publica&nbsp; con usuarios, los informes&nbsp; son en lo oscurito a la junta de gobierno, regidores&nbsp; y&nbsp; comisi\u00f3n de aguas del Congreso del estado. Han tenido mucha precauci\u00f3n que el&nbsp; pueblo&nbsp; o se entere, pero los funcionarios tienen una forma de vida ostensible&nbsp; que no tuvieron antes de ser&nbsp; directores del organismo.<\/p>\n\n\n\n<p>El servicio a la poblaci\u00f3n es de lo&nbsp; por, echan la culpa a obsoleto equipo y red, al drenaje por ejemplo el a\u00f1o pasado el alcalde&nbsp; desvi\u00f3 para&nbsp; atender el problema estimado solo por ellos de&nbsp; 45 millones d pesos del municipio para reparar los da\u00f1os<\/p>\n\n\n\n<p>por las lluvias.<\/p>\n\n\n\n<p>++++++++++++++++++++++<\/p>\n\n\n\n<p>CAF\u00c9 Y RESTAURANT&nbsp; EL FAROLITO<\/p>\n\n\n\n<p>Lo mejor de la cocina Huasteca; el tradicional zacahuil y cazueladas . Atendemos toda clase de&nbsp; festejos. Pedidos al Tel&nbsp; 3821017 Ciudad Valles SLP<\/p>\n\n\n\n<p>+++++++++++++<\/p>\n\n\n\n<p>D E&nbsp; V O LA D A.-<\/p>\n\n\n\n<p>(tomado de&nbsp; redes&nbsp; sociales)<\/p>\n\n\n\n<p>SEGUNDA PARTE<\/p>\n\n\n\n<p>El impacto de la idea de Alcubierre trasciende el \u00e1mbito cient\u00edfico. Su propuesta ha permeado la cultura popular, influenciando numerosas obras de ciencia ficci\u00f3n y alimentando la esperanza de que, alg\u00fan d\u00eda, los seres humanos puedan viajar a las estrellas en un abrir y cerrar de ojos.<\/p>\n\n\n\n<p>Aunque todav\u00eda estamos lejos de convertir el motor de Alcubierre en una realidad pr\u00e1ctica, la visi\u00f3n y el ingenio de Miguel Alcubierre han abierto nuevas fronteras en nuestra comprensi\u00f3n del universo y han puesto de manifiesto la creatividad y el potencial ilimitado de la mente humana. Su trabajo nos recuerda que, en la b\u00fasqueda del conocimiento y la innovaci\u00f3n, incluso las ideas m\u00e1s extraordinarias pueden alg\u00fan d\u00eda cambiar el curso de la humanidad.&nbsp; <a href=\"mailto:davidfloresg_43@hotmail.com\">davidfloresg_43@hotmail.com<\/a><\/p>\n","protected":false},"excerpt":{"rendered":"<p>&nbsp; ZU\u00d1IGA DICE QUE&nbsp; RENUNCIO HACE UN MES&nbsp; A LA&nbsp; DAPAS. &#8211;&nbsp;&nbsp; Malas lenguas dicen que Tekmol lo \u201cempuj\u00f3\u201d al rancho de AMLO. &nbsp;Un comunicado del ayuntamiento dio cuenta&nbsp; la pasada&nbsp; semana&nbsp; de cambios y enroques de&nbsp; empleados o funcionarios de la administraci\u00f3n municipal anuncia &hellip; <\/p>\n","protected":false},"author":1,"featured_media":104743,"comment_status":"open","ping_status":"open","sticky":false,"template":"","format":"standard","meta":{"footnotes":""},"categories":[17],"tags":[],"class_list":["post-106412","post","type-post","status-publish","format-standard","has-post-thumbnail","hentry","category-colaboraciones"],"_links":{"self":[{"href":"https:\/\/amanecerhuasteco.com\/portal\/wp-json\/wp\/v2\/posts\/106412","targetHints":{"allow":["GET"]}}],"collection":[{"href":"https:\/\/amanecerhuasteco.com\/portal\/wp-json\/wp\/v2\/posts"}],"about":[{"href":"https:\/\/amanecerhuasteco.com\/portal\/wp-json\/wp\/v2\/types\/post"}],"author":[{"embeddable":true,"href":"https:\/\/amanecerhuasteco.com\/portal\/wp-json\/wp\/v2\/users\/1"}],"replies":[{"embeddable":true,"href":"https:\/\/amanecerhuasteco.com\/portal\/wp-json\/wp\/v2\/comments?post=106412"}],"version-history":[{"count":1,"href":"https:\/\/amanecerhuasteco.com\/portal\/wp-json\/wp\/v2\/posts\/106412\/revisions"}],"predecessor-version":[{"id":106413,"href":"https:\/\/amanecerhuasteco.com\/portal\/wp-json\/wp\/v2\/posts\/106412\/revisions\/106413"}],"wp:featuredmedia":[{"embeddable":true,"href":"https:\/\/amanecerhuasteco.com\/portal\/wp-json\/wp\/v2\/media\/104743"}],"wp:attachment":[{"href":"https:\/\/amanecerhuasteco.com\/portal\/wp-json\/wp\/v2\/media?parent=106412"}],"wp:term":[{"taxonomy":"category","embeddable":true,"href":"https:\/\/amanecerhuasteco.com\/portal\/wp-json\/wp\/v2\/categories?post=106412"},{"taxonomy":"post_tag","embeddable":true,"href":"https:\/\/amanecerhuasteco.com\/portal\/wp-json\/wp\/v2\/tags?post=106412"}],"curies":[{"name":"wp","href":"https:\/\/api.w.org\/{rel}","templated":true}]}}