{"id":106492,"date":"2025-07-08T07:34:34","date_gmt":"2025-07-08T13:34:34","guid":{"rendered":"https:\/\/amanecerhuasteco.com\/portal\/?p=106492"},"modified":"2025-07-08T07:34:36","modified_gmt":"2025-07-08T13:34:36","slug":"salud-bucal-sin-limites-con-el-programa-escuela-libre-de-caries","status":"publish","type":"post","link":"https:\/\/amanecerhuasteco.com\/portal\/salud-bucal-sin-limites-con-el-programa-escuela-libre-de-caries\/","title":{"rendered":"Salud bucal sin l\u00edmites con el programa \u201cescuela libre de caries\u201d"},"content":{"rendered":"\n<p><\/p>\n\n\n\n<ul class=\"wp-block-list\">\n<li><strong>En lo que va del 2025 en San Luis Potos\u00ed se han visitado escuelas, atendiendo a 444 alumnos.<\/strong><\/li>\n\n\n\n<li><strong>Durante las visitas se realizaron pl\u00e1ticas educativas, acciones preventivas como aplicaci\u00f3n de fl\u00faor y sellador de fosetas y fisuras, obturaciones, extracciones, limpiezas.<\/strong><\/li>\n<\/ul>\n\n\n\n<p>El Gobierno Estatal ofrece salud bucal sin l\u00edmites&nbsp; a trav\u00e9s de los &nbsp;Servicios de Salud del Estado en conjunto con las autoridades educativas realizando acciones de promoci\u00f3n de h\u00e1bitos saludables para la prevenci\u00f3n de enfermedades bucales y reducir los efectos adversos que la caries causa en ni\u00f1os y ni\u00f1as con el programa Escuela Libre de Caries.<\/p>\n\n\n\n<p>El programa Escuela Libre de Caries se realiza dentro de las escuelas impartiendo pl\u00e1ticas sobre la importancia de la salud bucal y h\u00e1bitos de higiene y de alimentaci\u00f3n saludable; se realizan revisiones bucales, acciones preventivas como aplicaci\u00f3n de fl\u00faor y selladores de fosetas y fisuras, y en caso de ser necesario acciones curativas como obturaciones o extracciones de dientes, todo esto sin ning\u00fan costo, cabe mencionar que todo se lleva a cabo involucrando a padres de familia y personal docente.<\/p>\n\n\n\n<p>En lo que va del a\u00f1o 2025, con esta iniciativa personal de los Servicios de Salud han visitado escuelas atendiendo un total de 444 alumnos, encontrando 241 ni\u00f1as y ni\u00f1os &nbsp;con lesiones de caries, representando una incidencia de caries del 54.27% lo que representa que 1 de cada 2 ni\u00f1os es afectado por esta enfermedad. La escuela juega un papel de suma importancia para los ni\u00f1os y las ni\u00f1as en la formaci\u00f3n de h\u00e1bitos saludables, que ayudar\u00e1n en el desarrollo f\u00edsico &nbsp;y mental, promocionando estilos de vida saludables y alimentaci\u00f3n correcta. La escuela no solo es un lugar de trasmisi\u00f3n de conocimientos, sino tambi\u00e9n un lugar de promoci\u00f3n de actitudes y actividades encaminadas a la salud y el bienestar.<\/p>\n\n\n\n<p>De acuerdo a la Organizaci\u00f3n Mundial de la Salud la caries es la enfermedad cr\u00f3nica m\u00e1s com\u00fan en ni\u00f1as y ni\u00f1os, la caries es una enfermedad causada por m\u00faltiples factores que provoca la destrucci\u00f3n de los tejidos duros del diente lo cual puede ocasionar problemas graves en el desarrollo de las y los menores. La prevenci\u00f3n de enfermedades es el pilar fundamental para una comunidad saludable. En el \u00e1mbito de la salud p\u00fablica las estrategias preventivas ayudan a evitar la aparici\u00f3n de enfermedades, pero tambi\u00e9n logran reducir su impacto y controlar su propagaci\u00f3n. La prevenci\u00f3n, como base de la salud lograr\u00e1 a trav\u00e9s del conocimiento la conciencia de la aparici\u00f3n y evoluci\u00f3n de las enfermedades, as\u00ed como sus consecuencias.<\/p>\n","protected":false},"excerpt":{"rendered":"<p>El Gobierno Estatal ofrece salud bucal sin l\u00edmites&nbsp; a trav\u00e9s de los &nbsp;Servicios de Salud del Estado en conjunto con las autoridades educativas realizando acciones de promoci\u00f3n de h\u00e1bitos saludables para la prevenci\u00f3n de enfermedades bucales y reducir los efectos adversos que la caries causa &hellip; <\/p>\n","protected":false},"author":1,"featured_media":106493,"comment_status":"open","ping_status":"open","sticky":false,"template":"","format":"standard","meta":{"footnotes":""},"categories":[13,92,91,67,7,78,62,56,55,81,4,44,60,30,31,59,42,21,53,69,85,20,58,57,43],"tags":[],"class_list":["post-106492","post","type-post","status-publish","format-standard","has-post-thumbnail","hentry","category-agropecuaria","category-ahualulco","category-alaquines","category-charcas","category-ciudad","category-ciudad-del-maiz","category-ciudad-fernandez","category-el-naranjo","category-guadalcazar","category-huehuetlan","category-inicio","category-matehuala","category-rayon","category-rioverde","category-sanluispotosi","category-santa-catarina","category-soledad","category-tamasopo","category-tamazunchale","category-tampacan","category-tampamolon","category-tamuin","category-tancanhuitz","category-tanlajas","category-villa-de-reyes"],"_links":{"self":[{"href":"https:\/\/amanecerhuasteco.com\/portal\/wp-json\/wp\/v2\/posts\/106492","targetHints":{"allow":["GET"]}}],"collection":[{"href":"https:\/\/amanecerhuasteco.com\/portal\/wp-json\/wp\/v2\/posts"}],"about":[{"href":"https:\/\/amanecerhuasteco.com\/portal\/wp-json\/wp\/v2\/types\/post"}],"author":[{"embeddable":true,"href":"https:\/\/amanecerhuasteco.com\/portal\/wp-json\/wp\/v2\/users\/1"}],"replies":[{"embeddable":true,"href":"https:\/\/amanecerhuasteco.com\/portal\/wp-json\/wp\/v2\/comments?post=106492"}],"version-history":[{"count":1,"href":"https:\/\/amanecerhuasteco.com\/portal\/wp-json\/wp\/v2\/posts\/106492\/revisions"}],"predecessor-version":[{"id":106494,"href":"https:\/\/amanecerhuasteco.com\/portal\/wp-json\/wp\/v2\/posts\/106492\/revisions\/106494"}],"wp:featuredmedia":[{"embeddable":true,"href":"https:\/\/amanecerhuasteco.com\/portal\/wp-json\/wp\/v2\/media\/106493"}],"wp:attachment":[{"href":"https:\/\/amanecerhuasteco.com\/portal\/wp-json\/wp\/v2\/media?parent=106492"}],"wp:term":[{"taxonomy":"category","embeddable":true,"href":"https:\/\/amanecerhuasteco.com\/portal\/wp-json\/wp\/v2\/categories?post=106492"},{"taxonomy":"post_tag","embeddable":true,"href":"https:\/\/amanecerhuasteco.com\/portal\/wp-json\/wp\/v2\/tags?post=106492"}],"curies":[{"name":"wp","href":"https:\/\/api.w.org\/{rel}","templated":true}]}}