{"id":106554,"date":"2025-07-11T07:34:12","date_gmt":"2025-07-11T13:34:12","guid":{"rendered":"https:\/\/amanecerhuasteco.com\/portal\/?p=106554"},"modified":"2025-07-11T07:34:14","modified_gmt":"2025-07-11T13:34:14","slug":"slp-impulsa-turismo-inclusivo-para-personas-con-discapacidad","status":"publish","type":"post","link":"https:\/\/amanecerhuasteco.com\/portal\/slp-impulsa-turismo-inclusivo-para-personas-con-discapacidad\/","title":{"rendered":"SLP impulsa turismo inclusivo para personas con discapacidad"},"content":{"rendered":"\n<p><\/p>\n\n\n\n<ul class=\"wp-block-list\">\n<li>Con Encuentro Nacional, fortalece el desarrollo personal y posiciona al Estado como referente.<\/li>\n<\/ul>\n\n\n\n<p>En Tamu\u00edn se inaugur\u00f3 el Encuentro Nacional de Cultura, Turismo y Desarrollo Personal para Personas con Discapacidad Visual promoviendo un turismo accesible e incluyente como parte del compromiso del Gobernador Ricardo Gallardo Cardona. Asistentes participar\u00e1n en talleres, actividades culturales y experiencias tur\u00edsticas adaptadas que fortalecen su desarrollo personal.<br>La Secretar\u00eda de Turismo (Sectur) resalt\u00f3 que esta suma de esfuerzos consolida a San Luis Potos\u00ed como un referente nacional en derechos humanos y reafirma el compromiso de avanzar sin l\u00edmites en inclusi\u00f3n y equidad.<\/p>\n","protected":false},"excerpt":{"rendered":"<p>En Tamu\u00edn se inaugur\u00f3 el Encuentro Nacional de Cultura, Turismo y Desarrollo Personal para Personas con Discapacidad Visual promoviendo un turismo accesible e incluyente como parte del compromiso del Gobernador Ricardo Gallardo Cardona. Asistentes participar\u00e1n en talleres, actividades culturales y experiencias tur\u00edsticas adaptadas que fortalecen &hellip; <\/p>\n","protected":false},"author":1,"featured_media":106555,"comment_status":"open","ping_status":"open","sticky":false,"template":"","format":"standard","meta":{"footnotes":""},"categories":[13,25,89,82,14,86,67,7,78,62,56,11,55,4,44,60,71,30,70,31,80,24,59,42,21,53,69,85,20,58,57,68,43,32],"tags":[],"class_list":["post-106554","post","type-post","status-publish","format-standard","has-post-thumbnail","hentry","category-agropecuaria","category-aquismon","category-armadillo","category-axtla","category-caneros","category-cedral","category-charcas","category-ciudad","category-ciudad-del-maiz","category-ciudad-fernandez","category-el-naranjo","category-estado","category-guadalcazar","category-inicio","category-matehuala","category-rayon","category-real-de-catorce","category-rioverde","category-san-ciro","category-sanluispotosi","category-san-martin","category-san-vicente","category-santa-catarina","category-soledad","category-tamasopo","category-tamazunchale","category-tampacan","category-tampamolon","category-tamuin","category-tancanhuitz","category-tanlajas","category-tanquian","category-villa-de-reyes","category-xilitla"],"_links":{"self":[{"href":"https:\/\/amanecerhuasteco.com\/portal\/wp-json\/wp\/v2\/posts\/106554","targetHints":{"allow":["GET"]}}],"collection":[{"href":"https:\/\/amanecerhuasteco.com\/portal\/wp-json\/wp\/v2\/posts"}],"about":[{"href":"https:\/\/amanecerhuasteco.com\/portal\/wp-json\/wp\/v2\/types\/post"}],"author":[{"embeddable":true,"href":"https:\/\/amanecerhuasteco.com\/portal\/wp-json\/wp\/v2\/users\/1"}],"replies":[{"embeddable":true,"href":"https:\/\/amanecerhuasteco.com\/portal\/wp-json\/wp\/v2\/comments?post=106554"}],"version-history":[{"count":1,"href":"https:\/\/amanecerhuasteco.com\/portal\/wp-json\/wp\/v2\/posts\/106554\/revisions"}],"predecessor-version":[{"id":106556,"href":"https:\/\/amanecerhuasteco.com\/portal\/wp-json\/wp\/v2\/posts\/106554\/revisions\/106556"}],"wp:featuredmedia":[{"embeddable":true,"href":"https:\/\/amanecerhuasteco.com\/portal\/wp-json\/wp\/v2\/media\/106555"}],"wp:attachment":[{"href":"https:\/\/amanecerhuasteco.com\/portal\/wp-json\/wp\/v2\/media?parent=106554"}],"wp:term":[{"taxonomy":"category","embeddable":true,"href":"https:\/\/amanecerhuasteco.com\/portal\/wp-json\/wp\/v2\/categories?post=106554"},{"taxonomy":"post_tag","embeddable":true,"href":"https:\/\/amanecerhuasteco.com\/portal\/wp-json\/wp\/v2\/tags?post=106554"}],"curies":[{"name":"wp","href":"https:\/\/api.w.org\/{rel}","templated":true}]}}