{"id":106569,"date":"2025-07-12T07:58:25","date_gmt":"2025-07-12T13:58:25","guid":{"rendered":"https:\/\/amanecerhuasteco.com\/portal\/?p=106569"},"modified":"2025-07-12T07:58:27","modified_gmt":"2025-07-12T13:58:27","slug":"gobierno-reconoce-a-docentes-del-seer-por-su-trayectoria-y-dedicacion","status":"publish","type":"post","link":"https:\/\/amanecerhuasteco.com\/portal\/gobierno-reconoce-a-docentes-del-seer-por-su-trayectoria-y-dedicacion\/","title":{"rendered":"Gobierno reconoce a docentes del SEER por su trayectoria y dedicaci\u00f3n"},"content":{"rendered":"\n<p><\/p>\n\n\n\n<ul class=\"wp-block-list\">\n<li>86 maestras y maestros recibieron un diploma y est\u00edmulos econ\u00f3micos.<\/li>\n<\/ul>\n\n\n\n<p>El Sistema Educativo Estatal Regular (SEER) entreg\u00f3 los premios municipales para reconocer la trayectoria y dedicaci\u00f3n de 86 docentes por brindar una educaci\u00f3n de calidad en escuelas de las cuatro regiones.<br>En el Teatro Polivalente del Centro de las Artes, en representaci\u00f3n del Gobernador Ricardo Gallardo Cardona, el titular del SEER, Mart\u00edn Rodr\u00edguez Ram\u00edrez, agradeci\u00f3 a las y los docentes por el impacto positivo que cada educador aporta a su comunidad escolar.<br>Los galardonados recibieron un diploma y un est\u00edmulo econ\u00f3mico, en un acto que promovi\u00f3 una educaci\u00f3n de calidad, inclusiva y sin l\u00edmites en diversas \u00e1reas incluyendo educaci\u00f3n inicial, primaria, secundaria, educaci\u00f3n especial, media terminal, media superior, superior, as\u00ed como en educaci\u00f3n f\u00edsica y artes.<\/p>\n","protected":false},"excerpt":{"rendered":"<p>El Sistema Educativo Estatal Regular (SEER) entreg\u00f3 los premios municipales para reconocer la trayectoria y dedicaci\u00f3n de 86 docentes por brindar una educaci\u00f3n de calidad en escuelas de las cuatro regiones.En el Teatro Polivalente del Centro de las Artes, en representaci\u00f3n del Gobernador Ricardo Gallardo &hellip; <\/p>\n","protected":false},"author":1,"featured_media":106570,"comment_status":"open","ping_status":"open","sticky":false,"template":"","format":"standard","meta":{"footnotes":""},"categories":[92,91,25,89,82,87,86,67,7,78,62,56,15,55,81,4,73,44,26,10,12,60,30,31,59,42,21,53,88,20,58,57,43,32],"tags":[],"class_list":["post-106569","post","type-post","status-publish","format-standard","has-post-thumbnail","hentry","category-ahualulco","category-alaquines","category-aquismon","category-armadillo","category-axtla","category-cardenas","category-cedral","category-charcas","category-ciudad","category-ciudad-del-maiz","category-ciudad-fernandez","category-el-naranjo","category-ganaderos","category-guadalcazar","category-huehuetlan","category-inicio","category-lagunillas","category-matehuala","category-matlapa","category-municipios","category-nacional","category-rayon","category-rioverde","category-sanluispotosi","category-santa-catarina","category-soledad","category-tamasopo","category-tamazunchale","category-tamazunchale-2","category-tamuin","category-tancanhuitz","category-tanlajas","category-villa-de-reyes","category-xilitla"],"_links":{"self":[{"href":"https:\/\/amanecerhuasteco.com\/portal\/wp-json\/wp\/v2\/posts\/106569","targetHints":{"allow":["GET"]}}],"collection":[{"href":"https:\/\/amanecerhuasteco.com\/portal\/wp-json\/wp\/v2\/posts"}],"about":[{"href":"https:\/\/amanecerhuasteco.com\/portal\/wp-json\/wp\/v2\/types\/post"}],"author":[{"embeddable":true,"href":"https:\/\/amanecerhuasteco.com\/portal\/wp-json\/wp\/v2\/users\/1"}],"replies":[{"embeddable":true,"href":"https:\/\/amanecerhuasteco.com\/portal\/wp-json\/wp\/v2\/comments?post=106569"}],"version-history":[{"count":1,"href":"https:\/\/amanecerhuasteco.com\/portal\/wp-json\/wp\/v2\/posts\/106569\/revisions"}],"predecessor-version":[{"id":106571,"href":"https:\/\/amanecerhuasteco.com\/portal\/wp-json\/wp\/v2\/posts\/106569\/revisions\/106571"}],"wp:featuredmedia":[{"embeddable":true,"href":"https:\/\/amanecerhuasteco.com\/portal\/wp-json\/wp\/v2\/media\/106570"}],"wp:attachment":[{"href":"https:\/\/amanecerhuasteco.com\/portal\/wp-json\/wp\/v2\/media?parent=106569"}],"wp:term":[{"taxonomy":"category","embeddable":true,"href":"https:\/\/amanecerhuasteco.com\/portal\/wp-json\/wp\/v2\/categories?post=106569"},{"taxonomy":"post_tag","embeddable":true,"href":"https:\/\/amanecerhuasteco.com\/portal\/wp-json\/wp\/v2\/tags?post=106569"}],"curies":[{"name":"wp","href":"https:\/\/api.w.org\/{rel}","templated":true}]}}