{"id":106572,"date":"2025-07-12T08:00:50","date_gmt":"2025-07-12T14:00:50","guid":{"rendered":"https:\/\/amanecerhuasteco.com\/portal\/?p=106572"},"modified":"2025-07-12T08:00:52","modified_gmt":"2025-07-12T14:00:52","slug":"inclusion-sin-limites-en-la-fenapo","status":"publish","type":"post","link":"https:\/\/amanecerhuasteco.com\/portal\/inclusion-sin-limites-en-la-fenapo\/","title":{"rendered":"Inclusion sin l\u00edmites en la FENAPO"},"content":{"rendered":"\n<ul class=\"wp-block-list\">\n<li>El Sistema Estatal para el Desarrollo Integral de la Familia (DIF) capacita a trabajadores estatales en el taller \u201cToma de Conciencia\u201d.<\/li>\n<\/ul>\n\n\n\n<p>Para fortalecer la inclusi\u00f3n y la no discriminaci\u00f3n en la Feria Nacional Potosina 2025, el Sistema Estatal para el Desarrollo Integral de la Familia (DIF) imparti\u00f3, a trav\u00e9s del Centro de Rehabilitaci\u00f3n y Educaci\u00f3n Especial (CREE), el taller \u201cToma de Conciencia\u201d a personal de distintas dependencias estatales.<br>La capacitaci\u00f3n ofreci\u00f3 herramientas para brindar una atenci\u00f3n adecuada a personas con discapacidad durante la mejor Feria de M\u00e9xico abordando temas como atenci\u00f3n inclusiva, manejo de emergencias y sensibilizaci\u00f3n a fin de que cada persona pueda disfrutar sin l\u00edmites en un entorno seguro y respetuoso como es el compromiso del Gobernador Ricardo Gallardo Cardona.<\/p>\n","protected":false},"excerpt":{"rendered":"<p>Para fortalecer la inclusi\u00f3n y la no discriminaci\u00f3n en la Feria Nacional Potosina 2025, el Sistema Estatal para el Desarrollo Integral de la Familia (DIF) imparti\u00f3, a trav\u00e9s del Centro de Rehabilitaci\u00f3n y Educaci\u00f3n Especial (CREE), el taller \u201cToma de Conciencia\u201d a personal de distintas &hellip; <\/p>\n","protected":false},"author":1,"featured_media":106573,"comment_status":"open","ping_status":"open","sticky":false,"template":"","format":"standard","meta":{"footnotes":""},"categories":[13,92,91,25,89,82,87,86,67,7,78,62,56,55,4,73,44,26,74,10,60,71,30,70,31,59,42,21,53,69,85,20,58,57,68,43,32],"tags":[],"class_list":["post-106572","post","type-post","status-publish","format-standard","has-post-thumbnail","hentry","category-agropecuaria","category-ahualulco","category-alaquines","category-aquismon","category-armadillo","category-axtla","category-cardenas","category-cedral","category-charcas","category-ciudad","category-ciudad-del-maiz","category-ciudad-fernandez","category-el-naranjo","category-guadalcazar","category-inicio","category-lagunillas","category-matehuala","category-matlapa","category-mexquitic","category-municipios","category-rayon","category-real-de-catorce","category-rioverde","category-san-ciro","category-sanluispotosi","category-santa-catarina","category-soledad","category-tamasopo","category-tamazunchale","category-tampacan","category-tampamolon","category-tamuin","category-tancanhuitz","category-tanlajas","category-tanquian","category-villa-de-reyes","category-xilitla"],"_links":{"self":[{"href":"https:\/\/amanecerhuasteco.com\/portal\/wp-json\/wp\/v2\/posts\/106572","targetHints":{"allow":["GET"]}}],"collection":[{"href":"https:\/\/amanecerhuasteco.com\/portal\/wp-json\/wp\/v2\/posts"}],"about":[{"href":"https:\/\/amanecerhuasteco.com\/portal\/wp-json\/wp\/v2\/types\/post"}],"author":[{"embeddable":true,"href":"https:\/\/amanecerhuasteco.com\/portal\/wp-json\/wp\/v2\/users\/1"}],"replies":[{"embeddable":true,"href":"https:\/\/amanecerhuasteco.com\/portal\/wp-json\/wp\/v2\/comments?post=106572"}],"version-history":[{"count":1,"href":"https:\/\/amanecerhuasteco.com\/portal\/wp-json\/wp\/v2\/posts\/106572\/revisions"}],"predecessor-version":[{"id":106574,"href":"https:\/\/amanecerhuasteco.com\/portal\/wp-json\/wp\/v2\/posts\/106572\/revisions\/106574"}],"wp:featuredmedia":[{"embeddable":true,"href":"https:\/\/amanecerhuasteco.com\/portal\/wp-json\/wp\/v2\/media\/106573"}],"wp:attachment":[{"href":"https:\/\/amanecerhuasteco.com\/portal\/wp-json\/wp\/v2\/media?parent=106572"}],"wp:term":[{"taxonomy":"category","embeddable":true,"href":"https:\/\/amanecerhuasteco.com\/portal\/wp-json\/wp\/v2\/categories?post=106572"},{"taxonomy":"post_tag","embeddable":true,"href":"https:\/\/amanecerhuasteco.com\/portal\/wp-json\/wp\/v2\/tags?post=106572"}],"curies":[{"name":"wp","href":"https:\/\/api.w.org\/{rel}","templated":true}]}}