{"id":106604,"date":"2025-07-13T18:09:45","date_gmt":"2025-07-14T00:09:45","guid":{"rendered":"https:\/\/amanecerhuasteco.com\/portal\/?p=106604"},"modified":"2025-07-13T18:09:47","modified_gmt":"2025-07-14T00:09:47","slug":"entre-columnas-669","status":"publish","type":"post","link":"https:\/\/amanecerhuasteco.com\/portal\/entre-columnas-669\/","title":{"rendered":"ENTRE COLUMNAS"},"content":{"rendered":"\n<p>EN LA HUASTECA \u201cMANDAN LAS MUJERES\u201d EL GOBERNADOR SOMETIO A VOTACION LA PROPUESTA POLITICA.<\/p>\n\n\n\n<p>. Anunci\u00f3 llegada del metro el\u00e9ctrico inversiones de m\u00e1s de 300 mdp en movilidad, agua potable e infraestructura.<\/p>\n\n\n\n<p>Durante reciente gira de trabajo a La Puerta Grande de la Huasteca el gobernador presidio una serie de eventos en los que anunci\u00f3 obras de gran calado, entre ellas la perforaci\u00f3n de dos pozos profundos, rehabilitaci\u00f3n de vialidades, entrega de escrituras y tarjetas de movilidad gratuitas.<\/p>\n\n\n\n<p>Adem\u00e1s, revel\u00f3 que en 30 d\u00edas llegar\u00e1n 60 unidades el\u00e9ctricas de la Red Metro, con lo que se transformar\u00e1 el transporte p\u00fablico de la urbe y la &nbsp;regi\u00f3n.<\/p>\n\n\n\n<p>Los trabajos de perforaci\u00f3n de dos pozos profundos: uno en el ejido Montecillo de 800 metros y otro en Zocohuite de 600, &nbsp;en conjunto tendr\u00e1n una inversi\u00f3n superior a los 18 millones de pesos.<\/p>\n\n\n\n<p>&nbsp;Estas obras, asegur\u00f3 el mandatario, garantizar\u00e1n el abasto de agua para la poblaci\u00f3n para&nbsp; que no se&nbsp; repitan episodios&nbsp; como en dos a\u00f1os consecutivos&nbsp; padeci\u00f3 la Metr\u00f3poli Huasteca por ausencia de lluvias y secarse la fuente de agua de abasto.<\/p>\n\n\n\n<p>&nbsp;En infraestructura urbana, iniciaron la pavimentaci\u00f3n en la calle Hait\u00ed de la colonia L\u00e1zaro C\u00e1rdenas y entreg\u00f3 100 escrituras a familias que ahora tienen &nbsp;certeza jur\u00eddica sobre la posesi\u00f3n de sus viviendas. Tambi\u00e9n se entregaron 2 mil 500 tarjetas de transporte gratuito para personas adultas mayores<\/p>\n\n\n\n<p>+++++++<\/p>\n\n\n\n<p>CUENTO CHINO&nbsp; LA&nbsp; OBRA DEL NUEVO TEATRO DEL PUEBLO. dizque patronato\/comit\u00e9\/direcci\u00f3n municipal de la feria, no ha rendido cuentas&nbsp; del \u00faltimo evento ferial en esta ciudad, argumentando que&nbsp; el Gobierno del estado no ha&nbsp; entregado un&nbsp; recurso que habr\u00eda sido destinado al financiamiento del&nbsp; evento, sin embargo anunciaron que &nbsp;&nbsp;\u201cVan por un nuevo Teatro del Pueblo!\u201d<\/p>\n\n\n\n<p>Con el pretexto que el local escenario art\u00edstico publico ferial presenta &nbsp;da\u00f1os estructurales y al crecimiento de&nbsp; visitantes al evento con sede en &nbsp;Ciudad Valles, el alcalde David Armando Medina Salazar anunci\u00f3 que ya se proyect\u00f3 la expansi\u00f3n del Teatro del Pueblo para crear un espacio m\u00e1s amplio, seguro y digno para artistas y asistentes.<\/p>\n\n\n\n<p>Todo ser\u00e1&nbsp; posible&nbsp; si&nbsp; el&nbsp; Estado&nbsp; hace&nbsp; un apoyo al municipio d Valles&nbsp; para&nbsp; financiar&nbsp; l&nbsp; obra dentro del plazo de siete meses a partir&nbsp; de la fecha, aunque hay que aclarar que seg\u00fan la misma fuente municipal dijo que&nbsp; el Gobernador no ha ordenado entregar la aportaci\u00f3n convenida&nbsp; para&nbsp; la pasada feria anual de Valles, a&nbsp; cuyo compromiso a\u00f1aden&nbsp; el presunto apoyo para el&nbsp;&nbsp; so\u00f1ado Teatro del Pueblo.<\/p>\n\n\n\n<p>++++++++<\/p>\n\n\n\n<p>P r e&nbsp; s t a m o s<\/p>\n\n\n\n<p>de&nbsp; dinero inmediatos a pensionados<\/p>\n\n\n\n<h2 class=\"wp-block-heading\">CFE, ISSSTE.FFCC, SCT, PEMEX,<\/h2>\n\n\n\n<h2 class=\"wp-block-heading\">ACTIVOS Y JUBILADOS&nbsp; IMSS<\/h2>\n\n\n\n<h1 class=\"wp-block-heading\">SIN AFECTAR TARJETON.<\/h1>\n\n\n\n<h2 class=\"wp-block-heading\">Ll\u00e1menos las 24 hrs del d\u00eda<\/h2>\n\n\n\n<h1 class=\"wp-block-heading\">LLAMENOS 4811039565<\/h1>\n\n\n\n<h1 class=\"wp-block-heading\">CREDITO INMEDIATO<\/h1>\n\n\n\n<p>++++++++<\/p>\n\n\n\n<p>CIUDADANIA&nbsp; EN GENERAL SOLICITA AL MUNICIPE ACTUE EN CASO&nbsp; DE LOS PARKIMETROS.<\/p>\n\n\n\n<p>+.- Al&nbsp; parecer&nbsp; el mun\u00edcipe decidi\u00f3&nbsp; actuar, retomara&nbsp; mando del servicio.&nbsp;&nbsp;<\/p>\n\n\n\n<p>Es evidente&nbsp; que a los&nbsp; regidores&nbsp; y el alcalde,&nbsp; falta decisi\u00f3n y voluntad para&nbsp; resolver&nbsp; en definitiva&nbsp; el asunto de&nbsp; la supuesta&nbsp; concesi\u00f3n&nbsp; a la&nbsp; empresa&nbsp; Iberparking, esta&nbsp; empresa&nbsp; tiene&nbsp; empleados&nbsp; encargados&nbsp; del cobro, aplicaci\u00f3n de&nbsp; La \u201cara\u00f1a\u201d y hasta \u201ccobradores sicarios\u201d&nbsp; que&nbsp; ante los reclamos de&nbsp; los usuarios&nbsp; de los&nbsp; espacios de&nbsp; estacionamiento bajo una cuota por hora, arremeten contra los automovilistas&nbsp; afectando a los for\u00e1neos&nbsp; que ignoran la p\u00e9simas condiciones&nbsp; de los&nbsp; aparatos MEDIDORES Y RECEPTORES DEL PAGO a tal&nbsp; grado que eluden llegar a&nbsp; Valles a hacer sus compras ante el temor&nbsp; de los cobradores de los parqu\u00edmetros.<\/p>\n\n\n\n<p>Si&nbsp; el cuerpo de gobierno de Valles,&nbsp; tiene evidencias que la empresa&nbsp; hace valer un &nbsp;contrato viciado y sin tolerancia, como el mismo &nbsp;alcalde de Valles reconoce, justifica&nbsp;&nbsp; la inconformidad&nbsp; de los usuarios declara que busca un acuerdo m\u00e1s justo con la empresa Iberparking pero no permitir\u00e1 abusos contra la ciudadan\u00eda, esto ocurre&nbsp; a&nbsp; siete meses&nbsp; del a\u00f1o que&nbsp; Iberparking&nbsp; opera&nbsp; al margen de la Ley.<\/p>\n\n\n\n<p>Sobre el mismo caso, el&nbsp; Presidente municipal&nbsp; confirmo que el contrato de los parqu\u00edmetros en Ciudad Valles est\u00e1 viciado desde su origen,<\/p>\n\n\n\n<p>En un medio informativo digital capitalino aparecen declaraciones del alcalde sobre el tema de los&nbsp; parqu\u00edmetros, dice; que ha dialogado con el concesionario (no que no tiene concesi\u00f3n ni contrato\u2026aguas) para replantear los t\u00e9rminos de que si no llegan a un acuerdo por los siguientes&nbsp; meses&nbsp; del presente a\u00f1o, porque es obvio,&nbsp; para el a\u00f1o 2026 ser\u00e1n otras las condiciones dijo &nbsp;que no acostumbra pelear, pero &nbsp;si no llegan a un acuerdo sano para la ciudadan\u00eda, \u201cnos vamos a pelear. Porque no se vale seguir con un esquema en el que su personal no tiene la sensibilidad para tratar con la gente\u201d&nbsp; . Si tengo que ir al Congreso para cancelarlo, lo har\u00e9\u201d &nbsp;<\/p>\n\n\n\n<p>+++++++++<\/p>\n\n\n\n<p>CARROCERIAS&nbsp; BUSTOS<\/p>\n\n\n\n<h2 class=\"wp-block-heading\">Reforma y Lerdo de tejada Col. Altavista.<\/h2>\n\n\n\n<h2 class=\"wp-block-heading\">Cd Valles SLP&nbsp; Tel. 3824777.<\/h2>\n\n\n\n<p>En carrocer\u00edas para camiones y camionetas nadie nos compite.<\/p>\n\n\n\n<p>+++++++<\/p>\n\n\n\n<p>SENADORA POTOSINA&nbsp; TOMA PROTESTA A COMITES&nbsp; DEL PVEM.<\/p>\n\n\n\n<p>+.- Tambi\u00e9n los tricolores&nbsp; formaron un comit\u00e9 de juventud&nbsp; priista&nbsp; al rescate.<\/p>\n\n\n\n<p>Durante&nbsp; su gira semanal de trabajo pol\u00edtico,&nbsp; la&nbsp; Senadora potosina Ruth Gonz\u00e1lez&nbsp; Silva&nbsp; supli\u00f3 las funciones del liderazgo estatal del PVEM para tomar la protesta a los integrantes de los comit\u00e9s de&nbsp; varios municipios de la zona centro&nbsp; del&nbsp;&nbsp; estado a los que convoc\u00f3 se conviertan en gestores incansables de las necesidades de sus comunidades, ya que son ellos la primera l\u00ednea de atenci\u00f3n para transformar&nbsp; sus comunidades.<\/p>\n\n\n\n<p>Durante uno de los&nbsp; eventos dijo \u201cHoy estamos aqu\u00ed, en su municipio, refrendando el compromiso de trabajar para transformar a San Luis Potos\u00ed, solucionar las necesidades de los grupos vulnerables, las mujeres, adultos mayores, ni\u00f1as, ni\u00f1os y j\u00f3venes, porque todos anhelamos el cambio que gracias a los gobiernos emanados del Partido Verde hoy son una realidad\u201d,<\/p>\n\n\n\n<p>En la&nbsp; capital tunera&nbsp; tambi\u00e9n los moribundos&nbsp; priistas&nbsp; dieron se\u00f1ales de vida&nbsp; al crear la&nbsp; pasada&nbsp; semana un comit\u00e9 de juventud priista&nbsp; que va por el rescate&nbsp; de lo que queda del tricolor.<\/p>\n\n\n\n<p>+++++++++++++<\/p>\n\n\n\n<p>Otra vez&nbsp; &nbsp;la bandera de sexenios anteriores;&nbsp; la \u201cconstrucci\u00f3n\u201d&nbsp; del aeropuerto de Tamuin.<\/p>\n\n\n\n<p>220 MILLONES&nbsp; PARA IMSS BIENESTAR&nbsp; DE VALLES.<\/p>\n\n\n\n<p>En su&nbsp; reciente visita al estado de la Presidenta de M\u00e9xico, hizo un gran anuncio para Valles y su zona de influencia en materia de salud p\u00fablica, se&nbsp; invertir\u00e1n 220 millones al IMSS-Bienestar en el hospital para Valles&nbsp; y otros&nbsp; centros hospitalarios, tambi\u00e9n&nbsp; ratifico el proyecto de ampliaci\u00f3n&nbsp; del&nbsp; aeropuerto de Tamuin para el pr\u00f3ximo a\u00f1o.<\/p>\n\n\n\n<p>La presidenta de la Rep\u00fablica, Claudia Sheinbaum Pardo, anunci\u00f3 una inversi\u00f3n de 220 millones de pesos para fortalecer el sistema IMSS-Bienestar en San Luis Potos\u00ed, con un enfoque prioritario en la zona Huasteca. Como parte de este plan, ser\u00e1n rehabilitados quir\u00f3fanos en al menos cuatro hospitales regionales, y se equipar\u00e1n centros de salud para garantizar su funcionamiento pleno antes de que termine el a\u00f1o est\u00e9n funcionando y cuenten con el equipamiento necesario, &nbsp;inform\u00f3 la mandataria en&nbsp; su &nbsp;mensaje que Ciudad Valles tendr\u00e1 un hospital digno, ya sea mediante la rehabilitaci\u00f3n del actual o la construcci\u00f3n de uno nuevo.<\/p>\n\n\n\n<p>Durante su mensaje, Sheinbaum Pardo tambi\u00e9n abord\u00f3 una obra bandera de dos sexenios estatales que ha sido promesa incumplida por al menos tres gobiernos federales anteriores; la AMPLIACION\/construcci\u00f3n del aeropuerto de Tamu\u00edn. Asegur\u00f3 que su administraci\u00f3n retomar\u00e1 el proyecto y que la obra arrancar\u00e1 en 2026, como parte de los tres proyectos prioritarios de desarrollo federal para la regi\u00f3n.<\/p>\n\n\n\n<p>&nbsp;Esta infraestructura buscar\u00e1 detonar el turismo y mejorar la conectividad con el centro y norte del pa\u00eds. Reiter\u00f3 el compromiso de su gobierno con la rehabilitaci\u00f3n de la carretera federal Ciudad Valles\u2013Tampico, un tramo clave para el tr\u00e1nsito comercial y tur\u00edstico de la regi\u00f3n, actualmente en condiciones deteriorada y con altos \u00edndices de accidentes.<\/p>\n\n\n\n<p>++++++++++++<\/p>\n\n\n\n<p>QFB&nbsp; FABIOLA GARCIA ALVAREZ<\/p>\n\n\n\n<p>Perito dictaminador en an\u00e1lisis bacteriol\u00f3gico de agua<\/p>\n\n\n\n<h2 class=\"wp-block-heading\">Y alimentos con n\u00famero GES-PD 0705<\/h2>\n\n\n\n<h2 class=\"wp-block-heading\">Perito dictaminador en&nbsp; estupefacientes GES-PD0523<\/h2>\n\n\n\n<h2 class=\"wp-block-heading\">Maestr\u00eda&nbsp; en an\u00e1lisis cl\u00ednicos 1301 \u2013 368068<\/h2>\n\n\n\n<p>Ced&nbsp; prof&nbsp; 8664204&nbsp;&nbsp; Tel. 38 1 66 64Asesor\u00eda,&nbsp; auditor\u00eda&nbsp; y gesti\u00f3n ambiental. G. Victoria No. 8&nbsp; zona centro Cd Valles<\/p>\n\n\n\n<p>++++++++++++<\/p>\n\n\n\n<p>SORPRESIVA&nbsp; VISITA&nbsp; DE&nbsp; SHEINBAUM SEMBR\u00d3 DUDAS POL\u00cdTICAS.<\/p>\n\n\n\n<p>Apenas&nbsp;&nbsp; un d\u00eda&nbsp; antes&nbsp; se conoci\u00f3 la visita&nbsp; de&nbsp; la Presidenta de&nbsp;&nbsp; M\u00e9xico&nbsp; a tierras el Nopal, la Mandataria&nbsp; visitar\u00eda&nbsp; el sur de Tamaulipas&nbsp; en&nbsp; plan de trabajo&nbsp; ante los estragos&nbsp; causados&nbsp; por&nbsp; las&nbsp; lluvias, de&nbsp; ah\u00ed pernocto en Ciudad Valles&nbsp; y&nbsp; continuo su&nbsp; gira a Rio Verde y Villa de Reyes, esta&nbsp; es&nbsp; la&nbsp; segunda ocasi\u00f3n que&nbsp; visita TERITORIO POTOSINO&nbsp; en un mes, su incursi\u00f3n dejo marcada&nbsp; la&nbsp; senda&nbsp; del 2027 cuyos&nbsp; augurios&nbsp; no son halagadores&nbsp; para los&nbsp; adelantados, no por&nbsp; madrugar&nbsp; amanece mas temprano, puede&nbsp; tropezar en su aventura.<\/p>\n\n\n\n<p>Como se&nbsp; viven los&nbsp; tiempos pol\u00edticos&nbsp; en nuestro estado rumbo a la sucesi\u00f3n sexenal la visita de Sheinbaum, marca&nbsp; una&nbsp; sutil se\u00f1al de la&nbsp; alta&nbsp; nomenclatura para&nbsp; evitar el retorno de&nbsp; otra&nbsp; etapa superada semejante al Santismo.<\/p>\n\n\n\n<p>La reciente visita de la presidenta Claudia &nbsp;Sheinbaum a dos&nbsp; municipios Potosinos&nbsp; dejaron un mensaje&nbsp; (por&nbsp; aqu\u00ed) el hecho que&nbsp; se hizo&nbsp; acompa\u00f1ar&nbsp; de &nbsp;Rosa Icela.<\/p>\n\n\n\n<p>En ambos eventos se vivieron momentos de tensi\u00f3n entre simpatizantes del Partido Verde Ecologista de M\u00e9xico (PVEM) y militantes de Morena, quienes protagoniza&nbsp; sendos&nbsp; zafarranchos,&nbsp; fue un choque frontal entre dos fuerzas pol\u00edticas adversarias.<\/p>\n\n\n\n<p>++++++++++++++++++HFRENCIA&nbsp; MALDITA GRAVITA SOBRE&nbsp; CONTRIBUYENTES&nbsp; VALLENSES.<\/p>\n\n\n\n<p>+.-&nbsp; El alcalde&nbsp; no ha informado&nbsp; sobre reglas&nbsp; del ramo 28, o no han recibido ese recurso.<\/p>\n\n\n\n<p>\u00b4+.-&nbsp; Pavimentaci\u00f3n de&nbsp; calle Hait\u00ed, seria<\/p>\n\n\n\n<p>\u201crecurso etiquetado\u201d de Codesol.<\/p>\n\n\n\n<p>En lugar de&nbsp; lamentarse&nbsp; sobre&nbsp; el laudo laboral perdido&nbsp; por&nbsp; mas de&nbsp; 26 millones de pesos, la administraci\u00f3n municipal&nbsp; deb\u00eda &nbsp;escudri\u00f1ar&nbsp; entre sus antecesores&nbsp; alcaldes el grado de&nbsp; responsabilidad&nbsp; por su omisi\u00f3n&nbsp; para&nbsp; solucionar&nbsp; el asunto heredado&nbsp; por JJOA&nbsp; quien despidi\u00f3 un grupo de panistas y luego&nbsp; al ganar en&nbsp; los Tribunales&nbsp; volvieron a&nbsp; la n\u00f3mina municipal, despu\u00e9s&nbsp; existen presunciones&nbsp; que los s\u00edndicos&nbsp; fueron omisos por&nbsp; conveniencia&nbsp; dejando correr los tiempos&nbsp; ante&nbsp; las autoridades&nbsp; para despu\u00e9s&nbsp; convertirse en defensores&nbsp; de&nbsp; los demandantes y ganar&nbsp; finalmente. Hay casos&nbsp; recientes.<\/p>\n\n\n\n<p>El s\u00edndico en funciones dijo en relaci\u00f3n al caso, que apenas se enteraron del&nbsp; expediente, esto es&nbsp; que&nbsp; la administraci\u00f3n anterior presidida&nbsp; por el mismo personaje&nbsp; que se reeligi\u00f3, no incluy\u00f3 en la&nbsp; ENTREGA RECEPCION este caso.<\/p>\n\n\n\n<p>Pero&nbsp; advirti\u00f3&nbsp; que&nbsp; para&nbsp; solucionar&nbsp; el pago del&nbsp; laudo&nbsp; millonario el Cabildo tendr\u00eda que aprobar un aumento a la&nbsp; Ley de Egresos, la que&nbsp; esta en vigor deber\u00eda modificarse<\/p>\n\n\n\n<p>para poder pagar el laudo multimillonario que perdi\u00f3 el Ayuntamiento<\/p>\n\n\n\n<p>&nbsp;El s\u00edndico municipal, V\u00edctor Manuel Palomares Tejeda quien&nbsp; durante varias administraciones piistas pasadas&nbsp; desempe\u00f1o el cargo de secretario, director del jur\u00eddico y otros puestos, propone lo anterior,&nbsp; modificar la Ley de egresos&nbsp; y&nbsp;&nbsp;&nbsp; TODO RESUELTO&nbsp; con cargo a los contribuyentes.<\/p>\n\n\n\n<p>+++++++++++++<\/p>\n\n\n\n<p>&nbsp;\u201cFINCA&nbsp; SAN ISIDRO\u201d<\/p>\n\n\n\n<h2 class=\"wp-block-heading\">Sal\u00f3n para fiestas de todo tipo.<\/h2>\n\n\n\n<h2 class=\"wp-block-heading\">Carretera Valles \u2013 R\u00edo Verde Km.8<\/h2>\n\n\n\n<h2 class=\"wp-block-heading\">Contrataciones al Tel. 01 481<\/h2>\n\n\n\n<p>++++<\/p>\n\n\n\n<p>59&nbsp; MILLONES DE PESOS&nbsp; DEUDA&nbsp; GENERAL DE&nbsp; LA&nbsp; DAPAS VALLES.<\/p>\n\n\n\n<p>\u00b4+,.&nbsp; Nada mas&nbsp; los&nbsp; 14&nbsp;&nbsp; regidores y el mun\u00edcipe&nbsp;&nbsp; tienen derecho&nbsp; de&nbsp; estar informados sobre el manejo administrativo o est\u00e1n de adorno&nbsp; (FLOREROS)&nbsp; los integrantes de&nbsp; la&nbsp; Junta de gobierno de la DAPAS, el recurso financiero&nbsp; es&nbsp; manejado en el organismo operador&nbsp; en lo oscurito al grado que es el&nbsp; municipio con fondos&nbsp; ETIQUETADOS&nbsp; de Codesol&nbsp; el que&nbsp; ejecuta&nbsp; obras menores o da\u00f1os en redes, mientras&nbsp; la recaudaci\u00f3n aplicada a&nbsp; trav\u00e9s del consumo mensual domiciliario, nunca se ha explicado su aplicaci\u00f3n por el concepto&nbsp; de saneamiento, mantenimiento etc.&nbsp;<\/p>\n\n\n\n<p>Diga usted&nbsp; si no hay raz\u00f3n de reproducir&nbsp; la opini\u00f3n ciudadana, lea&nbsp; esta noticia publicada en un medio capitalino digital;&nbsp;&nbsp;&nbsp; La&nbsp; DAPAS&nbsp; de Valles inici\u00f3 el mes de marzo del 2025 con un adeudo total de&nbsp; 59 millones de pesos, en los siguientes rubros:&nbsp; Debe 19 millones a proveedores la Dapas de Valles, de acuerdo con el \u00faltimo informe al Cabildo por la tesorera, Anel Coronado Aguilar, qui\u00e9n refiri\u00f3 que la deuda total es de 59 millones de pesos.<\/p>\n\n\n\n<p>La&nbsp; funcionaria&nbsp; atribuye en parte&nbsp; a las sangr\u00edas que sufri\u00f3 la Dapas durante la huelga de casi tres a\u00f1os, adem\u00e1s de las retenciones de imposiciones fiscales y, por \u00faltimo, los 19 millones de pesos que es el actual endeudamiento del organismo a proveedores.<\/p>\n\n\n\n<p>++++++++++++++++++++++<\/p>\n\n\n\n<p>CAF\u00c9 Y RESTAURANT&nbsp; EL FAROLITO<\/p>\n\n\n\n<p>Lo mejor de la cocina Huasteca; el tradicional zacahuil y cazueladas . Atendemos toda clase de&nbsp; festejos. Pedidos al Tel&nbsp; 3821017 Ciudad Valles SLP<\/p>\n\n\n\n<p>+++++++++++++<\/p>\n\n\n\n<p>D E&nbsp; V O LA D A.-<\/p>\n\n\n\n<p>(tomado de redes&nbsp; sociales)<\/p>\n\n\n\n<p>ESTO&nbsp; ES&nbsp; LA&nbsp; CANICULA.<\/p>\n\n\n\n<p>+.-&nbsp; Se pronostica que&nbsp; ahora si llover\u00e1 en el norte.<\/p>\n\n\n\n<p>Se esperan 40 d\u00edas de altas temperaturas y reducci\u00f3n de lluvias, especialmente en el norte del pa\u00eds<\/p>\n\n\n\n<p>La can\u00edcula es un periodo clim\u00e1tico caracter\u00edstico del verano en el que se registran las temperaturas m\u00e1s altas del a\u00f1o acompa\u00f1adas de una disminuci\u00f3n de lluvias.<\/p>\n\n\n\n<p>Este fen\u00f3meno, que ocurre entre julio y agosto en M\u00e9xico, se produce cuando los vientos alisios (que soplan desde el este) impiden la formaci\u00f3n de nubes sobre el oc\u00e9ano, reduciendo as\u00ed las precipitaciones en tierra.<\/p>\n\n\n\n<p>A diferencia del calor habitual del verano, la can\u00edcula se distingue por ser un periodo donde el calor se intensifica mientras las lluvias desaparecen temporalmente y tiene una duraci\u00f3n de 40 d\u00edas.<\/p>\n\n\n\n<p>De acuerdo con los pron\u00f3sticos m\u00e1s recientes del Servicio Meteorol\u00f3gico Nacional (SMN), la can\u00edcula en M\u00e9xico iniciar\u00e1 entre el 3 y el 15 de julio de 2025, dependiendo de la regi\u00f3n.<\/p>\n\n\n\n<p>Finalizaci\u00f3n aproximada: Hacia el 20 de agosto (dura alrededor de 40 d\u00edas).<\/p>\n\n\n\n<p>Estas fechas coinciden con el comportamiento hist\u00f3rico de la can\u00edcula, que suele comenzar 2-3 semanas despu\u00e9s del solsticio de verano (21 de junio).<\/p>\n\n\n\n<p>Las condiciones oce\u00e1nicas y atmosf\u00e9ricas en el Golfo de M\u00e9xico y el Pac\u00edfico.<\/p>\n\n\n\n<p>El comportamiento de las lluvias monz\u00f3nicas en Norteam\u00e9rica.<\/p>\n\n\n\n<p>Por eso, aunque el pron\u00f3stico general apunta a inicios de julio, en algunos estados podr\u00eda retrasarse unos d\u00edas.&nbsp; <a href=\"mailto:davidfloresg_43@hotmail.com\">davidfloresg_43@hotmail.com<\/a><\/p>\n\n\n\n<p>&#8212;<\/p>\n","protected":false},"excerpt":{"rendered":"<p>EN LA HUASTECA \u201cMANDAN LAS MUJERES\u201d EL GOBERNADOR SOMETIO A VOTACION LA PROPUESTA POLITICA. . Anunci\u00f3 llegada del metro el\u00e9ctrico inversiones de m\u00e1s de 300 mdp en movilidad, agua potable e infraestructura. Durante reciente gira de trabajo a La Puerta Grande de la Huasteca el &hellip; <\/p>\n","protected":false},"author":1,"featured_media":104743,"comment_status":"open","ping_status":"open","sticky":false,"template":"","format":"standard","meta":{"footnotes":""},"categories":[17],"tags":[],"class_list":["post-106604","post","type-post","status-publish","format-standard","has-post-thumbnail","hentry","category-colaboraciones"],"_links":{"self":[{"href":"https:\/\/amanecerhuasteco.com\/portal\/wp-json\/wp\/v2\/posts\/106604","targetHints":{"allow":["GET"]}}],"collection":[{"href":"https:\/\/amanecerhuasteco.com\/portal\/wp-json\/wp\/v2\/posts"}],"about":[{"href":"https:\/\/amanecerhuasteco.com\/portal\/wp-json\/wp\/v2\/types\/post"}],"author":[{"embeddable":true,"href":"https:\/\/amanecerhuasteco.com\/portal\/wp-json\/wp\/v2\/users\/1"}],"replies":[{"embeddable":true,"href":"https:\/\/amanecerhuasteco.com\/portal\/wp-json\/wp\/v2\/comments?post=106604"}],"version-history":[{"count":1,"href":"https:\/\/amanecerhuasteco.com\/portal\/wp-json\/wp\/v2\/posts\/106604\/revisions"}],"predecessor-version":[{"id":106605,"href":"https:\/\/amanecerhuasteco.com\/portal\/wp-json\/wp\/v2\/posts\/106604\/revisions\/106605"}],"wp:featuredmedia":[{"embeddable":true,"href":"https:\/\/amanecerhuasteco.com\/portal\/wp-json\/wp\/v2\/media\/104743"}],"wp:attachment":[{"href":"https:\/\/amanecerhuasteco.com\/portal\/wp-json\/wp\/v2\/media?parent=106604"}],"wp:term":[{"taxonomy":"category","embeddable":true,"href":"https:\/\/amanecerhuasteco.com\/portal\/wp-json\/wp\/v2\/categories?post=106604"},{"taxonomy":"post_tag","embeddable":true,"href":"https:\/\/amanecerhuasteco.com\/portal\/wp-json\/wp\/v2\/tags?post=106604"}],"curies":[{"name":"wp","href":"https:\/\/api.w.org\/{rel}","templated":true}]}}