{"id":106622,"date":"2025-07-14T07:57:09","date_gmt":"2025-07-14T13:57:09","guid":{"rendered":"https:\/\/amanecerhuasteco.com\/portal\/?p=106622"},"modified":"2025-07-14T07:57:11","modified_gmt":"2025-07-14T13:57:11","slug":"mas-autonomia-con-apoyos-funcionales-a-personas-con-discapacidad","status":"publish","type":"post","link":"https:\/\/amanecerhuasteco.com\/portal\/mas-autonomia-con-apoyos-funcionales-a-personas-con-discapacidad\/","title":{"rendered":"Mas autonom\u00eda con apoyos funcionales a personas con discapacidad"},"content":{"rendered":"\n<p><\/p>\n\n\n\n<ul class=\"wp-block-list\">\n<li>El Sistema Estatal para el Desarrollo Integral de la Familia entreg\u00f3 sillas de ruedas a beneficiarios de todo el Estado.<\/li>\n<\/ul>\n\n\n\n<p>El Sistema Estatal para el Desarrollo Integral de la Familia (DIF), a trav\u00e9s del Centro de Rehabilitaci\u00f3n y Educaci\u00f3n Especial (CREE), entreg\u00f3 sillas de ruedas a personas con discapacidad de las cuatro regiones para que tengan una mejor calidad de vida y una autonom\u00eda sin l\u00edmites.<br>Al respecto, Virginia Z\u00fa\u00f1iga Maldonado, directora general del DIF Estatal, destac\u00f3 que estas entregas son resultado del compromiso permanente del Gobierno del Estado por garantizar una atenci\u00f3n digna, incluyente y equitativa.<br>Gracias al liderazgo del Gobernador Ricardo Gallardo Cardona, los programas de asistencia social se han fortalecido significativamente permitiendo llevar soluciones reales a quienes m\u00e1s lo necesitan.<\/p>\n","protected":false},"excerpt":{"rendered":"<p>El Sistema Estatal para el Desarrollo Integral de la Familia (DIF), a trav\u00e9s del Centro de Rehabilitaci\u00f3n y Educaci\u00f3n Especial (CREE), entreg\u00f3 sillas de ruedas a personas con discapacidad de las cuatro regiones para que tengan una mejor calidad de vida y una autonom\u00eda sin &hellip; <\/p>\n","protected":false},"author":1,"featured_media":106624,"comment_status":"open","ping_status":"open","sticky":false,"template":"","format":"standard","meta":{"footnotes":""},"categories":[92,91,25,89,82,87,86,67,7,78,62,22,56,55,4,73,44,26,74,10,12,60,66,71,30,70,31,80,24,59,42,21,69,85,20,58,57,68,43,32],"tags":[],"class_list":["post-106622","post","type-post","status-publish","format-standard","has-post-thumbnail","hentry","category-ahualulco","category-alaquines","category-aquismon","category-armadillo","category-axtla","category-cardenas","category-cedral","category-charcas","category-ciudad","category-ciudad-del-maiz","category-ciudad-fernandez","category-ebano","category-el-naranjo","category-guadalcazar","category-inicio","category-lagunillas","category-matehuala","category-matlapa","category-mexquitic","category-municipios","category-nacional","category-rayon","category-rayon-2","category-real-de-catorce","category-rioverde","category-san-ciro","category-sanluispotosi","category-san-martin","category-san-vicente","category-santa-catarina","category-soledad","category-tamasopo","category-tampacan","category-tampamolon","category-tamuin","category-tancanhuitz","category-tanlajas","category-tanquian","category-villa-de-reyes","category-xilitla"],"_links":{"self":[{"href":"https:\/\/amanecerhuasteco.com\/portal\/wp-json\/wp\/v2\/posts\/106622","targetHints":{"allow":["GET"]}}],"collection":[{"href":"https:\/\/amanecerhuasteco.com\/portal\/wp-json\/wp\/v2\/posts"}],"about":[{"href":"https:\/\/amanecerhuasteco.com\/portal\/wp-json\/wp\/v2\/types\/post"}],"author":[{"embeddable":true,"href":"https:\/\/amanecerhuasteco.com\/portal\/wp-json\/wp\/v2\/users\/1"}],"replies":[{"embeddable":true,"href":"https:\/\/amanecerhuasteco.com\/portal\/wp-json\/wp\/v2\/comments?post=106622"}],"version-history":[{"count":1,"href":"https:\/\/amanecerhuasteco.com\/portal\/wp-json\/wp\/v2\/posts\/106622\/revisions"}],"predecessor-version":[{"id":106625,"href":"https:\/\/amanecerhuasteco.com\/portal\/wp-json\/wp\/v2\/posts\/106622\/revisions\/106625"}],"wp:featuredmedia":[{"embeddable":true,"href":"https:\/\/amanecerhuasteco.com\/portal\/wp-json\/wp\/v2\/media\/106624"}],"wp:attachment":[{"href":"https:\/\/amanecerhuasteco.com\/portal\/wp-json\/wp\/v2\/media?parent=106622"}],"wp:term":[{"taxonomy":"category","embeddable":true,"href":"https:\/\/amanecerhuasteco.com\/portal\/wp-json\/wp\/v2\/categories?post=106622"},{"taxonomy":"post_tag","embeddable":true,"href":"https:\/\/amanecerhuasteco.com\/portal\/wp-json\/wp\/v2\/tags?post=106622"}],"curies":[{"name":"wp","href":"https:\/\/api.w.org\/{rel}","templated":true}]}}