{"id":106705,"date":"2025-07-18T09:06:53","date_gmt":"2025-07-18T15:06:53","guid":{"rendered":"https:\/\/amanecerhuasteco.com\/portal\/?p=106705"},"modified":"2025-07-18T20:10:09","modified_gmt":"2025-07-19T02:10:09","slug":"personas-en-contexto-de-movilidad-reciben-capacitacion","status":"publish","type":"post","link":"https:\/\/amanecerhuasteco.com\/portal\/personas-en-contexto-de-movilidad-reciben-capacitacion\/","title":{"rendered":"Personas en contexto de movilidad reciben capacitaci\u00f3n"},"content":{"rendered":"\n<p><br>\u2022 En coordinaci\u00f3n con instituciones internacionales y educativas, el Gobierno Estatal ampl\u00eda sus posibilidades para que accedan a trabajos dignos y bien pagados.<\/p>\n\n\n\n<p>La Secretar\u00eda del Trabajo y Previsi\u00f3n Social (STPS), en coordinaci\u00f3n con el Tecnol\u00f3gico Salesiano y la Organizaci\u00f3n Internacional para las Migraciones (OIM), impulsa programas de capacitaci\u00f3n dirigidas personas en contexto de movilidad, para que est\u00e9n bien preparados y puedan ampliar sus posibilidades de acceder a trabajos dignos y bien pagados.<br>En cumplimiento con la instrucci\u00f3n del Gobernador del Estado Ricardo Gallardo Cardona de brindar oportunidades sin l\u00edmites a todas y todos, el secretario del Trabajo Cris\u00f3gono S\u00e1nchez Lara dijo que se evaluaron los espacios y equipos del Tecnol\u00f3gico Salesiano para ofrecer cursos t\u00e9cnicos en soldadura, operaci\u00f3n de m\u00e1quina CNC, rob\u00f3tica y electricidad.<br>El objetivo es que la integraci\u00f3n laboral sea m\u00e1s r\u00e1pida, formal e incluyente, para consolidar un mercado laboral m\u00e1s competitivo y humano en San Luis Potos\u00ed.<\/p>\n","protected":false},"excerpt":{"rendered":"<p>\u2022 En coordinaci\u00f3n con instituciones internacionales y educativas, el Gobierno Estatal ampl\u00eda sus posibilidades para que accedan a trabajos dignos y bien pagados. La Secretar\u00eda del Trabajo y Previsi\u00f3n Social (STPS), en coordinaci\u00f3n con el Tecnol\u00f3gico Salesiano y la Organizaci\u00f3n Internacional para las Migraciones (OIM), &hellip; <\/p>\n","protected":false},"author":1,"featured_media":106706,"comment_status":"open","ping_status":"open","sticky":false,"template":"","format":"standard","meta":{"footnotes":""},"categories":[13,92,91,25,89,82,14,28,87,86,67,7,78,62,63,22,56,15,55,81,16,73,44,26,74,10,12,6,66,60,71,30,70,31,80,24,59,42,53,57,43,32],"tags":[],"class_list":["post-106705","post","type-post","status-publish","format-standard","has-post-thumbnail","hentry","category-agropecuaria","category-ahualulco","category-alaquines","category-aquismon","category-armadillo","category-axtla","category-caneros","category-cnc","category-cardenas","category-cedral","category-charcas","category-ciudad","category-ciudad-del-maiz","category-ciudad-fernandez","category-coxcatlan","category-ebano","category-el-naranjo","category-ganaderos","category-guadalcazar","category-huehuetlan","category-ingenios","category-lagunillas","category-matehuala","category-matlapa","category-mexquitic","category-municipios","category-nacional","category-noticias","category-rayon-2","category-rayon","category-real-de-catorce","category-rioverde","category-san-ciro","category-sanluispotosi","category-san-martin","category-san-vicente","category-santa-catarina","category-soledad","category-tamazunchale","category-tanlajas","category-villa-de-reyes","category-xilitla"],"_links":{"self":[{"href":"https:\/\/amanecerhuasteco.com\/portal\/wp-json\/wp\/v2\/posts\/106705","targetHints":{"allow":["GET"]}}],"collection":[{"href":"https:\/\/amanecerhuasteco.com\/portal\/wp-json\/wp\/v2\/posts"}],"about":[{"href":"https:\/\/amanecerhuasteco.com\/portal\/wp-json\/wp\/v2\/types\/post"}],"author":[{"embeddable":true,"href":"https:\/\/amanecerhuasteco.com\/portal\/wp-json\/wp\/v2\/users\/1"}],"replies":[{"embeddable":true,"href":"https:\/\/amanecerhuasteco.com\/portal\/wp-json\/wp\/v2\/comments?post=106705"}],"version-history":[{"count":1,"href":"https:\/\/amanecerhuasteco.com\/portal\/wp-json\/wp\/v2\/posts\/106705\/revisions"}],"predecessor-version":[{"id":106707,"href":"https:\/\/amanecerhuasteco.com\/portal\/wp-json\/wp\/v2\/posts\/106705\/revisions\/106707"}],"wp:featuredmedia":[{"embeddable":true,"href":"https:\/\/amanecerhuasteco.com\/portal\/wp-json\/wp\/v2\/media\/106706"}],"wp:attachment":[{"href":"https:\/\/amanecerhuasteco.com\/portal\/wp-json\/wp\/v2\/media?parent=106705"}],"wp:term":[{"taxonomy":"category","embeddable":true,"href":"https:\/\/amanecerhuasteco.com\/portal\/wp-json\/wp\/v2\/categories?post=106705"},{"taxonomy":"post_tag","embeddable":true,"href":"https:\/\/amanecerhuasteco.com\/portal\/wp-json\/wp\/v2\/tags?post=106705"}],"curies":[{"name":"wp","href":"https:\/\/api.w.org\/{rel}","templated":true}]}}