{"id":107238,"date":"2025-08-07T09:56:06","date_gmt":"2025-08-07T15:56:06","guid":{"rendered":"https:\/\/amanecerhuasteco.com\/portal\/?p=107238"},"modified":"2025-08-07T09:56:07","modified_gmt":"2025-08-07T15:56:07","slug":"instancia-municipal-de-la-mujer-ofrece-capacitacion-a-pasantes-de-enfermeria-en-prevencion-de-violencia-de-genero","status":"publish","type":"post","link":"https:\/\/amanecerhuasteco.com\/portal\/instancia-municipal-de-la-mujer-ofrece-capacitacion-a-pasantes-de-enfermeria-en-prevencion-de-violencia-de-genero\/","title":{"rendered":"Instancia municipal de la mujer ofrece capacitaci\u00f3n a pasantes de enfermer\u00eda en prevenci\u00f3n de violencia de g\u00e9nero"},"content":{"rendered":"\n<p><\/p>\n\n\n\n<p>En cumplimiento a las instrucciones del Presidente Municipal David Armando Medina Salazar, la Instancia Municipal de la Mujer, que preside Mar\u00eda Rebeca Ter\u00e1n Guevara, imparti\u00f3 la capacitaci\u00f3n de \u201cViolencia de g\u00e9nero\u201d, dirigida a los pasantes de Enfermer\u00eda, adscritos al departamento de Servicios Municipales de Salud, y que participan activamente en acciones de promoci\u00f3n de la salud en planteles educativos del municipio, como parte del programa \u201cSalud Escolar\u201d.<\/p>\n\n\n\n<p>La actividad se llev\u00f3 a cabo la ma\u00f1ana de este mi\u00e9rcoles, en el Sal\u00f3n de Cabildo del H. Ayuntamiento, abordando conceptos clave para la identificaci\u00f3n de se\u00f1ales de alerta de violencia de g\u00e9nero y los mecanismos de atenci\u00f3n oportuna desde el \u00e1mbito escolar.<\/p>\n\n\n\n<p>Esta capacitaci\u00f3n forma parte del calendario de actividades dise\u00f1ado por la Direcci\u00f3n de Servicios Municipales de Salud, a cargo de Julio Alejandro Guido Azuara, que desde el inicio de semana ha implementado distintas sesiones con enfoque preventivo, orientadas a fortalecer la intervenci\u00f3n del personal de salud en comunidades escolares.<\/p>\n","protected":false},"excerpt":{"rendered":"<p>En cumplimiento a las instrucciones del Presidente Municipal David Armando Medina Salazar, la Instancia Municipal de la Mujer, que preside Mar\u00eda Rebeca Ter\u00e1n Guevara, imparti\u00f3 la capacitaci\u00f3n de \u201cViolencia de g\u00e9nero\u201d, dirigida a los pasantes de Enfermer\u00eda, adscritos al departamento de Servicios Municipales de Salud, &hellip; <\/p>\n","protected":false},"author":1,"featured_media":107239,"comment_status":"open","ping_status":"open","sticky":false,"template":"","format":"standard","meta":{"footnotes":""},"categories":[13,92,91,25,14,28,29,7,11,15,4],"tags":[],"class_list":["post-107238","post","type-post","status-publish","format-standard","has-post-thumbnail","hentry","category-agropecuaria","category-ahualulco","category-alaquines","category-aquismon","category-caneros","category-cnc","category-cnpr","category-ciudad","category-estado","category-ganaderos","category-inicio"],"_links":{"self":[{"href":"https:\/\/amanecerhuasteco.com\/portal\/wp-json\/wp\/v2\/posts\/107238","targetHints":{"allow":["GET"]}}],"collection":[{"href":"https:\/\/amanecerhuasteco.com\/portal\/wp-json\/wp\/v2\/posts"}],"about":[{"href":"https:\/\/amanecerhuasteco.com\/portal\/wp-json\/wp\/v2\/types\/post"}],"author":[{"embeddable":true,"href":"https:\/\/amanecerhuasteco.com\/portal\/wp-json\/wp\/v2\/users\/1"}],"replies":[{"embeddable":true,"href":"https:\/\/amanecerhuasteco.com\/portal\/wp-json\/wp\/v2\/comments?post=107238"}],"version-history":[{"count":1,"href":"https:\/\/amanecerhuasteco.com\/portal\/wp-json\/wp\/v2\/posts\/107238\/revisions"}],"predecessor-version":[{"id":107240,"href":"https:\/\/amanecerhuasteco.com\/portal\/wp-json\/wp\/v2\/posts\/107238\/revisions\/107240"}],"wp:featuredmedia":[{"embeddable":true,"href":"https:\/\/amanecerhuasteco.com\/portal\/wp-json\/wp\/v2\/media\/107239"}],"wp:attachment":[{"href":"https:\/\/amanecerhuasteco.com\/portal\/wp-json\/wp\/v2\/media?parent=107238"}],"wp:term":[{"taxonomy":"category","embeddable":true,"href":"https:\/\/amanecerhuasteco.com\/portal\/wp-json\/wp\/v2\/categories?post=107238"},{"taxonomy":"post_tag","embeddable":true,"href":"https:\/\/amanecerhuasteco.com\/portal\/wp-json\/wp\/v2\/tags?post=107238"}],"curies":[{"name":"wp","href":"https:\/\/api.w.org\/{rel}","templated":true}]}}