{"id":107288,"date":"2025-08-09T10:31:30","date_gmt":"2025-08-09T16:31:30","guid":{"rendered":"https:\/\/amanecerhuasteco.com\/portal\/?p=107288"},"modified":"2025-08-09T10:31:32","modified_gmt":"2025-08-09T16:31:32","slug":"gobierno-estatal-respalda-a-burocratas","status":"publish","type":"post","link":"https:\/\/amanecerhuasteco.com\/portal\/gobierno-estatal-respalda-a-burocratas\/","title":{"rendered":"Gobierno estatal respalda a bur\u00f3cratas"},"content":{"rendered":"\n<p>GOBIERNO DEL ESTADO RESPALDA A BUR\u00d3CRATAS<\/p>\n\n\n\n<ul class=\"wp-block-list\">\n<li>Junto al SUTSGE se acord\u00f3 un aumento salarial del tres por ciento a la base sindical.<\/li>\n<\/ul>\n\n\n\n<p>El Gobierno del Estado conmemor\u00f3 este 8 de agosto el D\u00eda del Bur\u00f3crata refrendando su compromiso a las y los servidores p\u00fablicos que con vocaci\u00f3n atienden a las y los potosinos en las cuatro regiones de la entidad. Como parte de esta conmemoraci\u00f3n, se inform\u00f3 el incremento salarial del tres por ciento para la base sindical, con efecto retroactivo, un beneficio que supera los ajustes de a\u00f1os anteriores.<br>La Oficial\u00eda Mayor (OM) destac\u00f3 que este esfuerzo conjunto con el Sindicato \u00danico de Trabajadores del Gobierno del Estado (SUTSGE) fortalece la visi\u00f3n de trabajo del Gobernador Ricardo Gallardo Cardona enfocada en brindar atenci\u00f3n oportuna y eficiente sin l\u00edmites, siempre con apego a la normativa vigente.<br>Adem\u00e1s, se anunci\u00f3 que el pr\u00f3ximo lunes 11 de agosto se suspender\u00e1n labores para la base sindical, conforme al calendario oficial 2025, garantizando la continuidad de servicios mediante guardias de personal de honorarios y confianza en modalidad de puerta cerrada.<\/p>\n","protected":false},"excerpt":{"rendered":"<p>GOBIERNO DEL ESTADO RESPALDA A BUR\u00d3CRATAS El Gobierno del Estado conmemor\u00f3 este 8 de agosto el D\u00eda del Bur\u00f3crata refrendando su compromiso a las y los servidores p\u00fablicos que con vocaci\u00f3n atienden a las y los potosinos en las cuatro regiones de la entidad. Como &hellip; <\/p>\n","protected":false},"author":1,"featured_media":107289,"comment_status":"open","ping_status":"open","sticky":false,"template":"","format":"standard","meta":{"footnotes":""},"categories":[92,91,25,89,82,14,87,86,67,7,78,62,22,56,55,4,44,60,30,31,59,42],"tags":[],"class_list":["post-107288","post","type-post","status-publish","format-standard","has-post-thumbnail","hentry","category-ahualulco","category-alaquines","category-aquismon","category-armadillo","category-axtla","category-caneros","category-cardenas","category-cedral","category-charcas","category-ciudad","category-ciudad-del-maiz","category-ciudad-fernandez","category-ebano","category-el-naranjo","category-guadalcazar","category-inicio","category-matehuala","category-rayon","category-rioverde","category-sanluispotosi","category-santa-catarina","category-soledad"],"_links":{"self":[{"href":"https:\/\/amanecerhuasteco.com\/portal\/wp-json\/wp\/v2\/posts\/107288","targetHints":{"allow":["GET"]}}],"collection":[{"href":"https:\/\/amanecerhuasteco.com\/portal\/wp-json\/wp\/v2\/posts"}],"about":[{"href":"https:\/\/amanecerhuasteco.com\/portal\/wp-json\/wp\/v2\/types\/post"}],"author":[{"embeddable":true,"href":"https:\/\/amanecerhuasteco.com\/portal\/wp-json\/wp\/v2\/users\/1"}],"replies":[{"embeddable":true,"href":"https:\/\/amanecerhuasteco.com\/portal\/wp-json\/wp\/v2\/comments?post=107288"}],"version-history":[{"count":1,"href":"https:\/\/amanecerhuasteco.com\/portal\/wp-json\/wp\/v2\/posts\/107288\/revisions"}],"predecessor-version":[{"id":107290,"href":"https:\/\/amanecerhuasteco.com\/portal\/wp-json\/wp\/v2\/posts\/107288\/revisions\/107290"}],"wp:featuredmedia":[{"embeddable":true,"href":"https:\/\/amanecerhuasteco.com\/portal\/wp-json\/wp\/v2\/media\/107289"}],"wp:attachment":[{"href":"https:\/\/amanecerhuasteco.com\/portal\/wp-json\/wp\/v2\/media?parent=107288"}],"wp:term":[{"taxonomy":"category","embeddable":true,"href":"https:\/\/amanecerhuasteco.com\/portal\/wp-json\/wp\/v2\/categories?post=107288"},{"taxonomy":"post_tag","embeddable":true,"href":"https:\/\/amanecerhuasteco.com\/portal\/wp-json\/wp\/v2\/tags?post=107288"}],"curies":[{"name":"wp","href":"https:\/\/api.w.org\/{rel}","templated":true}]}}