{"id":107352,"date":"2025-08-11T06:38:18","date_gmt":"2025-08-11T12:38:18","guid":{"rendered":"https:\/\/amanecerhuasteco.com\/portal\/?p=107352"},"modified":"2025-08-11T06:38:19","modified_gmt":"2025-08-11T12:38:19","slug":"gobierno-festeja-dia-internacional-de-los-pueblos-indigenas","status":"publish","type":"post","link":"https:\/\/amanecerhuasteco.com\/portal\/gobierno-festeja-dia-internacional-de-los-pueblos-indigenas\/","title":{"rendered":"Gobierno festeja D\u00eda Internacional de los pueblos ind\u00edgenas"},"content":{"rendered":"\n<ul class=\"wp-block-list\">\n<li>Ricardo Gallardo impulsa acciones sin l\u00edmites para preservar y promover las lenguas, tradiciones y cultura de las comunidades originarias.<\/li>\n<\/ul>\n\n\n\n<p>El Gobierno del Estado encabezado por Ricardo Gallardo Cardona conmemor\u00f3 en Matlapa el D\u00eda Internacional de los Pueblos Ind\u00edgenas, a trav\u00e9s de la Secretar\u00eda de Cultura (Secult), en coordinaci\u00f3n con el ayuntamiento y el Instituto de Desarrollo Humano y Social de los Pueblos y Comunidades Ind\u00edgenas (INDEPI).<br>En un acto cargado de simbolismo y reconocimiento, el Secretario de Cultura, Mario Garc\u00eda Valdez, refrend\u00f3 el compromiso de fortalecer la identidad de las etnias Xi\u2019\u00fai, N\u00e1huatl y T\u00e9nek preservando sus costumbres, saberes y expresiones art\u00edsticas para las nuevas generaciones.<br>La Galera Chalchocoyo, ubicada junto a la presidencia municipal, se convirti\u00f3 en un espacio de encuentro intercultural con un programa que incluy\u00f3 rituales ancestrales, honores a la bandera en lengua n\u00e1huatl, danzas tradicionales, entre otras actividades con m\u00e9dicos y gastronom\u00eda local que dio sabor y sentido a esta celebraci\u00f3n.<\/p>\n","protected":false},"excerpt":{"rendered":"<p>El Gobierno del Estado encabezado por Ricardo Gallardo Cardona conmemor\u00f3 en Matlapa el D\u00eda Internacional de los Pueblos Ind\u00edgenas, a trav\u00e9s de la Secretar\u00eda de Cultura (Secult), en coordinaci\u00f3n con el ayuntamiento y el Instituto de Desarrollo Humano y Social de los Pueblos y Comunidades &hellip; <\/p>\n","protected":false},"author":1,"featured_media":107353,"comment_status":"open","ping_status":"open","sticky":false,"template":"","format":"standard","meta":{"footnotes":""},"categories":[13,25,82,14,87,7,78,81,4,60,31,59,53,57,32],"tags":[],"class_list":["post-107352","post","type-post","status-publish","format-standard","has-post-thumbnail","hentry","category-agropecuaria","category-aquismon","category-axtla","category-caneros","category-cardenas","category-ciudad","category-ciudad-del-maiz","category-huehuetlan","category-inicio","category-rayon","category-sanluispotosi","category-santa-catarina","category-tamazunchale","category-tanlajas","category-xilitla"],"_links":{"self":[{"href":"https:\/\/amanecerhuasteco.com\/portal\/wp-json\/wp\/v2\/posts\/107352","targetHints":{"allow":["GET"]}}],"collection":[{"href":"https:\/\/amanecerhuasteco.com\/portal\/wp-json\/wp\/v2\/posts"}],"about":[{"href":"https:\/\/amanecerhuasteco.com\/portal\/wp-json\/wp\/v2\/types\/post"}],"author":[{"embeddable":true,"href":"https:\/\/amanecerhuasteco.com\/portal\/wp-json\/wp\/v2\/users\/1"}],"replies":[{"embeddable":true,"href":"https:\/\/amanecerhuasteco.com\/portal\/wp-json\/wp\/v2\/comments?post=107352"}],"version-history":[{"count":1,"href":"https:\/\/amanecerhuasteco.com\/portal\/wp-json\/wp\/v2\/posts\/107352\/revisions"}],"predecessor-version":[{"id":107354,"href":"https:\/\/amanecerhuasteco.com\/portal\/wp-json\/wp\/v2\/posts\/107352\/revisions\/107354"}],"wp:featuredmedia":[{"embeddable":true,"href":"https:\/\/amanecerhuasteco.com\/portal\/wp-json\/wp\/v2\/media\/107353"}],"wp:attachment":[{"href":"https:\/\/amanecerhuasteco.com\/portal\/wp-json\/wp\/v2\/media?parent=107352"}],"wp:term":[{"taxonomy":"category","embeddable":true,"href":"https:\/\/amanecerhuasteco.com\/portal\/wp-json\/wp\/v2\/categories?post=107352"},{"taxonomy":"post_tag","embeddable":true,"href":"https:\/\/amanecerhuasteco.com\/portal\/wp-json\/wp\/v2\/tags?post=107352"}],"curies":[{"name":"wp","href":"https:\/\/api.w.org\/{rel}","templated":true}]}}