{"id":107435,"date":"2025-08-15T08:41:10","date_gmt":"2025-08-15T14:41:10","guid":{"rendered":"https:\/\/amanecerhuasteco.com\/portal\/?p=107435"},"modified":"2025-08-15T08:41:12","modified_gmt":"2025-08-15T14:41:12","slug":"continuan-actividades-en-mes-de-la-juventud","status":"publish","type":"post","link":"https:\/\/amanecerhuasteco.com\/portal\/continuan-actividades-en-mes-de-la-juventud\/","title":{"rendered":"Contin\u00faan actividades en mes de la Juventud"},"content":{"rendered":"\n<ul class=\"wp-block-list\">\n<li>Villa de Pozos recibe la primera Feria de la Juventud.<\/li>\n<\/ul>\n\n\n\n<p>En el marco del mes de la Juventud, el Gobierno del Estado encabezado por el Gobernador Ricardo Gallardo Cardona, contin\u00faa acercando las actividades con la primera edici\u00f3n de la Feria de la Juventud en Villa de Pozos, organizada por el Instituto Potosino de la Juventud (Inpojuve) en coordinaci\u00f3n con la Instancia Municipal de la Juventud.<br>Durante el evento se ofrecieron gratuitamente diversos servicios como cortes de cabello, aplicaci\u00f3n de u\u00f1as acr\u00edlicas y grabaci\u00f3n de canciones, adem\u00e1s de presentaciones musicales y actividades recreativas que promovieron la convivencia y participaci\u00f3n de las y los j\u00f3venes de la regi\u00f3n.<br>El Gobierno del Estado reafirma su compromiso sin l\u00edmites con el desarrollo integral de la juventud potosina mediante espacios que impulsen su talento y bienestar. Esta feria forma parte de una serie de eventos durante agosto, como la Carrera Atl\u00e9tica y la Rodada Masiva \u201cPonte el Casco\u201d, que promover\u00e1n el deporte, la cultura y la integraci\u00f3n juvenil en todo el Estado.<\/p>\n","protected":false},"excerpt":{"rendered":"<p>En el marco del mes de la Juventud, el Gobierno del Estado encabezado por el Gobernador Ricardo Gallardo Cardona, contin\u00faa acercando las actividades con la primera edici\u00f3n de la Feria de la Juventud en Villa de Pozos, organizada por el Instituto Potosino de la Juventud &hellip; <\/p>\n","protected":false},"author":1,"featured_media":107436,"comment_status":"open","ping_status":"open","sticky":false,"template":"","format":"standard","meta":{"footnotes":""},"categories":[13,92,91,25,89,82,14,87,86,67,7,78,62,56,55,4,73,44,26,74,10,12,60,30,31,59,42,53,57,43,32],"tags":[],"class_list":["post-107435","post","type-post","status-publish","format-standard","has-post-thumbnail","hentry","category-agropecuaria","category-ahualulco","category-alaquines","category-aquismon","category-armadillo","category-axtla","category-caneros","category-cardenas","category-cedral","category-charcas","category-ciudad","category-ciudad-del-maiz","category-ciudad-fernandez","category-el-naranjo","category-guadalcazar","category-inicio","category-lagunillas","category-matehuala","category-matlapa","category-mexquitic","category-municipios","category-nacional","category-rayon","category-rioverde","category-sanluispotosi","category-santa-catarina","category-soledad","category-tamazunchale","category-tanlajas","category-villa-de-reyes","category-xilitla"],"_links":{"self":[{"href":"https:\/\/amanecerhuasteco.com\/portal\/wp-json\/wp\/v2\/posts\/107435","targetHints":{"allow":["GET"]}}],"collection":[{"href":"https:\/\/amanecerhuasteco.com\/portal\/wp-json\/wp\/v2\/posts"}],"about":[{"href":"https:\/\/amanecerhuasteco.com\/portal\/wp-json\/wp\/v2\/types\/post"}],"author":[{"embeddable":true,"href":"https:\/\/amanecerhuasteco.com\/portal\/wp-json\/wp\/v2\/users\/1"}],"replies":[{"embeddable":true,"href":"https:\/\/amanecerhuasteco.com\/portal\/wp-json\/wp\/v2\/comments?post=107435"}],"version-history":[{"count":1,"href":"https:\/\/amanecerhuasteco.com\/portal\/wp-json\/wp\/v2\/posts\/107435\/revisions"}],"predecessor-version":[{"id":107437,"href":"https:\/\/amanecerhuasteco.com\/portal\/wp-json\/wp\/v2\/posts\/107435\/revisions\/107437"}],"wp:featuredmedia":[{"embeddable":true,"href":"https:\/\/amanecerhuasteco.com\/portal\/wp-json\/wp\/v2\/media\/107436"}],"wp:attachment":[{"href":"https:\/\/amanecerhuasteco.com\/portal\/wp-json\/wp\/v2\/media?parent=107435"}],"wp:term":[{"taxonomy":"category","embeddable":true,"href":"https:\/\/amanecerhuasteco.com\/portal\/wp-json\/wp\/v2\/categories?post=107435"},{"taxonomy":"post_tag","embeddable":true,"href":"https:\/\/amanecerhuasteco.com\/portal\/wp-json\/wp\/v2\/tags?post=107435"}],"curies":[{"name":"wp","href":"https:\/\/api.w.org\/{rel}","templated":true}]}}