{"id":107491,"date":"2025-08-17T08:39:51","date_gmt":"2025-08-17T14:39:51","guid":{"rendered":"https:\/\/amanecerhuasteco.com\/portal\/?p=107491"},"modified":"2025-08-17T08:39:53","modified_gmt":"2025-08-17T14:39:53","slug":"entre-columnas-674","status":"publish","type":"post","link":"https:\/\/amanecerhuasteco.com\/portal\/entre-columnas-674\/","title":{"rendered":"ENTRE COLUMNAS"},"content":{"rendered":"\n<p>LA TORTILLA&nbsp; Y LA SOBERANIA NACIONAL.<\/p>\n\n\n\n<p>&nbsp;El campesino ya no siembra ma\u00edz, compra&nbsp; \u201cmaseca\u201d<\/p>\n\n\n\n<p>&#8211; Amas de casa&nbsp; prefieren tortilla industrial o pan bimbo.<\/p>\n\n\n\n<p>En la regi\u00f3n Huasteca&nbsp; la&nbsp; agricultura es letra muerta, los&nbsp; campos&nbsp; que&nbsp; all\u00e1 por la primera mitad del siglo pasado eran emporios maiceros, ahora son potreros,&nbsp;&nbsp; agostaderos o tierras abandonadas, ca\u00f1averales en grandes extensiones &nbsp;de&nbsp; ganaderos convertidos en ca\u00f1eros.&nbsp;<\/p>\n\n\n\n<p>Cabe aclarar que el elote que abastecen&nbsp; en el mercado local proviene de la zona media de Rio Verde.<\/p>\n\n\n\n<p>Sin embargo en otras&nbsp; regiones del pa\u00eds la producci\u00f3n de ma\u00edz&nbsp; es&nbsp;&nbsp; b\u00e1sico para&nbsp; su econom\u00eda y abasto nacional, por ejemplo la &nbsp;COUC Sinaloa denuncia intento de apropiaci\u00f3n corporativa de un alimento b\u00e1sico y exige frenar facilidades a Cargill<\/p>\n\n\n\n<ul class=\"wp-block-list\">\n<li>La tortilla de&nbsp; ma\u00edz no solo es un alimento b\u00e1sico, tambi\u00e9n es el sustento de miles de productores<\/li>\n<\/ul>\n\n\n\n<p>La Coordinaci\u00f3n Organizadora de la Unidad Campesina (COUC) en Sinaloa advirti\u00f3 sobre los riesgos que representa la entrada de la empresa transnacional Cargill al mercado de la tortilla, al considerar que se trata de un nuevo intento de apropiaci\u00f3n del sistema alimentario nacional, en perjuicio de los productores nacionales, peque\u00f1os molinos y tortiller\u00edas tradicionales.<\/p>\n\n\n\n<p>Agust\u00edn Espinoza Lagunas, expres\u00f3 que la incursi\u00f3n de esta firma en la producci\u00f3n y comercializaci\u00f3n de harina de ma\u00edz profundiza la concentraci\u00f3n del mercado en manos extranjeras y debilita la soberan\u00eda alimentaria.<\/p>\n\n\n\n<p>\u201cLa tortilla no solo es un alimento b\u00e1sico y simb\u00f3lico del pueblo mexicano, tambi\u00e9n es el sustento de miles de productores. Con la entrada de un gigante agrofinanciero como Cargill, nos enfrentar\u00edamos a una etapa m\u00e1s profunda de despojo econ\u00f3mico\u201d, afirm\u00f3.<\/p>\n\n\n\n<p>Es un fen\u00f3meno incubado desde la firma del Tratado de Libre Comercio de Am\u00e9rica del Norte (TLCAN),abri\u00f3 la puerta a pol\u00edticas p\u00fablicas que, , han favorecido a intereses corporativos por encima del bienestar del campo mexicano.<\/p>\n\n\n\n<p>\u201cEntregaron nuestras sierras, nuestras semillas y ahora tambi\u00e9n nuestras tortillas. Como ejemplo del desequilibrio que vive el sector, el l\u00edder campesino denunci\u00f3 que mientras el precio del kilo de tortilla subi\u00f3 de 14 a 24 pesos entre 2019 y 2025, los agricultores reciben cada vez menos por su cosecha. \u201cEl problema no es la producci\u00f3n, es el modelo econ\u00f3mico que favorece la especulaci\u00f3n y la extranjerizaci\u00f3n de nuestra alimentaci\u00f3n\u201d, dijo.<\/p>\n\n\n\n<p>++++++++++++++++<\/p>\n\n\n\n<p>P r e&nbsp; s t a m o s<\/p>\n\n\n\n<p>de&nbsp; dinero inmediatos a pensionados<\/p>\n\n\n\n<h2 class=\"wp-block-heading\">CFE, ISSSTE.FFCC, SCT, PEMEX,<\/h2>\n\n\n\n<h2 class=\"wp-block-heading\">ACTIVOS Y JUBILADOS&nbsp; IMSS<\/h2>\n\n\n\n<h1 class=\"wp-block-heading\">SIN AFECTAR TARJETON.<\/h1>\n\n\n\n<h2 class=\"wp-block-heading\">Ll\u00e1menos las 24 hrs del d\u00eda<\/h2>\n\n\n\n<h1 class=\"wp-block-heading\">LLAMENOS 4811039565<\/h1>\n\n\n\n<h1 class=\"wp-block-heading\">CREDITO<\/h1>\n\n\n\n<h1 class=\"wp-block-heading\">&nbsp;INMEDIATO \u2013<\/h1>\n\n\n\n<p>++++++++++<\/p>\n\n\n\n<p>SIGUEN LOS&nbsp; ABUSOS POLICIACOS&nbsp; DE LA MUNICIPAL.<\/p>\n\n\n\n<p>&#8211;&nbsp; Jovenes&nbsp; universitarios&nbsp; denuncian&nbsp; abusos.<\/p>\n\n\n\n<p>En reiteradas ocasiones pasadas&nbsp; la ciudadan\u00eda&nbsp; ha&nbsp; denunciado p\u00fablicamente y en otros casos&nbsp; presentado querellas ante&nbsp; la Fiscal\u00eda&nbsp; distrital o&nbsp; cuando han tenido oportunidad de&nbsp; hacerlo personalmente ante el presidente municipal, la actuaci\u00f3n de los&nbsp; elementos&nbsp; policiacos a todas luces&nbsp; abusiva y&nbsp; delincuencial, los&nbsp; resultados&nbsp; son&nbsp; negativos porque&nbsp; no&nbsp; act\u00faa las autoridades ante&nbsp; las denuncias&nbsp; contra los autores de abusos, atracos y delitos penados, sigue con las mismas pr\u00e1cticas ante la tolerancia&nbsp; de sus superiores.<\/p>\n\n\n\n<p>Un estudiante universitario de Gastronom\u00eda&nbsp; denunci\u00f3 haber sido v\u00edctima de abuso de autoridad por&nbsp;&nbsp; elementos de la Polic\u00eda Municipal de Valles, fue detenido&nbsp; por circular en su motocicleta en sentido contrario acompa\u00f1ado de una joven, sin que opusiera resistencia.<\/p>\n\n\n\n<p>En su denuncia p\u00fablica&nbsp; declara que&nbsp; a&nbsp; su amiga la bajaron bruscamente&nbsp; lo sometieron del cuello, esposaron sin dejarlo&nbsp; hablar, siguiendo con su denuncia, fueron trasladados a la barandilla municipal, donde&nbsp; ni siquiera fue revisado por el m\u00e9dico legista, aunque APARECIO su certificado m\u00e9dico&nbsp; como si lo hubieran evaluado.<\/p>\n\n\n\n<p>Su calvario no termina ah\u00ed,&nbsp; para recuperar su&nbsp; motocicleta&nbsp; tendr\u00e1 que&nbsp; pagar una multa de 6 mil 789 pesos,&nbsp; que se elevar\u00e1 a 7 mil 921 pesos y m\u00e1s&nbsp; si no paga de inmediato,.<\/p>\n\n\n\n<p>\u201cEse dinero era para mi inscripci\u00f3n a la universidad, yo trabajo y estudio para salir adelante, no se me hace justo\u201d,&nbsp; concluyo su&nbsp; amarga&nbsp; denuncia-<\/p>\n\n\n\n<p>++++++++++++<\/p>\n\n\n\n<p>QFB&nbsp; FABIOLA GARCIA ALVAREZ<\/p>\n\n\n\n<p>Perito dictaminador en an\u00e1lisis bacteriol\u00f3gico de agua<\/p>\n\n\n\n<h2 class=\"wp-block-heading\">Y alimentos con n\u00famero GES-PD 0705<\/h2>\n\n\n\n<h2 class=\"wp-block-heading\">Perito dictaminador en&nbsp; estupefacientes GES-PD0523<\/h2>\n\n\n\n<h2 class=\"wp-block-heading\">Maestr\u00eda&nbsp; en an\u00e1lisis cl\u00ednicos 1301 \u2013 368068<\/h2>\n\n\n\n<p>Ced&nbsp; prof&nbsp; 8664204&nbsp;&nbsp; Tel. 38 1 66 64Asesor\u00eda,&nbsp; auditor\u00eda&nbsp; y gesti\u00f3n ambiental. G. Victoria No. 8&nbsp; zona centro Cd Valles<\/p>\n\n\n\n<p>++++++++++++<\/p>\n\n\n\n<p>BUEN NEGOCIO&nbsp;&nbsp; DEMANDAR AL MUNICIPIO POR&nbsp; DESPIDO LABORAL.<\/p>\n\n\n\n<p>+.-&nbsp; Ganaron laudo, siguen laborando y cobran en&nbsp; nomina algunos.<\/p>\n\n\n\n<p>El&nbsp; segundo periodo administrativo del&nbsp; alcalde Vallense no ser\u00e1&nbsp; suficiente tiempo para&nbsp; pagar los laudos&nbsp; recamados por&nbsp; 27 millones de pesos, &nbsp;aparte de&nbsp; ese&nbsp; compromiso laboral&nbsp; impagable, el Ayuntamiento de Valles enfrenta hasta 350 laudos mas, de igual n\u00famero de demandantes por despidos injustificados.<\/p>\n\n\n\n<p>El alcalde de Valles, y el regidor de Morena, C\u00e9sar Ramos Clemente informaron que el Gobierno Municipal enfrenta no solamente el reciente laudo de 27 millones de pesos dado a conocer, sino que hay 350 procesos en tribunales&nbsp;&nbsp; laborales &nbsp;por despido injustificado que se han perdido a lo largo de a\u00f1os de haberse interpuesto estas denuncias.<\/p>\n\n\n\n<p>Aunque no se revel\u00f3 la cantidad de dinero que significar\u00edan estos laudos, condenaron la omisi\u00f3n d funcionarios&nbsp; pasados&nbsp; que&nbsp; propiciaron esta&nbsp; situaci\u00f3n&nbsp; que&nbsp; deber\u00e1n cumplir&nbsp; conforme a la Ley.<\/p>\n\n\n\n<p>Como&nbsp; antecedente se&nbsp; recordara&nbsp; que en el pasado reciente del gobierno Independiente, un s\u00edndico y apoderado de&nbsp; Banorte propicio&nbsp; un millonario cobro directo desde&nbsp; el tribunal laboral potosino sustrayendo recursos millonarios de la cuenta del municipio de Valles. Se&nbsp; advirti\u00f3 que&nbsp; ser\u00eda&nbsp; investigada&nbsp; esa&nbsp; conducta y dicho funcionario llego hasta&nbsp; ser&nbsp; diputado local. No pasa nada.<\/p>\n\n\n\n<p>+++++++++++++<\/p>\n\n\n\n<p>&nbsp;\u201cFINCA&nbsp; SAN ISIDRO\u201d<\/p>\n\n\n\n<h2 class=\"wp-block-heading\">Sal\u00f3n para fiestas de todo tipo.<\/h2>\n\n\n\n<h2 class=\"wp-block-heading\">Carretera Valles \u2013 R\u00edo Verde Km.8<\/h2>\n\n\n\n<h2 class=\"wp-block-heading\">Contrataciones al Tel. 01 481<\/h2>\n\n\n\n<p>++++<\/p>\n\n\n\n<p>EL VERDE&nbsp;&nbsp; ARRASA EN&nbsp;&nbsp; RECLUTAMUENTO DE MILITANCIA.<\/p>\n\n\n\n<p>&#8211; Sera una lucha&nbsp; por&nbsp; el voto que&nbsp; ser\u00e1 libre y secreto<\/p>\n\n\n\n<p>Es&nbsp;&nbsp; cierto, el VERDE&nbsp; lleva&nbsp; mucha delantera&nbsp; de pre campa\u00f1a&nbsp; rumbo&nbsp; a las elecciones&nbsp; del 2027 a todos los partidos juntos&nbsp; que&nbsp; abrigan esperanzas&nbsp; en participar en&nbsp; el evento&nbsp; por la sucesi\u00f3n del ejecutivo estatal, Morena&nbsp; seria&nbsp;&nbsp; el partido &nbsp;que pudiera&nbsp; hacer frente al oficialista VERDE, salvo que ocurriera&nbsp; alguna situaci\u00f3n inesperada lograr\u00eda &nbsp;posicionarse&nbsp; como el indicado, esta&nbsp; suerte&nbsp; esta&nbsp; echada&nbsp;&nbsp;&nbsp; desde&nbsp; la&nbsp; alta&nbsp; nomenclatura<\/p>\n\n\n\n<p>La&nbsp; apertura&nbsp; de las&nbsp; hostilidades&nbsp; pol\u00edticas&nbsp; no tienen fecha definida aun, todo lo que&nbsp; hagan los partidos sin excepci\u00f3n podr\u00e1\u00b4 ser usado en su contra&nbsp; en base&nbsp; a la&nbsp; Ley&nbsp;&nbsp; electoral, esto hace&nbsp; suponer&nbsp; que&nbsp; el VERDE incurre en&nbsp; violaciones que&nbsp; afectar\u00edan el ritmo ascendente&nbsp; registrado a la fecha a&nbsp; base de convertir a alcaldes&nbsp; de los municipios en promotores del&nbsp; verde&nbsp; rumbo a las elecciones. As\u00ed por la&nbsp; buena, quien n\u00f3.<\/p>\n\n\n\n<p>Y para&nbsp; que&nbsp; no haya duda, algo nunca&nbsp; visto ni practicado en el estado entre los partidos pol\u00edticos&nbsp;&nbsp; registrados, la presidenta estatal del DIF&nbsp; y Senadora, personalmente recorre&nbsp; todos los municipios del estado donde&nbsp; toma la protesta a los directivos de los comit\u00e9s municipales del VERDE. &nbsp;Los directivos del partido en el poder simplemente&nbsp; son espectadores. Cero a la izquierda.<\/p>\n\n\n\n<p>++++++++++++++++<\/p>\n\n\n\n<p>AEROPURTO DE LA HUASTECA Y SUPER CARRETERA VALES TAMPCO CONFIMADO<\/p>\n\n\n\n<p>\u2022 La Huasteca recibir\u00e1 aviones comerciales<\/p>\n\n\n\n<p>nacionales y extranjeros<\/p>\n\n\n\n<p>Durante&nbsp; una&nbsp; gira de trabajo de a Presidenta de la Republica&nbsp; por el sureste del pa\u00eds, confirm\u00f3 las&nbsp; dos&nbsp; magnas&nbsp; obras&nbsp; de su gobierno; la&nbsp; ampliaci\u00f3n del&nbsp; aeropuerto de Tamuin y la continuaci\u00f3n de la s\u00faper&nbsp; carretera&nbsp; Valles Tampico&nbsp; para detonar la conectividad, el turismo y la econom\u00eda de la Huasteca potosina<\/p>\n\n\n\n<p>Con la ampliaci\u00f3n del aeropuerto se consolidar\u00e1 a la regi\u00f3n como un destino competitivo, \u201catrayendo inversi\u00f3n y mayor flujo tur\u00edstico,&nbsp; comercio y&nbsp; agricultura<\/p>\n\n\n\n<p>Poe&nbsp; su parte&nbsp; el director del aeropuerto en Tamuin David G\u00f3mez \u00c1lvarez, explic\u00f3 que la remodelaci\u00f3n integral incluye la terminal a\u00e9rea y la extensi\u00f3n de la pista actual de mil 470 metros a dos mil 550 metros de longitud y 45 metros de ancho, que permitir\u00e1 la operaci\u00f3n de aeronaves de mayor tama\u00f1o, abriendo las puertas para que aerol\u00edneas nacionales e internacionales establezcan rutas hacia la regi\u00f3n.<\/p>\n\n\n\n<p>El proyecto contempla la anexi\u00f3n de tres predios aleda\u00f1os, con una extensi\u00f3n de 101 hect\u00e1reas, que se sumar\u00e1n a las 256 ya existentes. De esta forma, el aeropuerto cumplir\u00e1 con los est\u00e1ndares internacionales en materia de funcionalidad y regulaci\u00f3n.<\/p>\n\n\n\n<p>++++++++++++++++++++++<\/p>\n\n\n\n<p>CAF\u00c9 Y RESTAURANT&nbsp; EL FAROLITO<\/p>\n\n\n\n<p>Lo mejor de la cocina Huasteca; el tradicional zacahuil y cazueladas . Atendemos toda clase de&nbsp; festejos. Pedidos al Tel&nbsp; 3821017 Ciudad Valles SLP<\/p>\n\n\n\n<p>+++++++++++++<\/p>\n\n\n\n<p>D E&nbsp; V O LA D A.-<\/p>\n\n\n\n<p>(tomado de&nbsp; redes&nbsp; sociales)<\/p>\n\n\n\n<p>PARA&nbsp;&nbsp; ECABAR CON&nbsp; ABUSOS&nbsp; DE TAXISTAS\u2026..La Administraci\u00f3n Nacional de Seguridad del Tr\u00e1fico en las Carreteras est\u00e1 investigando varios incidentes viales relacionados con los robotaxis de Tesla que comenzaron a prestar servicio en <a href=\"https:\/\/www.facebook.com\/hashtag\/austin?__eep__=6&amp;__cft__%5b0%5d=AZVwA2ax7lahLmzKJG14Igws8wK7wpOdZQFHmu_LNM9qj3EOFyReAI7stfAtg70yYLvKz5qFQblIAAo_H6dMDyBkQw3IFv2yiXO71uNInmcc8NNQMP2ICM5eOA7bKljxSq6Jfx5ZvALm5PRgfynYQBKufSQej7ZzUlsXS-fXTfXOOi6NFBAgHCw8FGaO1UemF_qDfQQV8S3NmULVRQoBs-dgl6olDTyfa6MUVOjj4v5PAe3Z-XYt7Zm8stGeXYHcTjo&amp;__tn__=*NK-y-R\">#Austin<\/a>, Texas.<\/p>\n\n\n\n<p>En un v\u00eddeo, el usuario Rob Maurer comparte su primer viaje a bordo de un robotaxi de <a href=\"https:\/\/www.facebook.com\/hashtag\/tesla?__eep__=6&amp;__cft__%5b0%5d=AZVwA2ax7lahLmzKJG14Igws8wK7wpOdZQFHmu_LNM9qj3EOFyReAI7stfAtg70yYLvKz5qFQblIAAo_H6dMDyBkQw3IFv2yiXO71uNInmcc8NNQMP2ICM5eOA7bKljxSq6Jfx5ZvALm5PRgfynYQBKufSQej7ZzUlsXS-fXTfXOOi6NFBAgHCw8FGaO1UemF_qDfQQV8S3NmULVRQoBs-dgl6olDTyfa6MUVOjj4v5PAe3Z-XYt7Zm8stGeXYHcTjo&amp;__tn__=*NK-y-R\">#Tesla<\/a> y se puede observar el momento en el que el veh\u00edculo tiene un comportamiento err\u00e1tico y termina por circular en un carril contrario&#8230;<\/p>\n\n\n\n<p><a href=\"mailto:davidfloresg_43@hotmail.com\">davidfloresg_43@hotmail.com<\/a><\/p>\n\n\n\n<p>+++++++++++++++<\/p>\n","protected":false},"excerpt":{"rendered":"<p>LA TORTILLA&nbsp; Y LA SOBERANIA NACIONAL. &nbsp;El campesino ya no siembra ma\u00edz, compra&nbsp; \u201cmaseca\u201d &#8211; Amas de casa&nbsp; prefieren tortilla industrial o pan bimbo. En la regi\u00f3n Huasteca&nbsp; la&nbsp; agricultura es letra muerta, los&nbsp; campos&nbsp; que&nbsp; all\u00e1 por la primera mitad del siglo pasado eran &hellip; <\/p>\n","protected":false},"author":1,"featured_media":107005,"comment_status":"open","ping_status":"open","sticky":false,"template":"","format":"standard","meta":{"footnotes":""},"categories":[17],"tags":[],"class_list":["post-107491","post","type-post","status-publish","format-standard","has-post-thumbnail","hentry","category-colaboraciones"],"_links":{"self":[{"href":"https:\/\/amanecerhuasteco.com\/portal\/wp-json\/wp\/v2\/posts\/107491","targetHints":{"allow":["GET"]}}],"collection":[{"href":"https:\/\/amanecerhuasteco.com\/portal\/wp-json\/wp\/v2\/posts"}],"about":[{"href":"https:\/\/amanecerhuasteco.com\/portal\/wp-json\/wp\/v2\/types\/post"}],"author":[{"embeddable":true,"href":"https:\/\/amanecerhuasteco.com\/portal\/wp-json\/wp\/v2\/users\/1"}],"replies":[{"embeddable":true,"href":"https:\/\/amanecerhuasteco.com\/portal\/wp-json\/wp\/v2\/comments?post=107491"}],"version-history":[{"count":1,"href":"https:\/\/amanecerhuasteco.com\/portal\/wp-json\/wp\/v2\/posts\/107491\/revisions"}],"predecessor-version":[{"id":107492,"href":"https:\/\/amanecerhuasteco.com\/portal\/wp-json\/wp\/v2\/posts\/107491\/revisions\/107492"}],"wp:featuredmedia":[{"embeddable":true,"href":"https:\/\/amanecerhuasteco.com\/portal\/wp-json\/wp\/v2\/media\/107005"}],"wp:attachment":[{"href":"https:\/\/amanecerhuasteco.com\/portal\/wp-json\/wp\/v2\/media?parent=107491"}],"wp:term":[{"taxonomy":"category","embeddable":true,"href":"https:\/\/amanecerhuasteco.com\/portal\/wp-json\/wp\/v2\/categories?post=107491"},{"taxonomy":"post_tag","embeddable":true,"href":"https:\/\/amanecerhuasteco.com\/portal\/wp-json\/wp\/v2\/tags?post=107491"}],"curies":[{"name":"wp","href":"https:\/\/api.w.org\/{rel}","templated":true}]}}