{"id":107701,"date":"2025-08-26T08:24:03","date_gmt":"2025-08-26T14:24:03","guid":{"rendered":"https:\/\/amanecerhuasteco.com\/portal\/?p=107701"},"modified":"2025-08-27T07:08:32","modified_gmt":"2025-08-27T13:08:32","slug":"gobierno-fortalece-emprendimientos-de-personas-artesanas","status":"publish","type":"post","link":"https:\/\/amanecerhuasteco.com\/portal\/gobierno-fortalece-emprendimientos-de-personas-artesanas\/","title":{"rendered":"Gobierno fortalece emprendimientos de personas artesanas"},"content":{"rendered":"\n<p><br>\u2022 La Sedeco organiza la charla \u00abArr\u00e1ncate con lo que tienes\u00bb, con lo que se fortalecen las herramientas para transformar la tradici\u00f3n en negocios sostenibles.<\/p>\n\n\n\n<p>La Secretar\u00eda de Desarrollo Econ\u00f3mico (Sedeco) y la Secretar\u00eda T\u00e9cnica, realizaron en el Pabell\u00f3n Artesanal de la Feria Nacional Potosina (Fenapo) edici\u00f3n 2025 la charla \u201cArr\u00e1ncate con lo que tienes\u201d, impartida por Jonathan Zorrilla, especialista en emprendimiento, innovaci\u00f3n y desarrollo de negocios.<br>Como parte de las actividades para promover sin l\u00edmites a las personas artesanas por parte del Gobernador Ricardo Gallardo Cardona, durante la jornada, se brindaron herramientas para convertir el talento en proyectos productivos, fortaleciendo sus capacidades de gesti\u00f3n, promoci\u00f3n y acceso a mercados, para impulsar su desarrollo, sin dejar de lado la riqueza cultural y tradicional de su labor.<\/p>\n","protected":false},"excerpt":{"rendered":"<p>\u2022 La Sedeco organiza la charla \u00abArr\u00e1ncate con lo que tienes\u00bb, con lo que se fortalecen las herramientas para transformar la tradici\u00f3n en negocios sostenibles. La Secretar\u00eda de Desarrollo Econ\u00f3mico (Sedeco) y la Secretar\u00eda T\u00e9cnica, realizaron en el Pabell\u00f3n Artesanal de la Feria Nacional Potosina &hellip; <\/p>\n","protected":false},"author":1,"featured_media":107702,"comment_status":"open","ping_status":"open","sticky":false,"template":"","format":"standard","meta":{"footnotes":""},"categories":[92,91,25,89,82,14,87,86,67,7,78,62,15,4,73,44,26,74,10,12,60,30,31,59,42,21,53,69,85,20,57,43,32],"tags":[],"class_list":["post-107701","post","type-post","status-publish","format-standard","has-post-thumbnail","hentry","category-ahualulco","category-alaquines","category-aquismon","category-armadillo","category-axtla","category-caneros","category-cardenas","category-cedral","category-charcas","category-ciudad","category-ciudad-del-maiz","category-ciudad-fernandez","category-ganaderos","category-inicio","category-lagunillas","category-matehuala","category-matlapa","category-mexquitic","category-municipios","category-nacional","category-rayon","category-rioverde","category-sanluispotosi","category-santa-catarina","category-soledad","category-tamasopo","category-tamazunchale","category-tampacan","category-tampamolon","category-tamuin","category-tanlajas","category-villa-de-reyes","category-xilitla"],"_links":{"self":[{"href":"https:\/\/amanecerhuasteco.com\/portal\/wp-json\/wp\/v2\/posts\/107701","targetHints":{"allow":["GET"]}}],"collection":[{"href":"https:\/\/amanecerhuasteco.com\/portal\/wp-json\/wp\/v2\/posts"}],"about":[{"href":"https:\/\/amanecerhuasteco.com\/portal\/wp-json\/wp\/v2\/types\/post"}],"author":[{"embeddable":true,"href":"https:\/\/amanecerhuasteco.com\/portal\/wp-json\/wp\/v2\/users\/1"}],"replies":[{"embeddable":true,"href":"https:\/\/amanecerhuasteco.com\/portal\/wp-json\/wp\/v2\/comments?post=107701"}],"version-history":[{"count":1,"href":"https:\/\/amanecerhuasteco.com\/portal\/wp-json\/wp\/v2\/posts\/107701\/revisions"}],"predecessor-version":[{"id":107703,"href":"https:\/\/amanecerhuasteco.com\/portal\/wp-json\/wp\/v2\/posts\/107701\/revisions\/107703"}],"wp:featuredmedia":[{"embeddable":true,"href":"https:\/\/amanecerhuasteco.com\/portal\/wp-json\/wp\/v2\/media\/107702"}],"wp:attachment":[{"href":"https:\/\/amanecerhuasteco.com\/portal\/wp-json\/wp\/v2\/media?parent=107701"}],"wp:term":[{"taxonomy":"category","embeddable":true,"href":"https:\/\/amanecerhuasteco.com\/portal\/wp-json\/wp\/v2\/categories?post=107701"},{"taxonomy":"post_tag","embeddable":true,"href":"https:\/\/amanecerhuasteco.com\/portal\/wp-json\/wp\/v2\/tags?post=107701"}],"curies":[{"name":"wp","href":"https:\/\/api.w.org\/{rel}","templated":true}]}}