{"id":107790,"date":"2025-08-30T11:04:43","date_gmt":"2025-08-30T17:04:43","guid":{"rendered":"https:\/\/amanecerhuasteco.com\/portal\/?p=107790"},"modified":"2025-08-30T11:04:45","modified_gmt":"2025-08-30T17:04:45","slug":"temazcalli-brinda-mas-de-dos-mil-atenciones-en-la-fenapo-2025","status":"publish","type":"post","link":"https:\/\/amanecerhuasteco.com\/portal\/temazcalli-brinda-mas-de-dos-mil-atenciones-en-la-fenapo-2025\/","title":{"rendered":"Temazcalli brinda m\u00e1s de dos mil atenciones en la FENAPO 2025"},"content":{"rendered":"\n<ul class=\"wp-block-list\">\n<li>Combinando diversi\u00f3n, aprendizaje y sensibilizaci\u00f3n para las familias potosinas, en dos semanas de Feria se han brindado dos mil 290 atenciones.<\/li>\n<\/ul>\n\n\n\n<p>Durante las dos primeras semanas de la Feria Nacional Potosina (Fenapo) 2025, el Instituto Temazcalli otorg\u00f3 dos mil 290 atenciones en su stand interactivo, donde ni\u00f1as, ni\u00f1os, adolescentes y adultos participaron en actividades l\u00fadicas enfocadas en la salud mental y prevenci\u00f3n de adicciones. Este espacio se ha consolidado como uno de los m\u00e1s visitados por las familias potosinas.<br>Ren\u00e9 Contreras Flores, titular del Instituto, dijo que bajo la visi\u00f3n del Gobernador Ricardo Gallardo Cardona, Temazcalli contin\u00faa promoviendo el bienestar familiar con estrategias de prevenci\u00f3n accesibles, humanas y efectivas.<\/p>\n","protected":false},"excerpt":{"rendered":"<p>Durante las dos primeras semanas de la Feria Nacional Potosina (Fenapo) 2025, el Instituto Temazcalli otorg\u00f3 dos mil 290 atenciones en su stand interactivo, donde ni\u00f1as, ni\u00f1os, adolescentes y adultos participaron en actividades l\u00fadicas enfocadas en la salud mental y prevenci\u00f3n de adicciones. Este espacio &hellip; <\/p>\n","protected":false},"author":1,"featured_media":107791,"comment_status":"open","ping_status":"open","sticky":false,"template":"","format":"standard","meta":{"footnotes":""},"categories":[92,91,25,89,82,87,86,67,7,78,62,56,11,55,16,4,73,44,26,74,10,12,6,60,66,71,30,70,31,80,24,59,42,53,57,43,32],"tags":[],"class_list":["post-107790","post","type-post","status-publish","format-standard","has-post-thumbnail","hentry","category-ahualulco","category-alaquines","category-aquismon","category-armadillo","category-axtla","category-cardenas","category-cedral","category-charcas","category-ciudad","category-ciudad-del-maiz","category-ciudad-fernandez","category-el-naranjo","category-estado","category-guadalcazar","category-ingenios","category-inicio","category-lagunillas","category-matehuala","category-matlapa","category-mexquitic","category-municipios","category-nacional","category-noticias","category-rayon","category-rayon-2","category-real-de-catorce","category-rioverde","category-san-ciro","category-sanluispotosi","category-san-martin","category-san-vicente","category-santa-catarina","category-soledad","category-tamazunchale","category-tanlajas","category-villa-de-reyes","category-xilitla"],"_links":{"self":[{"href":"https:\/\/amanecerhuasteco.com\/portal\/wp-json\/wp\/v2\/posts\/107790","targetHints":{"allow":["GET"]}}],"collection":[{"href":"https:\/\/amanecerhuasteco.com\/portal\/wp-json\/wp\/v2\/posts"}],"about":[{"href":"https:\/\/amanecerhuasteco.com\/portal\/wp-json\/wp\/v2\/types\/post"}],"author":[{"embeddable":true,"href":"https:\/\/amanecerhuasteco.com\/portal\/wp-json\/wp\/v2\/users\/1"}],"replies":[{"embeddable":true,"href":"https:\/\/amanecerhuasteco.com\/portal\/wp-json\/wp\/v2\/comments?post=107790"}],"version-history":[{"count":1,"href":"https:\/\/amanecerhuasteco.com\/portal\/wp-json\/wp\/v2\/posts\/107790\/revisions"}],"predecessor-version":[{"id":107792,"href":"https:\/\/amanecerhuasteco.com\/portal\/wp-json\/wp\/v2\/posts\/107790\/revisions\/107792"}],"wp:featuredmedia":[{"embeddable":true,"href":"https:\/\/amanecerhuasteco.com\/portal\/wp-json\/wp\/v2\/media\/107791"}],"wp:attachment":[{"href":"https:\/\/amanecerhuasteco.com\/portal\/wp-json\/wp\/v2\/media?parent=107790"}],"wp:term":[{"taxonomy":"category","embeddable":true,"href":"https:\/\/amanecerhuasteco.com\/portal\/wp-json\/wp\/v2\/categories?post=107790"},{"taxonomy":"post_tag","embeddable":true,"href":"https:\/\/amanecerhuasteco.com\/portal\/wp-json\/wp\/v2\/tags?post=107790"}],"curies":[{"name":"wp","href":"https:\/\/api.w.org\/{rel}","templated":true}]}}