{"id":107870,"date":"2025-09-02T07:42:16","date_gmt":"2025-09-02T13:42:16","guid":{"rendered":"https:\/\/amanecerhuasteco.com\/portal\/?p=107870"},"modified":"2025-09-03T14:04:17","modified_gmt":"2025-09-03T20:04:17","slug":"regreso-a-clases-sin-limites-en-slp","status":"publish","type":"post","link":"https:\/\/amanecerhuasteco.com\/portal\/regreso-a-clases-sin-limites-en-slp\/","title":{"rendered":"Regreso a clases sin l\u00edmites en SLP"},"content":{"rendered":"\n<ul class=\"wp-block-list\">\n<li>M\u00e1s de 86 mil estudiantes y siete mil docentes de educaci\u00f3n b\u00e1sica del SEER inician el ciclo escolar 2025-2026 con impulso Estatal.<\/li>\n<\/ul>\n\n\n\n<p>M\u00e1s de 86 mil alumnos y m\u00e1s de siete mil docentes de educaci\u00f3n b\u00e1sica del Sistema Educativo Estatal Regular (SEER) comenzaron el ciclo escolar 2025-2026 en San Luis Potos\u00ed. La ceremonia inaugural se realiz\u00f3 en el Auditorio Miguel Barrag\u00e1n, contando con la presencia de autoridades estatales, municipales y educativas, as\u00ed como m\u00e1s de tres mil 500 estudiantes del SEER.<br>En representaci\u00f3n del Gobernador Ricardo Gallardo Cardona, el titular de la SEGE, Juan Carlos Torres Cedillo, dio el banderazo de salida al nuevo ciclo escolar, subrayando la prioridad del Gobierno del Estado por consolidar una educaci\u00f3n de calidad y accesible para todos.<br>El director del SEER, Mart\u00edn Rodr\u00edguez Ram\u00edrez, destac\u00f3 los beneficios que fortalecen la educaci\u00f3n potosina, como las p\u00f3lizas de apoyo Seguro al Estudiante, la entrega de paquetes escolares completos y la construcci\u00f3n y remodelaci\u00f3n de centros educativos, reafirmando as\u00ed el compromiso de ofrecer una educaci\u00f3n sin l\u00edmites para la ni\u00f1ez y juventud del Estado.<\/p>\n","protected":false},"excerpt":{"rendered":"<p>M\u00e1s de 86 mil alumnos y m\u00e1s de siete mil docentes de educaci\u00f3n b\u00e1sica del Sistema Educativo Estatal Regular (SEER) comenzaron el ciclo escolar 2025-2026 en San Luis Potos\u00ed. La ceremonia inaugural se realiz\u00f3 en el Auditorio Miguel Barrag\u00e1n, contando con la presencia de autoridades &hellip; <\/p>\n","protected":false},"author":1,"featured_media":107871,"comment_status":"open","ping_status":"open","sticky":false,"template":"","format":"standard","meta":{"footnotes":""},"categories":[13,92,91,25,89,82,14,87,86,67,7,78,62,56,55,4,73,44,26,74,10,12,60,71,30,70,31,80,24,59,42,21,53,88,69,57,43,32],"tags":[],"class_list":["post-107870","post","type-post","status-publish","format-standard","has-post-thumbnail","hentry","category-agropecuaria","category-ahualulco","category-alaquines","category-aquismon","category-armadillo","category-axtla","category-caneros","category-cardenas","category-cedral","category-charcas","category-ciudad","category-ciudad-del-maiz","category-ciudad-fernandez","category-el-naranjo","category-guadalcazar","category-inicio","category-lagunillas","category-matehuala","category-matlapa","category-mexquitic","category-municipios","category-nacional","category-rayon","category-real-de-catorce","category-rioverde","category-san-ciro","category-sanluispotosi","category-san-martin","category-san-vicente","category-santa-catarina","category-soledad","category-tamasopo","category-tamazunchale","category-tamazunchale-2","category-tampacan","category-tanlajas","category-villa-de-reyes","category-xilitla"],"_links":{"self":[{"href":"https:\/\/amanecerhuasteco.com\/portal\/wp-json\/wp\/v2\/posts\/107870","targetHints":{"allow":["GET"]}}],"collection":[{"href":"https:\/\/amanecerhuasteco.com\/portal\/wp-json\/wp\/v2\/posts"}],"about":[{"href":"https:\/\/amanecerhuasteco.com\/portal\/wp-json\/wp\/v2\/types\/post"}],"author":[{"embeddable":true,"href":"https:\/\/amanecerhuasteco.com\/portal\/wp-json\/wp\/v2\/users\/1"}],"replies":[{"embeddable":true,"href":"https:\/\/amanecerhuasteco.com\/portal\/wp-json\/wp\/v2\/comments?post=107870"}],"version-history":[{"count":1,"href":"https:\/\/amanecerhuasteco.com\/portal\/wp-json\/wp\/v2\/posts\/107870\/revisions"}],"predecessor-version":[{"id":107872,"href":"https:\/\/amanecerhuasteco.com\/portal\/wp-json\/wp\/v2\/posts\/107870\/revisions\/107872"}],"wp:featuredmedia":[{"embeddable":true,"href":"https:\/\/amanecerhuasteco.com\/portal\/wp-json\/wp\/v2\/media\/107871"}],"wp:attachment":[{"href":"https:\/\/amanecerhuasteco.com\/portal\/wp-json\/wp\/v2\/media?parent=107870"}],"wp:term":[{"taxonomy":"category","embeddable":true,"href":"https:\/\/amanecerhuasteco.com\/portal\/wp-json\/wp\/v2\/categories?post=107870"},{"taxonomy":"post_tag","embeddable":true,"href":"https:\/\/amanecerhuasteco.com\/portal\/wp-json\/wp\/v2\/tags?post=107870"}],"curies":[{"name":"wp","href":"https:\/\/api.w.org\/{rel}","templated":true}]}}